{"id":1009,"date":"2023-01-24T12:22:57","date_gmt":"2023-01-24T11:22:57","guid":{"rendered":"https:\/\/wirinsulaner.de\/?p=1009"},"modified":"2023-01-24T12:23:52","modified_gmt":"2023-01-24T11:23:52","slug":"kirchengemeinderaete-auf-der-insel-eingefuehrt","status":"publish","type":"post","link":"https:\/\/wirinsulaner.de\/?p=1009","title":{"rendered":"Kirchengemeinder\u00e4te auf der Insel eingef\u00fchrt"},"content":{"rendered":"\n[et_pb_section fb_built=&#8220;1&#8243; theme_builder_area=&#8220;post_content&#8220; _builder_version=&#8220;4.19.4&#8243; _module_preset=&#8220;default&#8220;][et_pb_row _builder_version=&#8220;4.19.4&#8243; _module_preset=&#8220;default&#8220; theme_builder_area=&#8220;post_content&#8220;][et_pb_column _builder_version=&#8220;4.19.4&#8243; _module_preset=&#8220;default&#8220; type=&#8220;4_4&#8243; theme_builder_area=&#8220;post_content&#8220;][et_pb_image src=&#8220;https:\/\/wirinsulaner.de\/wp-content\/uploads\/2023\/01\/20230115_112815.jpg&#8220; _builder_version=&#8220;4.19.4&#8243; _module_preset=&#8220;default&#8220; theme_builder_area=&#8220;post_content&#8220; title_text=&#8220;20230115_112815&#8243; hover_enabled=&#8220;0&#8243; sticky_enabled=&#8220;0&#8243;][\/et_pb_image][et_pb_text _builder_version=&#8220;4.19.4&#8243; _module_preset=&#8220;default&#8220; theme_builder_area=&#8220;post_content&#8220; hover_enabled=&#8220;0&#8243; sticky_enabled=&#8220;0&#8243; custom_padding=&#8220;||4px|||&#8220;]<p><em>Einf\u00fchrung des neuen Kirchenvorstands in St. Nicolai\u00a0 Foto: Konstanze Bunzel<\/em><\/p>\n<p><strong><em>Sie wurden f\u00fcr sechs Jahre neu gew\u00e4hlt:<\/em><\/strong><\/p>\n<h1>Kirchengemeinder\u00e4te auf der Insel eingef\u00fchrt<\/h1>\n<p>\u00bbAn ihren Taten sollt Ihr sie erkennen!\u00ab (1. Johannes 2, 1-6). Am 1. Advent wurden in den drei F\u00f6hrer evangelischen Gemeinden neue Kirchengemeindevorst\u00e4nde gew\u00e4hlt. Diese wurden nun feierlich in ihre \u00c4mter eingef\u00fchrt. Gemeinsam beraten sie mit den Pastoren die Rahmenbedingungen und die Entwicklung der jeweiligen Kirchengemeinden. In diesem Verwaltungs- und Entscheidungsgremium werden vielen wichtige Beschl\u00fcsse getroffen. Hierzu werden in Aussch\u00fcssen kompetente Vorarbeiten geleistet. Ob es um die Friedh\u00f6fe geht, um Renovierungen oder Neubauten, die Kirchenmusik, die Gottesdienste, Personal, Finanzen oder \u00d6ffentlichkeitsarbeit: Jeder der Gew\u00e4hlten bringt individuelle St\u00e4rken, F\u00e4higkeiten und Erfahrungen mit, die die Gemeindeleitung mit all ihren Projekten und Aufgaben erst durchf\u00fchrbar machen.<br \/>Am 15. Januar f\u00fchrte Pastor Frank Menke in St. Nicolai den neuen Kirchengemeinderat (KGR) in sein Amt ein. Zuvor bedankte er sich bei den scheidenden Kirchen\u00e4ltesten. Sie h\u00e4tten viel bewegt, viel angepackt, h\u00e4tten Helligkeit ins Dunkel gebracht. Trotz der Corona-Pandemie mit all ihren Reglementierungen habe man sich nie aus den Augen verloren. F\u00fcr den neuen KGR hie\u00dfe es nun, den richtigen Zugang zu finden und Angefangenes fortzusetzen. Es sei nicht immer einfach, barmherzig, gn\u00e4dig und g\u00fctig zu sein. <br \/>\u00bbVertraut den neuen Wegen, auf die der Herr uns weist\u00ab (EG 395) sangen die Besucher des Boldixumer Gottesdienst aufmunternd. In den kommenden sechs Jahren hei\u00dft es f\u00fcr die Gew\u00e4hlten, die Traditionen und Werte zu achten, gleichzeitig das Anvertraute zu bebauen und zu bewahren sowie das Leben in der Kirchengemeinde zeitgem\u00e4\u00df und attraktiv zu gestalten.<\/p>\n<p>In St. Nicolai in Boldixum wurden gew\u00e4hlt (auf Foto von links): Andreas Hansen, Annelene Gaffron, Ute Borowski, S\u00f6nke P. Weinbrandt, Anette Hansen, Monika Reincke, Ilke Engeland, Rupert Schreilechner und Klaus Petersen (nicht auf Foto).<\/p>\n<p>In St. Johannis in Nieblum fiel die Wahl auf: Heidi Martens (Oevenum), G\u00f6ntje Braren (Alkersum), Gerret Nickelsen (Alkersum), Britta W\u00f6gens (Nieblum), Jan Nahmen Ketelsen (Alkersum), Brar Braren (Alkersum), Uta Marienfeld (Borgsum), Steffen Puschmann (Nieblum) und Ocke Ketels (Nieblum). <br \/>In St. Laurentii in S\u00fcderende sind es: Silke Ketels (Toftum), Erk W\u00f6gens (Utersum), Dierk Ketelsen (Oldsum), Niels Riewerts (S\u00fcderende) und Marret Hinrichsen (Dunsum).<\/p>[\/et_pb_text][\/et_pb_column][\/et_pb_row][\/et_pb_section]\n","protected":false},"excerpt":{"rendered":"<p>Einf\u00fchrung des neuen Kirchenvorstands in St. Nicolai\u00a0 Foto: Konstanze Bunzel Sie wurden f\u00fcr sechs Jahre neu gew\u00e4hlt: Kirchengemeinder\u00e4te auf der Insel eingef\u00fchrt \u00bbAn ihren Taten sollt Ihr sie erkennen!\u00ab (1. Johannes 2, 1-6). Am 1. Advent wurden in den drei F\u00f6hrer evangelischen Gemeinden neue Kirchengemeindevorst\u00e4nde gew\u00e4hlt. Diese wurden nun feierlich in ihre \u00c4mter eingef\u00fchrt. Gemeinsam [&hellip;]<\/p>\n","protected":false},"author":3,"featured_media":993,"comment_status":"closed","ping_status":"open","sticky":false,"template":"","format":"standard","meta":{"_et_pb_use_builder":"on","_et_pb_old_content":"","_et_gb_content_width":"","footnotes":""},"categories":[27,16,15],"tags":[],"class_list":["post-1009","post","type-post","status-publish","format-standard","has-post-thumbnail","hentry","category-boldixum","category-nachrichten","category-nieblum"],"_links":{"self":[{"href":"https:\/\/wirinsulaner.de\/index.php?rest_route=\/wp\/v2\/posts\/1009","targetHints":{"allow":["GET"]}}],"collection":[{"href":"https:\/\/wirinsulaner.de\/index.php?rest_route=\/wp\/v2\/posts"}],"about":[{"href":"https:\/\/wirinsulaner.de\/index.php?rest_route=\/wp\/v2\/types\/post"}],"author":[{"embeddable":true,"href":"https:\/\/wirinsulaner.de\/index.php?rest_route=\/wp\/v2\/users\/3"}],"replies":[{"embeddable":true,"href":"https:\/\/wirinsulaner.de\/index.php?rest_route=%2Fwp%2Fv2%2Fcomments&post=1009"}],"version-history":[{"count":4,"href":"https:\/\/wirinsulaner.de\/index.php?rest_route=\/wp\/v2\/posts\/1009\/revisions"}],"predecessor-version":[{"id":1013,"href":"https:\/\/wirinsulaner.de\/index.php?rest_route=\/wp\/v2\/posts\/1009\/revisions\/1013"}],"wp:featuredmedia":[{"embeddable":true,"href":"https:\/\/wirinsulaner.de\/index.php?rest_route=\/wp\/v2\/media\/993"}],"wp:attachment":[{"href":"https:\/\/wirinsulaner.de\/index.php?rest_route=%2Fwp%2Fv2%2Fmedia&parent=1009"}],"wp:term":[{"taxonomy":"category","embeddable":true,"href":"https:\/\/wirinsulaner.de\/index.php?rest_route=%2Fwp%2Fv2%2Fcategories&post=1009"},{"taxonomy":"post_tag","embeddable":true,"href":"https:\/\/wirinsulaner.de\/index.php?rest_route=%2Fwp%2Fv2%2Ftags&post=1009"}],"curies":[{"name":"wp","href":"https:\/\/api.w.org\/{rel}","templated":true}]}}