{"id":1014,"date":"2023-01-24T15:00:31","date_gmt":"2023-01-24T14:00:31","guid":{"rendered":"https:\/\/wirinsulaner.de\/?p=1014"},"modified":"2023-01-24T15:00:32","modified_gmt":"2023-01-24T14:00:32","slug":"unfoehrgettable-feiert-30-jaehiges-jubilaeum","status":"publish","type":"post","link":"https:\/\/wirinsulaner.de\/?p=1014","title":{"rendered":"UnF\u00d6HRgettable feiert 30-j\u00e4higes Jubil\u00e4um"},"content":{"rendered":"<p>[et_pb_section fb_built=&#8220;1&#8243; theme_builder_area=&#8220;post_content&#8220; _builder_version=&#8220;4.19.4&#8243; _module_preset=&#8220;default&#8220;][et_pb_row _builder_version=&#8220;4.19.4&#8243; _module_preset=&#8220;default&#8220; theme_builder_area=&#8220;post_content&#8220;][et_pb_column _builder_version=&#8220;4.19.4&#8243; _module_preset=&#8220;default&#8220; type=&#8220;4_4&#8243; theme_builder_area=&#8220;post_content&#8220;][et_pb_image src=&#8220;https:\/\/wirinsulaner.de\/wp-content\/uploads\/2023\/01\/20221210_170320x.jpg&#8220; _builder_version=&#8220;4.19.4&#8243; _module_preset=&#8220;default&#8220; theme_builder_area=&#8220;post_content&#8220; title_text=&#8220;20221210_170320x&#8220; hover_enabled=&#8220;0&#8243; sticky_enabled=&#8220;0&#8243;][\/et_pb_image][et_pb_text _builder_version=&#8220;4.19.4&#8243; _module_preset=&#8220;default&#8220; theme_builder_area=&#8220;post_content&#8220; hover_enabled=&#8220;0&#8243; sticky_enabled=&#8220;0&#8243;]<\/p>\n<p><em>Gro\u00dfes gemeinsames Konzert mit Blankeneser Chor am 4. Februar in Nieblum:<\/em><\/p>\n<h1>UnF\u00d6HRgettable feiert 30-j\u00e4higes Jubil\u00e4um<\/h1>\n<p>\u00bbDas Einzige, was besser ist als Singen, ist noch mehr zu singen\u00ab, sagte einmal Ella Fitzgerald. Ein Ausspruch, den die Mitglieder des Gospelchors UnF\u00d6HRgettable sicherlich best\u00e4tigen werden. In diesem Jahr feiert der gemischte F\u00f6hrer Chor sein 30-j\u00e4hriges Jubil\u00e4um. Eine lange Zeitspanne, in der ein gro\u00dfes Repertoire aufgebaut werden konnte. Von traditionellen Gospels wie \u00bbTake Me To The Water\u00ab, \u00bbAmazing Grace\u00ab oder \u00bbWade In The Water\u00ab \u00fcber ausl\u00e4ndische Volkslieder bis hin zu moderneren Popsongs wie \u00bbTop Of The World\u00ab oder \u00bbImagine\u00ab: Das abwechslungsreiche Programm, in dem gern auch mal Solisten eingebaut werden und die emotionale Darbietung der Singenden, verzaubern regelm\u00e4\u00dfig die Zuh\u00f6rer auf F\u00f6hr.<\/p>\n<p>Es war im Fr\u00fchjahr 1993, als vier bis f\u00fcnf Krankenschwestern auf Pastor J\u00f6rg Wei\u00dfbach zukamen. Sie wollten doch gern singen. Geboren war die Idee und gelegt der Grundstock zum F\u00f6hrer Gospelchor. Bis knapp 2000 leitete Wei\u00dfbach daraufhin den Chor und war selbst auch Pianist. Dann beschloss man, es w\u00e4re besser, Leitung und das Instrument Klavier zu trennen. So wurde Andrea Arfsten, die dem Chor bereits im August oder September 1993 beigetreten war, als Chorleiterin bestimmt. Eine logische Wahl, denn schlie\u00dflich hatte sie Musik auf Lehramt studiert und eine Chorleitungspr\u00fcfung abgelegt. Als Pastor Wei\u00dfbach im Sommer 2016 die Insel in Richtung Stockholm verlie\u00df, entstand zwischenzeitlich ein Vakuum, das Kai Lehmann ein Jahr sp\u00e4ter als neuer Pianist schlie\u00dfen konnte. Heute z\u00e4hlt der Chor etwa 45 Mitglieder. Alle sind Laiens\u00e4nger, die meisten k\u00f6nnen keine Noten lesen. Die \u00e4ltesten sind etwa Mitte 70 \u2013 der J\u00fcngste, Franklin, ist noch nicht einmal konfirmiert.<\/p>\n<p>Einen besonders sch\u00f6nen musikalischen Austausch haben die UnF\u00d6HRgettables mit dem Blankeneser Gospelchor gefunden. Anfang Februar kommt es zum dritten Zusammentreffen beider Ch\u00f6re seit 2019. \u00bbEs stimmt zwischen uns\u00ab, sagt Andrea Arfsten. Diesmal steht ein Besuch in Nieblum an. Angela Weckenmann, Leiterin des Ernst-Schlee-Schullandheims, hat daf\u00fcr gesorgt, dass der Hamburger Chor nicht nur im \u00bbSchlee H\u00fcs\u00ab untergebracht und verpflegt wird, sondern dass dort auch ge\u00fcbt werden kann. Bereits am Freitag, 3. Februar, beginnt ein gemeinsamer Workshop. Die Proben werden dann am Sonnabend fortgesetzt. <br \/>Am Sonnabend, 4. Februar, um 19 Uhr, findet dann der gro\u00dfe gemeinsame Auftritt im Nieblumer Friesendom von St. Johannis statt. Andrea Arfsten hat dabei mit dem Blankeneser Chorleiter Gregor DuBuclet und deren Music Director James Mironchik bereits den Ablauf verabredet: Beide Ch\u00f6re singen drei Lieder allein, bei einem Workshop haben sich die Ch\u00f6re zwei Lieder gegenseitig beigebracht \u2013 und f\u00fcr beide Ch\u00f6re wird es zwei komplett neue Lieder geben. Sicherlich eine sch\u00f6ne Herausforderung f\u00fcr die ge\u00fcbten Ch\u00f6re und ein Ohrenschmaus f\u00fcr alle Zuh\u00f6rer. Wie schon erw\u00e4hnt, was gibt es Besseres als Singen?<\/p>\n<p>[\/et_pb_text][\/et_pb_column][\/et_pb_row][\/et_pb_section]<\/p>\n","protected":false},"excerpt":{"rendered":"<p>Gro\u00dfes gemeinsames Konzert mit Blankeneser Chor am 4. Februar in Nieblum: UnF\u00d6HRgettable feiert 30-j\u00e4higes Jubil\u00e4um \u00bbDas Einzige, was besser ist als Singen, ist noch mehr zu singen\u00ab, sagte einmal Ella Fitzgerald. Ein Ausspruch, den die Mitglieder des Gospelchors UnF\u00d6HRgettable sicherlich best\u00e4tigen werden. In diesem Jahr feiert der gemischte F\u00f6hrer Chor sein 30-j\u00e4hriges Jubil\u00e4um. Eine lange [&hellip;]<\/p>\n","protected":false},"author":3,"featured_media":986,"comment_status":"closed","ping_status":"open","sticky":false,"template":"","format":"standard","meta":{"_et_pb_use_builder":"on","_et_pb_old_content":"","_et_gb_content_width":"","footnotes":""},"categories":[16,15],"tags":[],"class_list":["post-1014","post","type-post","status-publish","format-standard","has-post-thumbnail","hentry","category-nachrichten","category-nieblum"],"_links":{"self":[{"href":"https:\/\/wirinsulaner.de\/index.php?rest_route=\/wp\/v2\/posts\/1014","targetHints":{"allow":["GET"]}}],"collection":[{"href":"https:\/\/wirinsulaner.de\/index.php?rest_route=\/wp\/v2\/posts"}],"about":[{"href":"https:\/\/wirinsulaner.de\/index.php?rest_route=\/wp\/v2\/types\/post"}],"author":[{"embeddable":true,"href":"https:\/\/wirinsulaner.de\/index.php?rest_route=\/wp\/v2\/users\/3"}],"replies":[{"embeddable":true,"href":"https:\/\/wirinsulaner.de\/index.php?rest_route=%2Fwp%2Fv2%2Fcomments&post=1014"}],"version-history":[{"count":2,"href":"https:\/\/wirinsulaner.de\/index.php?rest_route=\/wp\/v2\/posts\/1014\/revisions"}],"predecessor-version":[{"id":1016,"href":"https:\/\/wirinsulaner.de\/index.php?rest_route=\/wp\/v2\/posts\/1014\/revisions\/1016"}],"wp:featuredmedia":[{"embeddable":true,"href":"https:\/\/wirinsulaner.de\/index.php?rest_route=\/wp\/v2\/media\/986"}],"wp:attachment":[{"href":"https:\/\/wirinsulaner.de\/index.php?rest_route=%2Fwp%2Fv2%2Fmedia&parent=1014"}],"wp:term":[{"taxonomy":"category","embeddable":true,"href":"https:\/\/wirinsulaner.de\/index.php?rest_route=%2Fwp%2Fv2%2Fcategories&post=1014"},{"taxonomy":"post_tag","embeddable":true,"href":"https:\/\/wirinsulaner.de\/index.php?rest_route=%2Fwp%2Fv2%2Ftags&post=1014"}],"curies":[{"name":"wp","href":"https:\/\/api.w.org\/{rel}","templated":true}]}}