{"id":1034,"date":"2023-01-24T15:27:00","date_gmt":"2023-01-24T14:27:00","guid":{"rendered":"https:\/\/wirinsulaner.de\/?p=1034"},"modified":"2023-02-07T12:24:54","modified_gmt":"2023-02-07T11:24:54","slug":"nach-zwei-jahren-wieder-eine-praemienmaskerade","status":"publish","type":"post","link":"https:\/\/wirinsulaner.de\/?p=1034","title":{"rendered":"Nach zwei Jahren wieder eine Pr\u00e4mienmaskerade"},"content":{"rendered":"\n[et_pb_section fb_built=&#8220;1&#8243; theme_builder_area=&#8220;post_content&#8220; _builder_version=&#8220;4.19.4&#8243; _module_preset=&#8220;default&#8220;][et_pb_row _builder_version=&#8220;4.19.4&#8243; _module_preset=&#8220;default&#8220; theme_builder_area=&#8220;post_content&#8220;][et_pb_column _builder_version=&#8220;4.19.4&#8243; _module_preset=&#8220;default&#8220; type=&#8220;4_4&#8243; theme_builder_area=&#8220;post_content&#8220;][et_pb_image src=&#8220;https:\/\/wirinsulaner.de\/wp-content\/uploads\/2023\/01\/Maskerade-11.jpg&#8220; _builder_version=&#8220;4.19.4&#8243; _module_preset=&#8220;default&#8220; theme_builder_area=&#8220;post_content&#8220; title_text=&#8220;Maskerade 11&#8243; hover_enabled=&#8220;0&#8243; sticky_enabled=&#8220;0&#8243;][\/et_pb_image][et_pb_text _builder_version=&#8220;4.19.4&#8243; _module_preset=&#8220;default&#8220; theme_builder_area=&#8220;post_content&#8220; hover_enabled=&#8220;0&#8243; sticky_enabled=&#8220;0&#8243;]<p><em>Greta Thunberg war letztes Mal ebenso angesprochen worden wie Reitstall- und Gesundheitsprobleme.<\/em><\/p>\n<p><strong><em>Saal im Haus des Gastes mit sechs Standmasken bereits ausgebucht:<\/em><\/strong><\/p>\n<h1>Nach zwei Jahren wieder eine Pr\u00e4mienmaskerade<\/h1>\n<p>Bei den Rosenmontagsz\u00fcgen werden aktuelle Themen ebenso satirisch und karikiert aufs Korn genommen wie die Politiker und Politikerinnen. Was der Karneval f\u00fcr die Jecken an Rhein und Main bedeutet, das ist die Pr\u00e4mienmaskerade in Nieblum, wobei es sich hier bei den Stand- und Laufmasken haupts\u00e4chlich um reine Inselthemen dreht. Nach zwei Jahren Corona-Pause lebt die Veranstaltung im Haus des Gastes am Sonnabend, 4. Februar, nun wieder auf. \u00bbDer Saal ist mit sechs Standmasken bereits ausgebucht\u00ab, freut sich Kai Nissen, Wehrf\u00fchrer der Freiwilligen Feuerwehr Nieblum-Goting. F\u00fcr die Laufmasken ist eine Anmeldung nicht notwendig.<\/p>\n<p>Fr\u00fcher sei man mit der Maskerade von Dorf zu Dorf gezogen, wei\u00df Kai Nissen. Heute wird diese alte Tradition nur noch von der Nieblum-Gotinger Feuerwehr aufrechterhalten. Und das immer am ersten Sonnabend im Februar mit gro\u00dfem Erfolg, denn viele Besucher wollen sich den \u00bbF\u00f6hrer Karneval\u00ab nicht entgehen lassen. Aus den Reihen der Besucher wird auch immer die Jury gebildet. Diese entscheidet dann, welche Stand- und Laufmasken pr\u00e4miert werden.<br \/>Einlass ist um 19 Uhr. Von 20 bis 21 Uhr sind die Standbilder und Laufmasken zu bewundern. Nach der Pr\u00e4mierung geht es mit der Party und Musik vom Plattenteller munter weiter.<\/p>[\/et_pb_text][et_pb_gallery _builder_version=&#8220;4.19.4&#8243; _module_preset=&#8220;default&#8220; theme_builder_area=&#8220;post_content&#8220; gallery_ids=&#8220;1002,1001,1000&#8243; posts_number=&#8220;3&#8243; show_title_and_caption=&#8220;off&#8220; show_pagination=&#8220;off&#8220; hover_enabled=&#8220;0&#8243; sticky_enabled=&#8220;0&#8243;][\/et_pb_gallery][\/et_pb_column][\/et_pb_row][\/et_pb_section]\n","protected":false},"excerpt":{"rendered":"<p>Greta Thunberg war letztes Mal ebenso angesprochen worden wie Reitstall- und Gesundheitsprobleme. Saal im Haus des Gastes mit sechs Standmasken bereits ausgebucht: Nach zwei Jahren wieder eine Pr\u00e4mienmaskerade Bei den Rosenmontagsz\u00fcgen werden aktuelle Themen ebenso satirisch und karikiert aufs Korn genommen wie die Politiker und Politikerinnen. Was der Karneval f\u00fcr die Jecken an Rhein und [&hellip;]<\/p>\n","protected":false},"author":2,"featured_media":1003,"comment_status":"closed","ping_status":"open","sticky":false,"template":"","format":"standard","meta":{"_et_pb_use_builder":"on","_et_pb_old_content":"","_et_gb_content_width":"","footnotes":""},"categories":[16,15],"tags":[],"class_list":["post-1034","post","type-post","status-publish","format-standard","has-post-thumbnail","hentry","category-nachrichten","category-nieblum"],"_links":{"self":[{"href":"https:\/\/wirinsulaner.de\/index.php?rest_route=\/wp\/v2\/posts\/1034","targetHints":{"allow":["GET"]}}],"collection":[{"href":"https:\/\/wirinsulaner.de\/index.php?rest_route=\/wp\/v2\/posts"}],"about":[{"href":"https:\/\/wirinsulaner.de\/index.php?rest_route=\/wp\/v2\/types\/post"}],"author":[{"embeddable":true,"href":"https:\/\/wirinsulaner.de\/index.php?rest_route=\/wp\/v2\/users\/2"}],"replies":[{"embeddable":true,"href":"https:\/\/wirinsulaner.de\/index.php?rest_route=%2Fwp%2Fv2%2Fcomments&post=1034"}],"version-history":[{"count":3,"href":"https:\/\/wirinsulaner.de\/index.php?rest_route=\/wp\/v2\/posts\/1034\/revisions"}],"predecessor-version":[{"id":1059,"href":"https:\/\/wirinsulaner.de\/index.php?rest_route=\/wp\/v2\/posts\/1034\/revisions\/1059"}],"wp:featuredmedia":[{"embeddable":true,"href":"https:\/\/wirinsulaner.de\/index.php?rest_route=\/wp\/v2\/media\/1003"}],"wp:attachment":[{"href":"https:\/\/wirinsulaner.de\/index.php?rest_route=%2Fwp%2Fv2%2Fmedia&parent=1034"}],"wp:term":[{"taxonomy":"category","embeddable":true,"href":"https:\/\/wirinsulaner.de\/index.php?rest_route=%2Fwp%2Fv2%2Fcategories&post=1034"},{"taxonomy":"post_tag","embeddable":true,"href":"https:\/\/wirinsulaner.de\/index.php?rest_route=%2Fwp%2Fv2%2Ftags&post=1034"}],"curies":[{"name":"wp","href":"https:\/\/api.w.org\/{rel}","templated":true}]}}