{"id":1128,"date":"2023-02-14T12:00:00","date_gmt":"2023-02-14T11:00:00","guid":{"rendered":"https:\/\/wirinsulaner.de\/?p=1128"},"modified":"2023-02-10T13:21:32","modified_gmt":"2023-02-10T12:21:32","slug":"mit-gastrowueste-zur-titelverteidigung","status":"publish","type":"post","link":"https:\/\/wirinsulaner.de\/?p=1128","title":{"rendered":"Mit \u00bbGastrow\u00fcste\u00ab zur Titelverteidigung"},"content":{"rendered":"<p>[et_pb_section fb_built=&#8220;1&#8243; theme_builder_area=&#8220;post_content&#8220; _builder_version=&#8220;4.19.5&#8243; _module_preset=&#8220;default&#8220;][et_pb_row _builder_version=&#8220;4.19.5&#8243; _module_preset=&#8220;default&#8220; theme_builder_area=&#8220;post_content&#8220;][et_pb_column _builder_version=&#8220;4.19.5&#8243; _module_preset=&#8220;default&#8220; type=&#8220;4_4&#8243; theme_builder_area=&#8220;post_content&#8220;][et_pb_image src=&#8220;https:\/\/wirinsulaner.de\/wp-content\/uploads\/2023\/02\/Diese-Frage-stellt-sich-hier-Wo-kann-man-auf-der-Insel-noch-feiern.jpg&#8220; _builder_version=&#8220;4.19.5&#8243; _module_preset=&#8220;default&#8220; theme_builder_area=&#8220;post_content&#8220; title_text=&#8220;Diese Frage stellt sich hier &#8211; Wo kann man auf der Insel noch feiern&#8220; hover_enabled=&#8220;0&#8243; sticky_enabled=&#8220;0&#8243;][\/et_pb_image][et_pb_text _builder_version=&#8220;4.19.5&#8243; _module_preset=&#8220;default&#8220; theme_builder_area=&#8220;post_content&#8220; hover_enabled=&#8220;0&#8243; sticky_enabled=&#8220;0&#8243;]<\/p>\n<p><em>Diese Frage stellt sich hier: Wo kann man auf der Insel noch feiern?<\/em><\/p>\n<p><em><strong>Pr\u00e4mienmaskerade mit sechs Standbildern und sieben Laufmasken:<\/strong><\/em><\/p>\n<h1>Mit \u00bbGastrow\u00fcste\u00ab zur Titelverteidigung<\/h1>\n<p>Auf dem Parkplatz am und rund um das Haus des Gastes in Nieblum gab es kaum Parkpl\u00e4tze mehr. So gro\u00df war der Andrang auf die Pr\u00e4mienmaskerade, die nun nach zwei Jahren wieder stattfand. Dabei hatte Wehrf\u00fchrer Kai Nissen von der veranstaltenden Freiwilligen Feuerwehr Nieblum-Goting aufgrund der langen Corona-Pause gro\u00dfe Bedenken hinsichtlich der Resonanz auf dieses traditionelle Event. Freuen konnte er sich auch \u00fcber viele junge Gruppen, die sich angemeldet hatten. \u00bbDabei waren sechs Standbilder. Das war sogar eines mehr als in den Jahren vor Corona, wo es immer nur f\u00fcnf waren\u00ab, sagte er. Wobei eines sogar noch kurzfristig zur\u00fcckgenommen worden war. Hinzu kamen sieben Laufmasken, die \u2013 so wie die Standbilder \u2013 Inseltypisches aufs Korn nahmen und sich mit Themen besch\u00e4ftigten, die bundesweit heftig diskutiert werden.<br \/>Ausgenommen einer dreij\u00e4hrigen Pause, ist auch Kai Nissen seit 2009 immer dabei, wobei er dieses Mal nicht selbst im Bild stand. Unter dem Motto \u00bbKaputtgespart an allen Ecken und Enden, kann Pistorius die Zeiten wenden?\u00ab war der desolate Zustand der Bundeswehr Thema dieses Standbildes. Ansonsten wurden die neue Post am Kreisverkehr im Wyker Gewerbegebiet (\u00bbSo etwas ist kaum zu fassen, wer hat das nur zugelassen\u00ab), die Angriffe auf Rettungskr\u00e4fte zu Silvester (\u00bbWIR die t\u00e4glich alles f\u00fcr Euch geben, m\u00fcssen jetzt bangen um unser Leben\u00ab), die Klimaaktivisten \u00bbLetzte Generation\u00ab (\u00bbM\u00fcssen Menschen sterben, um f\u00fcrs Klima zu werben?\u00ab) und die W.D.R (\u00bbWir haben nicht die Qual der Wahl, ein Monopol, das ist fatal\u00ab) thematisiert.<br \/>Luisa Brodersen aus Nieblum, Anni Christiansen aus Alkersum und Marit Godbersen aus Wyk-Boldixum nahmen sich dem leidigen Gastronomiethema, der \u00bbGastrow\u00fcste\u00ab auf der Insel an: \u00bbViele Lokale sind heute geschlossen, in denen so manches Biergeflossen\u00ab. Damit verteidigten sie ihren Titel. Zusammen mit Gesche Martens aus Oevenum hatten sie bei den Standbildern bereits die Pr\u00e4mienmaskerade im Jahr 2020 gewonnen.<br \/>Mit den inszenierten Angriffen auf Meisterwerke und dem Festkleben auf Stra\u00dfen waren die Klimaaktivisten auch das Thema von Kim Hansen und Marvin Lindemann. Damit machten sie das Rennen bei den Laufmasken. Auch hier hatte man sich kreativ mit der Tankstelle beim Kreisverkehr und der \u00bbLetzten Generation\u00ab besch\u00e4ftigt, aber auch als \u00bbNichtschwimmer\u00ab mit der l\u00e4ngeren Schlie\u00dfungszeit des Aquaf\u00f6hr, der inflation\u00e4ren Preisentwicklung, Tempo 30 auf der Insel und dem Braunkohle-Abbau in L\u00fctzerath. Eine Stunde lang pr\u00e4sentierten sich die Standbilder und waren die Laufmasken im Saal herumgelaufen. Bis schlie\u00dflich aus dem Kreis der zahlreichen Besucher die Jury zusammengestellt und die Gewinner ermittelt wurden. Anschlie\u00dfend wurde der Saal ausger\u00e4umt, Tische und St\u00fchle aufgestellt und Party gemacht. F\u00fcr den richtigen Sound sorgte DJ Arne Fr\u00fcchtnicht.<\/p>\n<p>[\/et_pb_text][et_pb_gallery _builder_version=&#8220;4.19.5&#8243; _module_preset=&#8220;default&#8220; theme_builder_area=&#8220;post_content&#8220; gallery_ids=&#8220;1088,1078,1077,1081,1085&#8243; posts_number=&#8220;5&#8243; show_title_and_caption=&#8220;off&#8220; show_pagination=&#8220;off&#8220; hover_enabled=&#8220;0&#8243; sticky_enabled=&#8220;0&#8243;][\/et_pb_gallery][\/et_pb_column][\/et_pb_row][\/et_pb_section]<\/p>\n","protected":false},"excerpt":{"rendered":"<p>Diese Frage stellt sich hier: Wo kann man auf der Insel noch feiern? Pr\u00e4mienmaskerade mit sechs Standbildern und sieben Laufmasken: Mit \u00bbGastrow\u00fcste\u00ab zur Titelverteidigung Auf dem Parkplatz am und rund um das Haus des Gastes in Nieblum gab es kaum Parkpl\u00e4tze mehr. So gro\u00df war der Andrang auf die Pr\u00e4mienmaskerade, die nun nach zwei Jahren [&hellip;]<\/p>\n","protected":false},"author":2,"featured_media":1089,"comment_status":"closed","ping_status":"open","sticky":false,"template":"","format":"standard","meta":{"_et_pb_use_builder":"on","_et_pb_old_content":"","_et_gb_content_width":"","footnotes":""},"categories":[16,15],"tags":[],"class_list":["post-1128","post","type-post","status-publish","format-standard","has-post-thumbnail","hentry","category-nachrichten","category-nieblum"],"_links":{"self":[{"href":"https:\/\/wirinsulaner.de\/index.php?rest_route=\/wp\/v2\/posts\/1128","targetHints":{"allow":["GET"]}}],"collection":[{"href":"https:\/\/wirinsulaner.de\/index.php?rest_route=\/wp\/v2\/posts"}],"about":[{"href":"https:\/\/wirinsulaner.de\/index.php?rest_route=\/wp\/v2\/types\/post"}],"author":[{"embeddable":true,"href":"https:\/\/wirinsulaner.de\/index.php?rest_route=\/wp\/v2\/users\/2"}],"replies":[{"embeddable":true,"href":"https:\/\/wirinsulaner.de\/index.php?rest_route=%2Fwp%2Fv2%2Fcomments&post=1128"}],"version-history":[{"count":2,"href":"https:\/\/wirinsulaner.de\/index.php?rest_route=\/wp\/v2\/posts\/1128\/revisions"}],"predecessor-version":[{"id":1130,"href":"https:\/\/wirinsulaner.de\/index.php?rest_route=\/wp\/v2\/posts\/1128\/revisions\/1130"}],"wp:featuredmedia":[{"embeddable":true,"href":"https:\/\/wirinsulaner.de\/index.php?rest_route=\/wp\/v2\/media\/1089"}],"wp:attachment":[{"href":"https:\/\/wirinsulaner.de\/index.php?rest_route=%2Fwp%2Fv2%2Fmedia&parent=1128"}],"wp:term":[{"taxonomy":"category","embeddable":true,"href":"https:\/\/wirinsulaner.de\/index.php?rest_route=%2Fwp%2Fv2%2Fcategories&post=1128"},{"taxonomy":"post_tag","embeddable":true,"href":"https:\/\/wirinsulaner.de\/index.php?rest_route=%2Fwp%2Fv2%2Ftags&post=1128"}],"curies":[{"name":"wp","href":"https:\/\/api.w.org\/{rel}","templated":true}]}}