{"id":1220,"date":"2023-03-15T09:25:15","date_gmt":"2023-03-15T08:25:15","guid":{"rendered":"https:\/\/wirinsulaner.de\/?p=1220"},"modified":"2023-03-15T09:25:15","modified_gmt":"2023-03-15T08:25:15","slug":"neue-ausstellung-im-nieblumer-doerpshus","status":"publish","type":"post","link":"https:\/\/wirinsulaner.de\/?p=1220","title":{"rendered":"Neue Ausstellung im Nieblumer D\u00f6rpshus"},"content":{"rendered":"<p>[et_pb_section fb_built=&#8220;1&#8243; theme_builder_area=&#8220;post_content&#8220; _builder_version=&#8220;4.20.2&#8243; _module_preset=&#8220;default&#8220;][et_pb_row _builder_version=&#8220;4.20.2&#8243; _module_preset=&#8220;default&#8220; theme_builder_area=&#8220;post_content&#8220;][et_pb_column _builder_version=&#8220;4.20.2&#8243; _module_preset=&#8220;default&#8220; type=&#8220;4_4&#8243; theme_builder_area=&#8220;post_content&#8220;][et_pb_image src=&#8220;https:\/\/wirinsulaner.de\/wp-content\/uploads\/2023\/03\/20230303_144129x.jpg&#8220; _builder_version=&#8220;4.20.2&#8243; _module_preset=&#8220;default&#8220; theme_builder_area=&#8220;post_content&#8220; title_text=&#8220;Freut sich auf ihre Ausstellung in Nieblum: K\u00fcnstlerin Margit JosigerFoto: Andreas Hansen&#8220; hover_enabled=&#8220;0&#8243; sticky_enabled=&#8220;0&#8243;][\/et_pb_image][et_pb_text _builder_version=&#8220;4.20.2&#8243; _module_preset=&#8220;default&#8220; theme_builder_area=&#8220;post_content&#8220; hover_enabled=&#8220;0&#8243; sticky_enabled=&#8220;0&#8243;]<\/p>\n<p><em>Freut sich auf ihre Ausstellung in Nieblum: K\u00fcnstlerin Margit Josiger\u00a0 \u00a0Foto: Andreas Hansen<\/em><\/p>\n<p><em><strong>Neben Bildern wird auch Schmuck gezeigt:<\/strong><\/em><\/p>\n<h1>Neue Ausstellung im Nieblumer D\u00f6rpshus<\/h1>\n<p>Zu jedem ihrer Bilder hat MaJo \u2013 so nennt sich die Malerin Margit Josiger aus Toftum \u2013 eine ganz enge Beziehung. Wie eine Mutter war sie bei jedem Schritt der Entstehungsgeschichte dabei. Zun\u00e4chst ist da stets eine Fotografie. MaJo studiert dieses Foto genau, sucht sich dann ein auf sie besonders stark wirkendes Detail heraus, zieht dieses aus der Vorlage und f\u00e4ngt an, es auf einer Leinwand auszuleben. Wie ein Dolmetscher das Wort einer Sprache in eine andere \u00fcbersetzt, so \u00fcbersetzt MaJo den Ausschnitt der fotografischen Abbildung in ein ausdrucksstarkes Gem\u00e4lde. Die Resultate kann man vom 19. bis zum 31. M\u00e4rz t\u00e4glich im Nieblumer D\u00f6rpshus anschauen \u2013 und erwerben.<br \/>\u00bbJa, es tut weh, ein Bild abzugeben. Aber ich habe gelernt, diesen Cut zu machen, es loszulassen\u00ab, sagt MaJo. Zur Erinnerung besitzt die ehemalige Lehrerin von jedem ihrer Bilder eine Abbildung in einem kleinen Fotoarchiv. Die meist F\u00f6hrer Motive k\u00f6nnten abwechslungsreicher kaum sein: Reetdachh\u00e4user in Oevenum, die Oldsumer Marsch, auf einer Buhne kletternde Kinder, eine d\u00f6rfliche Idylle mit Wassergraben, frisch geerntete Heuballen, Seeschwalben und Austernfischer sowie H\u00fchner, die bei jedem Betrachter ein L\u00e4cheln ins Gesicht zaubern. Neben \u00e4lteren Arbeiten werden in Nieblum auch 16 k\u00fcrzlich entstandene Bilder gezeigt. Und wer beim Anblick selbst Lust auf Kreativit\u00e4t, Farben und Fantasie bekommt, kann gern am Mittwoch, 22. und 29. M\u00e4rz, im Anschluss an die Ausstellung von 17.30 Uhr bis 21 Uhr einen Malkurs von MaJo belegen (Voranmeldung unter 0171-3637264 oder <a href=\"mailto:ma-josinger@t-online.de\" target=\"_blank\" rel=\"noopener\">ma-josinger@t-online.de<\/a>).<br \/>Neben den Bildern von MaJo zeigt die Ausstellung im Nieblumer D\u00f6rpshus auch edlen Schmuck der Wyker Modeschmuckdesignerin Marion Kempin. Die mit Liebe gefertigten Edelsteinketten, Ringe und Anh\u00e4nger sind allesamt Unikate. Die Ausstellung ist immer von 14 Uhr bis 17 Uhr ge\u00f6ffnet.<\/p>\n<p>[\/et_pb_text][\/et_pb_column][\/et_pb_row][\/et_pb_section]<\/p>\n","protected":false},"excerpt":{"rendered":"<p>Freut sich auf ihre Ausstellung in Nieblum: K\u00fcnstlerin Margit Josiger\u00a0 \u00a0Foto: Andreas Hansen Neben Bildern wird auch Schmuck gezeigt: Neue Ausstellung im Nieblumer D\u00f6rpshus Zu jedem ihrer Bilder hat MaJo \u2013 so nennt sich die Malerin Margit Josiger aus Toftum \u2013 eine ganz enge Beziehung. Wie eine Mutter war sie bei jedem Schritt der Entstehungsgeschichte [&hellip;]<\/p>\n","protected":false},"author":3,"featured_media":1224,"comment_status":"closed","ping_status":"open","sticky":false,"template":"","format":"standard","meta":{"_et_pb_use_builder":"on","_et_pb_old_content":"","_et_gb_content_width":"","footnotes":""},"categories":[16,15],"tags":[],"class_list":["post-1220","post","type-post","status-publish","format-standard","has-post-thumbnail","hentry","category-nachrichten","category-nieblum"],"_links":{"self":[{"href":"https:\/\/wirinsulaner.de\/index.php?rest_route=\/wp\/v2\/posts\/1220","targetHints":{"allow":["GET"]}}],"collection":[{"href":"https:\/\/wirinsulaner.de\/index.php?rest_route=\/wp\/v2\/posts"}],"about":[{"href":"https:\/\/wirinsulaner.de\/index.php?rest_route=\/wp\/v2\/types\/post"}],"author":[{"embeddable":true,"href":"https:\/\/wirinsulaner.de\/index.php?rest_route=\/wp\/v2\/users\/3"}],"replies":[{"embeddable":true,"href":"https:\/\/wirinsulaner.de\/index.php?rest_route=%2Fwp%2Fv2%2Fcomments&post=1220"}],"version-history":[{"count":2,"href":"https:\/\/wirinsulaner.de\/index.php?rest_route=\/wp\/v2\/posts\/1220\/revisions"}],"predecessor-version":[{"id":1248,"href":"https:\/\/wirinsulaner.de\/index.php?rest_route=\/wp\/v2\/posts\/1220\/revisions\/1248"}],"wp:featuredmedia":[{"embeddable":true,"href":"https:\/\/wirinsulaner.de\/index.php?rest_route=\/wp\/v2\/media\/1224"}],"wp:attachment":[{"href":"https:\/\/wirinsulaner.de\/index.php?rest_route=%2Fwp%2Fv2%2Fmedia&parent=1220"}],"wp:term":[{"taxonomy":"category","embeddable":true,"href":"https:\/\/wirinsulaner.de\/index.php?rest_route=%2Fwp%2Fv2%2Fcategories&post=1220"},{"taxonomy":"post_tag","embeddable":true,"href":"https:\/\/wirinsulaner.de\/index.php?rest_route=%2Fwp%2Fv2%2Ftags&post=1220"}],"curies":[{"name":"wp","href":"https:\/\/api.w.org\/{rel}","templated":true}]}}