{"id":1405,"date":"2023-03-29T09:54:36","date_gmt":"2023-03-29T07:54:36","guid":{"rendered":"https:\/\/wirinsulaner.de\/?p=1405"},"modified":"2023-03-29T09:54:37","modified_gmt":"2023-03-29T07:54:37","slug":"kirchenmusik-mit-chor-und-orchester","status":"publish","type":"post","link":"https:\/\/wirinsulaner.de\/?p=1405","title":{"rendered":"Kirchenmusik mit Chor und Orchester"},"content":{"rendered":"<p>[et_pb_section fb_built=&#8220;1&#8243; theme_builder_area=&#8220;post_content&#8220; _builder_version=&#8220;4.20.2&#8243; _module_preset=&#8220;default&#8220;][et_pb_row _builder_version=&#8220;4.20.2&#8243; _module_preset=&#8220;default&#8220; theme_builder_area=&#8220;post_content&#8220;][et_pb_column _builder_version=&#8220;4.20.2&#8243; _module_preset=&#8220;default&#8220; type=&#8220;4_4&#8243; theme_builder_area=&#8220;post_content&#8220;][et_pb_text _builder_version=&#8220;4.20.2&#8243; _module_preset=&#8220;default&#8220; theme_builder_area=&#8220;post_content&#8220; hover_enabled=&#8220;0&#8243; sticky_enabled=&#8220;0&#8243;]<\/p>\n<p><em><strong>Am 1. April in St. Johannis:<\/strong><\/em><\/p>\n<h1>Kirchenmusik mit Chor und Orchester<\/h1>\n<p>Ein Chor mit Orchester aus Hamburg-Blankenese tritt am Sonnabend, 1. April, 20 Uhr, in St. Johannis in Nieblum auf. Der Chor besteht seit \u00fcber 30 Jahren und begann als Sch\u00fcler-, Lehrer- und Elternchor. Schon bald gab der Chor mit einem Orchester erste Konzerte. Es gab auch viele Konzertreisen in europ\u00e4ische L\u00e4nder. Sch\u00fcler sind inzwischen nicht mehr dabei, und der Chor ist unter anderem durch Corona kleiner geworden. Es sind aber noch immer 40 S\u00e4ngerinnen und S\u00e4nger sowie 30 Orchestermitglieder. Alle sind Laien. Gesungen wird fast ausschlie\u00dflich klassisches Liedgut der Kirchenmusik. <br \/>Zum Programm am 1. April in St. Johannis geh\u00f6ren Ausz\u00fcge aus de Pastoralmesse von Anton Diabelli, Mozarts Dixit et Magnifikat, Bob Chilcots \u00bbA Little Jazz Mass\u00ab-Kyrie\u00ab und \u00bbNeue Liebe\u00ab von Fanny Hensel. Karten gibt es bei den bekannten Vorverkaufsstellen und an der Abendkasse.<\/p>\n<p>[\/et_pb_text][\/et_pb_column][\/et_pb_row][\/et_pb_section]<\/p>\n","protected":false},"excerpt":{"rendered":"<p>Am 1. April in St. Johannis: Kirchenmusik mit Chor und Orchester Ein Chor mit Orchester aus Hamburg-Blankenese tritt am Sonnabend, 1. April, 20 Uhr, in St. Johannis in Nieblum auf. Der Chor besteht seit \u00fcber 30 Jahren und begann als Sch\u00fcler-, Lehrer- und Elternchor. Schon bald gab der Chor mit einem Orchester erste Konzerte. Es [&hellip;]<\/p>\n","protected":false},"author":4,"featured_media":0,"comment_status":"closed","ping_status":"open","sticky":false,"template":"","format":"standard","meta":{"_et_pb_use_builder":"on","_et_pb_old_content":"","_et_gb_content_width":"","footnotes":""},"categories":[16,15],"tags":[],"class_list":["post-1405","post","type-post","status-publish","format-standard","hentry","category-nachrichten","category-nieblum"],"_links":{"self":[{"href":"https:\/\/wirinsulaner.de\/index.php?rest_route=\/wp\/v2\/posts\/1405","targetHints":{"allow":["GET"]}}],"collection":[{"href":"https:\/\/wirinsulaner.de\/index.php?rest_route=\/wp\/v2\/posts"}],"about":[{"href":"https:\/\/wirinsulaner.de\/index.php?rest_route=\/wp\/v2\/types\/post"}],"author":[{"embeddable":true,"href":"https:\/\/wirinsulaner.de\/index.php?rest_route=\/wp\/v2\/users\/4"}],"replies":[{"embeddable":true,"href":"https:\/\/wirinsulaner.de\/index.php?rest_route=%2Fwp%2Fv2%2Fcomments&post=1405"}],"version-history":[{"count":2,"href":"https:\/\/wirinsulaner.de\/index.php?rest_route=\/wp\/v2\/posts\/1405\/revisions"}],"predecessor-version":[{"id":1407,"href":"https:\/\/wirinsulaner.de\/index.php?rest_route=\/wp\/v2\/posts\/1405\/revisions\/1407"}],"wp:attachment":[{"href":"https:\/\/wirinsulaner.de\/index.php?rest_route=%2Fwp%2Fv2%2Fmedia&parent=1405"}],"wp:term":[{"taxonomy":"category","embeddable":true,"href":"https:\/\/wirinsulaner.de\/index.php?rest_route=%2Fwp%2Fv2%2Fcategories&post=1405"},{"taxonomy":"post_tag","embeddable":true,"href":"https:\/\/wirinsulaner.de\/index.php?rest_route=%2Fwp%2Fv2%2Ftags&post=1405"}],"curies":[{"name":"wp","href":"https:\/\/api.w.org\/{rel}","templated":true}]}}