{"id":1735,"date":"2023-06-14T12:00:00","date_gmt":"2023-06-14T10:00:00","guid":{"rendered":"https:\/\/wirinsulaner.de\/?p=1735"},"modified":"2023-06-12T14:37:46","modified_gmt":"2023-06-12T12:37:46","slug":"goldene-konfirmation-in-st-johannis","status":"publish","type":"post","link":"https:\/\/wirinsulaner.de\/?p=1735","title":{"rendered":"Goldene Konfirmation in St. Johannis"},"content":{"rendered":"\n\n[et_pb_section fb_built=&#8220;1&#8243; theme_builder_area=&#8220;post_content&#8220; _builder_version=&#8220;4.21.0&#8243; _module_preset=&#8220;default&#8220;][et_pb_row _builder_version=&#8220;4.21.0&#8243; _module_preset=&#8220;default&#8220; theme_builder_area=&#8220;post_content&#8220;][et_pb_column _builder_version=&#8220;4.21.0&#8243; _module_preset=&#8220;default&#8220; type=&#8220;4_4&#8243; theme_builder_area=&#8220;post_content&#8220;][et_pb_image src=&#8220;https:\/\/wirinsulaner.de\/wp-content\/uploads\/2023\/06\/Konfirmanden.jpg&#8220; _builder_version=&#8220;4.21.0&#8243; _module_preset=&#8220;default&#8220; theme_builder_area=&#8220;post_content&#8220; title_text=&#8220;Konfirmanden&#8220; hover_enabled=&#8220;0&#8243; sticky_enabled=&#8220;0&#8243;][\/et_pb_image][et_pb_text _builder_version=&#8220;4.21.0&#8243; _module_preset=&#8220;default&#8220; theme_builder_area=&#8220;post_content&#8220; hover_enabled=&#8220;0&#8243; sticky_enabled=&#8220;0&#8243;]<p><em>Gruppenbild im Garten des Pastorats<\/em><\/p>\n<p><em><strong>F\u00fcr die Jahrg\u00e4nge 1968, 1969 und 1970:<\/strong><\/em><\/p>\n<h1>Goldene Konfirmation in St. Johannis<\/h1>\n<p>Einerseits sind in der Erinnerung die f\u00fcnf Jahrzehnte schnell \u00fcbersprungen: Wie war das noch im Konfirmandenunterricht mit Pastor Kamper und Pastor Dahl? Wie f\u00fchlte es sich an, vor dem Altar zu knien und gesegnet zu werden? Und wie war dann die Feier danach? Schell steht es wieder vor Augen \u2013 fast, als w\u00e4re es gestern gewesen, so Pastorin Kirsten Hoffmann-Busch. Mit ihrer Vertreterin, Pastorin Thurid P\u00f6rksen von Amrum, wurde im Friesendom St. Johannis in Nieblum jetzt Goldene Konfirmation gefeiert \u2013 wegen Corona gleich f\u00fcr die drei Jahrg\u00e4nge 1968, 1969 und 1970.<br \/>Von den etwa 70 Konfirmanden und Konfirmandinnen hatten sich etwa 40 zur Goldenen Konfirmation angemeldet und waren gr\u00f6\u00dftenteils mit ihren Partnerinnen und Partnern gekommen. Ein Drittel davon lebt inzwischen auf dem Festland, verteilt in ganz Deutschland. Zum Programm geh\u00f6rten am Sonnabend ein Rundgang durch die Grundschule F\u00f6hr-Ost in Midlum, eine F\u00fchrung durch die aktuelle Ausstellung im Museum Kunst der Westk\u00fcste und ein Kaffeetrinken in \u00bbKr\u00f6gers D\u00f6rpskrog\u00ab in Oevenun, wo man sich am Sonntag nach dem Festgottesdienst auch zum Mittagessen einfand.<\/p>[\/et_pb_text][\/et_pb_column][\/et_pb_row][\/et_pb_section]\n\n","protected":false},"excerpt":{"rendered":"<p>Gruppenbild im Garten des Pastorats F\u00fcr die Jahrg\u00e4nge 1968, 1969 und 1970: Goldene Konfirmation in St. Johannis Einerseits sind in der Erinnerung die f\u00fcnf Jahrzehnte schnell \u00fcbersprungen: Wie war das noch im Konfirmandenunterricht mit Pastor Kamper und Pastor Dahl? Wie f\u00fchlte es sich an, vor dem Altar zu knien und gesegnet zu werden? Und wie [&hellip;]<\/p>\n","protected":false},"author":2,"featured_media":1697,"comment_status":"closed","ping_status":"open","sticky":false,"template":"","format":"standard","meta":{"_et_pb_use_builder":"on","_et_pb_old_content":"","_et_gb_content_width":"","footnotes":""},"categories":[16,15],"tags":[],"class_list":["post-1735","post","type-post","status-publish","format-standard","has-post-thumbnail","hentry","category-nachrichten","category-nieblum"],"_links":{"self":[{"href":"https:\/\/wirinsulaner.de\/index.php?rest_route=\/wp\/v2\/posts\/1735","targetHints":{"allow":["GET"]}}],"collection":[{"href":"https:\/\/wirinsulaner.de\/index.php?rest_route=\/wp\/v2\/posts"}],"about":[{"href":"https:\/\/wirinsulaner.de\/index.php?rest_route=\/wp\/v2\/types\/post"}],"author":[{"embeddable":true,"href":"https:\/\/wirinsulaner.de\/index.php?rest_route=\/wp\/v2\/users\/2"}],"replies":[{"embeddable":true,"href":"https:\/\/wirinsulaner.de\/index.php?rest_route=%2Fwp%2Fv2%2Fcomments&post=1735"}],"version-history":[{"count":3,"href":"https:\/\/wirinsulaner.de\/index.php?rest_route=\/wp\/v2\/posts\/1735\/revisions"}],"predecessor-version":[{"id":1750,"href":"https:\/\/wirinsulaner.de\/index.php?rest_route=\/wp\/v2\/posts\/1735\/revisions\/1750"}],"wp:featuredmedia":[{"embeddable":true,"href":"https:\/\/wirinsulaner.de\/index.php?rest_route=\/wp\/v2\/media\/1697"}],"wp:attachment":[{"href":"https:\/\/wirinsulaner.de\/index.php?rest_route=%2Fwp%2Fv2%2Fmedia&parent=1735"}],"wp:term":[{"taxonomy":"category","embeddable":true,"href":"https:\/\/wirinsulaner.de\/index.php?rest_route=%2Fwp%2Fv2%2Fcategories&post=1735"},{"taxonomy":"post_tag","embeddable":true,"href":"https:\/\/wirinsulaner.de\/index.php?rest_route=%2Fwp%2Fv2%2Ftags&post=1735"}],"curies":[{"name":"wp","href":"https:\/\/api.w.org\/{rel}","templated":true}]}}