{"id":2060,"date":"2023-08-09T12:00:00","date_gmt":"2023-08-09T10:00:00","guid":{"rendered":"https:\/\/wirinsulaner.de\/?p=2060"},"modified":"2023-08-04T11:10:06","modified_gmt":"2023-08-04T09:10:06","slug":"spiel-und-spass-fuer-50-foehrer-schulkinder","status":"publish","type":"post","link":"https:\/\/wirinsulaner.de\/?p=2060","title":{"rendered":"Spiel und Spa\u00df f\u00fcr 50 F\u00f6hrer Schulkinder"},"content":{"rendered":"<p>[et_pb_section fb_built=&#8220;1&#8243; theme_builder_area=&#8220;post_content&#8220; _builder_version=&#8220;4.21.2&#8243; _module_preset=&#8220;default&#8220;][et_pb_row _builder_version=&#8220;4.21.2&#8243; _module_preset=&#8220;default&#8220; theme_builder_area=&#8220;post_content&#8220;][et_pb_column _builder_version=&#8220;4.21.2&#8243; _module_preset=&#8220;default&#8220; type=&#8220;4_4&#8243; theme_builder_area=&#8220;post_content&#8220;][et_pb_image src=&#8220;https:\/\/wirinsulaner.de\/wp-content\/uploads\/2023\/08\/Familie.jpg&#8220; _builder_version=&#8220;4.21.2&#8243; _module_preset=&#8220;default&#8220; theme_builder_area=&#8220;post_content&#8220; title_text=&#8220;Familie&#8220; hover_enabled=&#8220;0&#8243; sticky_enabled=&#8220;0&#8243;][\/et_pb_image][et_pb_text _builder_version=&#8220;4.21.2&#8243; _module_preset=&#8220;default&#8220; theme_builder_area=&#8220;post_content&#8220; hover_enabled=&#8220;0&#8243; sticky_enabled=&#8220;0&#8243;]<\/p>\n<p><em>Spielgef\u00e4hrten f\u00fcr einen Ferientag: Kinder des Sommerprojektes mit ihren vierbeinigen Freunden\u00a0 \u00a0 \u00a0<\/em><br \/><em>Foto: Andreas Hansen<\/em><\/p>\n<p><strong><em>Ferienprojekt der \u00bbFamilie im Mittelpunkt\u00ab war ausgebucht:<\/em><\/strong><\/p>\n<h1>Spiel und Spa\u00df f\u00fcr 50 F\u00f6hrer Schulkinder<\/h1>\n<p>F\u00fcnf Tage purer Spa\u00df! 50 F\u00f6hrer Grundschulkinder durften dieses Jahr am Ferienprojekt an der Nieblumer Strandkorbhalle teilnehmen \u2013 und genau 50 Grundschulkinder meldeten sich an. Ausgebucht! Seit \u00fcber 20 Jahren organisiert die Sozialeinrichtung \u00bbFamilie im Mittelpunkt (FiM)\u00ab allj\u00e4hrlich ein gro\u00dfes Sommerprojekt in der ersten Ferienwoche in Kooperation mit der Lebenshilfe und dem Allgemeinen Sozialen Dienst (ASD) des Kreises Nordfriesland. War es fr\u00fcher auf Kinder bed\u00fcrftiger Familien begrenzt, die sich keinen Urlaub leisten konnten, darf inzwischen jedes Grundschulkind teilnehmen, das Lust dazu hat. Und welches Kind hat nicht Lust auf Spiel und Spa\u00df?<br \/>Eine Woche lang war jeder Tag mit purer Abwechslung gef\u00fcllt. Mal fand von der Schutzstation Wattenmeer eine spannende Wattwanderung statt. Dann kam ein Feuerwehrauto der Freiwilligen Feuerwehr Wyk vorbei, das den Kindern von Wehrf\u00fchrer J\u00f6rg Carstensen genau erkl\u00e4rt wurde \u2013 und schlie\u00dflich noch zur Freude aller die Kleinen am hei\u00dfen Sommertag nassspritzte! Das Highlight schlechthin war aber wohl der gro\u00dfe Hundebesuch, den Claudia Werner von der \u00bbHundepension Tierisch Menschlich\u00ab organisiert hatte. Dabei kamen vier erfahrene Therapiehunde (drei gro\u00dfe und ein kleiner) zu Besuch, die es gewohnt sind, regelm\u00e4\u00dfig in Kinderg\u00e4rten, Schulen und Seniorenheimen Besuche abzustatten. So konnten die Kinder die lieben Tiere streicheln, mit ihnen um die Wette laufen, das \u00bbSitz\u00ab \u00fcben und Leckerchen geben. Star des Tages war Golden Retriever \u00bbPebbles\u00ab, der zur Freude aller immer und immer wieder seinen pinken Flamingo zur\u00fcckholte \u2013 jedoch erst auf Kommando!<\/p>\n<p>So war das diesj\u00e4hrige Sommerprojekt wieder mit interessanten Highlights gef\u00fcllt. Doch wie Bente Schulz-Kurgel, Leiterin von \u00bbFamilie im Mittelpunkt\u00ab, sagt, wollen die Kinder gar nicht, dass jede Minute durchgeplant ist. Sie lieben es, in und vor der Strandkorbhalle und auf dem Spielplatz frei zu spielen. Da wird Werwolf-Spiel, Wikingerschach oder Ball gespielt. Viele Kinder haben nicht oft die Gelegenheit, mit f\u00fcnf oder acht anderen Ball zu spielen. Hinzu kommen vor Ort jederzeit verf\u00fcgbare Angebote wie das kreative Gestalten von Specksteinen, das N\u00e4hen an drei N\u00e4hmaschinen oder das Anfertigen bunter Filzarbeiten. <br \/>Bente Schulz-Kurgel, die am 1. Juli dieses Jahres die FiM-Leitung von ihrer langj\u00e4hrigen Vorg\u00e4ngerin Angela Freytag \u00fcbernommen hat, ist seit neun Jahren beim Sommerprojekt dabei. Seit sechs Jahren organisiert sie es. In diesem Jahr konnte Schulz-Kurgel acht jugendliche Helfer, die selbst einmal als Kind das Ferienprojekt besucht haben und somit \u00bbnah dran\u00ab sind, hinzugewinnen. Eine weitere Freude seien all die Eltern und Gesch\u00e4ftsleute gewesen, die liebevoll f\u00fcr das leibliche Wohl mit gespendeten Mittagessen, Kuchen, Obst und Gem\u00fcse gesorgt h\u00e4tten, so Schulz-Kurgel. Jedem einzelnen sei gedankt, dass es auch in diesem Jahr in Nieblum bei den Kindern wieder habe hei\u00dfen k\u00f6nnen: F\u00fcnf Tage purer Spa\u00df!<\/p>\n<p>[\/et_pb_text][\/et_pb_column][\/et_pb_row][\/et_pb_section]<\/p>\n","protected":false},"excerpt":{"rendered":"<p>Spielgef\u00e4hrten f\u00fcr einen Ferientag: Kinder des Sommerprojektes mit ihren vierbeinigen Freunden\u00a0 \u00a0 \u00a0Foto: Andreas Hansen Ferienprojekt der \u00bbFamilie im Mittelpunkt\u00ab war ausgebucht: Spiel und Spa\u00df f\u00fcr 50 F\u00f6hrer Schulkinder F\u00fcnf Tage purer Spa\u00df! 50 F\u00f6hrer Grundschulkinder durften dieses Jahr am Ferienprojekt an der Nieblumer Strandkorbhalle teilnehmen \u2013 und genau 50 Grundschulkinder meldeten sich an. Ausgebucht! [&hellip;]<\/p>\n","protected":false},"author":3,"featured_media":2046,"comment_status":"closed","ping_status":"open","sticky":false,"template":"","format":"standard","meta":{"_et_pb_use_builder":"on","_et_pb_old_content":"","_et_gb_content_width":"","footnotes":""},"categories":[16,15],"tags":[],"class_list":["post-2060","post","type-post","status-publish","format-standard","has-post-thumbnail","hentry","category-nachrichten","category-nieblum"],"_links":{"self":[{"href":"https:\/\/wirinsulaner.de\/index.php?rest_route=\/wp\/v2\/posts\/2060","targetHints":{"allow":["GET"]}}],"collection":[{"href":"https:\/\/wirinsulaner.de\/index.php?rest_route=\/wp\/v2\/posts"}],"about":[{"href":"https:\/\/wirinsulaner.de\/index.php?rest_route=\/wp\/v2\/types\/post"}],"author":[{"embeddable":true,"href":"https:\/\/wirinsulaner.de\/index.php?rest_route=\/wp\/v2\/users\/3"}],"replies":[{"embeddable":true,"href":"https:\/\/wirinsulaner.de\/index.php?rest_route=%2Fwp%2Fv2%2Fcomments&post=2060"}],"version-history":[{"count":2,"href":"https:\/\/wirinsulaner.de\/index.php?rest_route=\/wp\/v2\/posts\/2060\/revisions"}],"predecessor-version":[{"id":2063,"href":"https:\/\/wirinsulaner.de\/index.php?rest_route=\/wp\/v2\/posts\/2060\/revisions\/2063"}],"wp:featuredmedia":[{"embeddable":true,"href":"https:\/\/wirinsulaner.de\/index.php?rest_route=\/wp\/v2\/media\/2046"}],"wp:attachment":[{"href":"https:\/\/wirinsulaner.de\/index.php?rest_route=%2Fwp%2Fv2%2Fmedia&parent=2060"}],"wp:term":[{"taxonomy":"category","embeddable":true,"href":"https:\/\/wirinsulaner.de\/index.php?rest_route=%2Fwp%2Fv2%2Fcategories&post=2060"},{"taxonomy":"post_tag","embeddable":true,"href":"https:\/\/wirinsulaner.de\/index.php?rest_route=%2Fwp%2Fv2%2Ftags&post=2060"}],"curies":[{"name":"wp","href":"https:\/\/api.w.org\/{rel}","templated":true}]}}