{"id":2090,"date":"2023-08-09T11:45:00","date_gmt":"2023-08-09T09:45:00","guid":{"rendered":"https:\/\/wirinsulaner.de\/?p=2090"},"modified":"2023-08-04T11:46:45","modified_gmt":"2023-08-04T09:46:45","slug":"liederabend-mit-birke-licht","status":"publish","type":"post","link":"https:\/\/wirinsulaner.de\/?p=2090","title":{"rendered":"Liederabend mit Birke Licht"},"content":{"rendered":"<p>[et_pb_section fb_built=&#8220;1&#8243; theme_builder_area=&#8220;post_content&#8220; _builder_version=&#8220;4.21.2&#8243; _module_preset=&#8220;default&#8220;][et_pb_row _builder_version=&#8220;4.21.2&#8243; _module_preset=&#8220;default&#8220; theme_builder_area=&#8220;post_content&#8220;][et_pb_column _builder_version=&#8220;4.21.2&#8243; _module_preset=&#8220;default&#8220; type=&#8220;4_4&#8243; theme_builder_area=&#8220;post_content&#8220;][et_pb_text _builder_version=&#8220;4.21.2&#8243; _module_preset=&#8220;default&#8220; theme_builder_area=&#8220;post_content&#8220; hover_enabled=&#8220;0&#8243; sticky_enabled=&#8220;0&#8243;]<\/p>\n<p><em><strong>Am 19. August in Nieblum:<\/strong><\/em><\/p>\n<h1>Liederabend mit Birke Licht<\/h1>\n<p>Auf der Insel F\u00f6hr ist sie bekannt wie ein bunter Hund: Birke Licht, Musikerin-Vollprofi mit viel Herz. In den Ferien singt sie mit G\u00e4sten, gestaltet musikalisch die Gottesdienste in St. Laurentii in S\u00fcderende, leitet Ch\u00f6re und tritt als S\u00e4ngerin solistisch in Erscheinung. W\u00e4hrend der Pandemie hatte sie Zeit, ein Soloalbum mit eigenen Songs zu verfassen. Es entstanden 14 deutsche Lieder, die von einem bewegten Leben erz\u00e4hlen, mutig, ehrlich, mit Tiefgang und Humor, Lieder, in denen man Einblick in ein ungeschminktes Leben erh\u00e4lt und sich auch selbst beschrieben finden kann. Birke Licht begleitet sich selbst am Klavier und mit der Gitarre. Beim Liederabend \u00bbLichtspiele\u00ab pr\u00e4sentiert sie das neue Album am Sonnabend, 19. August, ab 20 Uhr, im Haus des Gastes in Nieblum. Der Eintrittspreis betr\u00e4gt 15 Euro (Erm\u00e4\u00dfigung auf Anfrage). Einlass ist ab 19 Uhr.<\/p>\n<p>[\/et_pb_text][\/et_pb_column][\/et_pb_row][\/et_pb_section]<\/p>\n","protected":false},"excerpt":{"rendered":"<p>Am 19. August in Nieblum: Liederabend mit Birke Licht Auf der Insel F\u00f6hr ist sie bekannt wie ein bunter Hund: Birke Licht, Musikerin-Vollprofi mit viel Herz. In den Ferien singt sie mit G\u00e4sten, gestaltet musikalisch die Gottesdienste in St. Laurentii in S\u00fcderende, leitet Ch\u00f6re und tritt als S\u00e4ngerin solistisch in Erscheinung. W\u00e4hrend der Pandemie hatte [&hellip;]<\/p>\n","protected":false},"author":4,"featured_media":0,"comment_status":"closed","ping_status":"open","sticky":false,"template":"","format":"standard","meta":{"_et_pb_use_builder":"on","_et_pb_old_content":"","_et_gb_content_width":"","footnotes":""},"categories":[16,15],"tags":[],"class_list":["post-2090","post","type-post","status-publish","format-standard","hentry","category-nachrichten","category-nieblum"],"_links":{"self":[{"href":"https:\/\/wirinsulaner.de\/index.php?rest_route=\/wp\/v2\/posts\/2090","targetHints":{"allow":["GET"]}}],"collection":[{"href":"https:\/\/wirinsulaner.de\/index.php?rest_route=\/wp\/v2\/posts"}],"about":[{"href":"https:\/\/wirinsulaner.de\/index.php?rest_route=\/wp\/v2\/types\/post"}],"author":[{"embeddable":true,"href":"https:\/\/wirinsulaner.de\/index.php?rest_route=\/wp\/v2\/users\/4"}],"replies":[{"embeddable":true,"href":"https:\/\/wirinsulaner.de\/index.php?rest_route=%2Fwp%2Fv2%2Fcomments&post=2090"}],"version-history":[{"count":2,"href":"https:\/\/wirinsulaner.de\/index.php?rest_route=\/wp\/v2\/posts\/2090\/revisions"}],"predecessor-version":[{"id":2092,"href":"https:\/\/wirinsulaner.de\/index.php?rest_route=\/wp\/v2\/posts\/2090\/revisions\/2092"}],"wp:attachment":[{"href":"https:\/\/wirinsulaner.de\/index.php?rest_route=%2Fwp%2Fv2%2Fmedia&parent=2090"}],"wp:term":[{"taxonomy":"category","embeddable":true,"href":"https:\/\/wirinsulaner.de\/index.php?rest_route=%2Fwp%2Fv2%2Fcategories&post=2090"},{"taxonomy":"post_tag","embeddable":true,"href":"https:\/\/wirinsulaner.de\/index.php?rest_route=%2Fwp%2Fv2%2Ftags&post=2090"}],"curies":[{"name":"wp","href":"https:\/\/api.w.org\/{rel}","templated":true}]}}