{"id":2695,"date":"2023-11-29T15:08:01","date_gmt":"2023-11-29T14:08:01","guid":{"rendered":"https:\/\/wirinsulaner.de\/?p=2695"},"modified":"2023-11-29T15:08:50","modified_gmt":"2023-11-29T14:08:50","slug":"adventsandacht-mit-demposaunenchor","status":"publish","type":"post","link":"https:\/\/wirinsulaner.de\/?p=2695","title":{"rendered":"Adventsandacht mit dem Posaunenchor"},"content":{"rendered":"\n[et_pb_section fb_built=&#8220;1&#8243; _builder_version=&#8220;4.22.1&#8243; _module_preset=&#8220;default&#8220; global_colors_info=&#8220;{}&#8220; theme_builder_area=&#8220;post_content&#8220;][et_pb_row _builder_version=&#8220;4.22.1&#8243; _module_preset=&#8220;default&#8220; global_colors_info=&#8220;{}&#8220; theme_builder_area=&#8220;post_content&#8220;][et_pb_column type=&#8220;4_4&#8243; _builder_version=&#8220;4.22.1&#8243; _module_preset=&#8220;default&#8220; global_colors_info=&#8220;{}&#8220; theme_builder_area=&#8220;post_content&#8220;][et_pb_image src=&#8220;https:\/\/wirinsulaner.de\/wp-content\/uploads\/2023\/11\/Inselposaunenchor.jpg&#8220; _builder_version=&#8220;4.23.1&#8243; _module_preset=&#8220;default&#8220; hover_enabled=&#8220;0&#8243; global_colors_info=&#8220;{}&#8220; theme_builder_area=&#8220;post_content&#8220; title_text=&#8220;Inselposaunenchor&#8220; sticky_enabled=&#8220;0&#8243;][\/et_pb_image][et_pb_text _builder_version=&#8220;4.23.1&#8243; _module_preset=&#8220;default&#8220; hover_enabled=&#8220;0&#8243; global_colors_info=&#8220;{}&#8220; theme_builder_area=&#8220;post_content&#8220; sticky_enabled=&#8220;0&#8243;]<p><em>Existiert bereits seit 1946: Der F\u00f6hrer Inselposaunenchor.\u00a0 \u00a0 Foto: Andreas Hansen<\/em><\/p>\n<p><strong><em>Am 6. Dezember im Nieblumer Friesendom:<\/em><\/strong><\/p>\n<h1>Adventsandacht mit dem Posaunenchor<\/h1>\n<p>Schon beim ersten Ton kommt pure (Vor-)Weihnachtsstimmung auf. Ob bei \u00bbKommet, Ihr Hirten\u00ab, dem \u00bbB\u00f6hmischen Winterm\u00e4rchen\u00ab oder dem gerade wieder aktuellen \u00bbGib uns Frieden jeden Tag\u00ab \u2013 sofort ist jedem H\u00f6rer klar: Dieser aus 14 Mitgliedern bestehende F\u00f6hrer Inselposaunenchor hat nicht nur ein gro\u00dfes Repertoire, sondern verf\u00fcgt auch \u00fcber jede Menge Erfahrung. Denn seit 1946 musiziert das Ensemble bereits zusammen. Wobei der Begriff \u00bbPosaunenchor\u00ab f\u00fcr Laien etwas irref\u00fchrend sein kann. Waren es in der Renaissance und im Barock tats\u00e4chlich noch ausschlie\u00dflich Posaunen, so ist sp\u00e4testens seit etwa 1800 durch die Verbesserung der Ventile im Blechblasinstrumentenbau aus dem urspr\u00fcnglichen Posaunenchor ein mehrstimmiges, gemischtes Blechbl\u00e4serensemble geworden. Beim F\u00f6hrer Inselposaunenchor ist dies nicht anders, denn neben Trompeten und Posaunen verschiedener Tonlagen wirkt sogar ein Tenor-Horn mit. <br \/>Obwohl sie immer mal wieder bei der Gestaltung von Gottesdiensten parallel zur Orgel mitwirken oder auch beim Seniorencaf\u00e9 musizieren, ist das vierte Quartal f\u00fcr den Inselposaunenchor stets die arbeitsintensivste Zeit des Jahres. Erst k\u00fcrzlich spielten sie beim Erntedankfest, dann beim Laternenfest an De Meere. Doch der H\u00f6hepunkt der diesj\u00e4hrigen Auftritte steht noch bevor: Am Mittwoch, 6. Dezember, gestaltet der Inselposaunenchor um 19.30 Uhr im Nieblumer Friesendom eine musikalische Adventsandacht. Neben weihnachtlichen Themen und der Bearbeitung von S\u00e4tzen, wird es auch etwas zum Mitsingen und eine kleine Lesung geben. Die Kollekte f\u00fcr den etwa einst\u00fcndigen Auftritt geht zugunsten des Deutschen Evangelischen Posaunentages (DEPT), der Anfang Mai 2024 in Hamburg stattfindet. Auf dieses besondere Highlight f\u00fcr alle Blechbl\u00e4ser, das nur alle acht Jahre stattfindet, freut sich der F\u00f6hrer Chor bereits sehr und verspricht rege Teilnahme an diesem dreit\u00e4gigen Event. Wer als neuer Bl\u00e4ser oder auch als Gastbl\u00e4ser einmal am gemeinsamen Proben teilnehmen m\u00f6chte, ist jeden Mittwoch ab 19.30 Uhr im Nieblumer Pastorat willkommen.<\/p>[\/et_pb_text][\/et_pb_column][\/et_pb_row][\/et_pb_section]\n","protected":false},"excerpt":{"rendered":"<p>Schon beim ersten Ton kommt pure (Vor-)Weihnachtsstimmung auf. Ob bei \u00bbKommet, Ihr Hirten\u00ab, dem \u00bbB\u00f6hmischen Winterm\u00e4rchen\u00ab oder dem gerade wieder aktuellen \u00bbGib uns Frieden jeden Tag\u00ab \u2013 sofort ist jedem H\u00f6rer klar: Dieser aus 14 Mitgliedern bestehende F\u00f6hrer Inselposaunenchor hat nicht nur ein gro\u00dfes Repertoire, sondern verf\u00fcgt auch \u00fcber jede Menge Erfahrung.<\/p>\n","protected":false},"author":3,"featured_media":2685,"comment_status":"closed","ping_status":"open","sticky":false,"template":"","format":"standard","meta":{"_et_pb_use_builder":"on","_et_pb_old_content":"","_et_gb_content_width":"","footnotes":""},"categories":[16,15],"tags":[],"class_list":["post-2695","post","type-post","status-publish","format-standard","has-post-thumbnail","hentry","category-nachrichten","category-nieblum"],"_links":{"self":[{"href":"https:\/\/wirinsulaner.de\/index.php?rest_route=\/wp\/v2\/posts\/2695","targetHints":{"allow":["GET"]}}],"collection":[{"href":"https:\/\/wirinsulaner.de\/index.php?rest_route=\/wp\/v2\/posts"}],"about":[{"href":"https:\/\/wirinsulaner.de\/index.php?rest_route=\/wp\/v2\/types\/post"}],"author":[{"embeddable":true,"href":"https:\/\/wirinsulaner.de\/index.php?rest_route=\/wp\/v2\/users\/3"}],"replies":[{"embeddable":true,"href":"https:\/\/wirinsulaner.de\/index.php?rest_route=%2Fwp%2Fv2%2Fcomments&post=2695"}],"version-history":[{"count":3,"href":"https:\/\/wirinsulaner.de\/index.php?rest_route=\/wp\/v2\/posts\/2695\/revisions"}],"predecessor-version":[{"id":2699,"href":"https:\/\/wirinsulaner.de\/index.php?rest_route=\/wp\/v2\/posts\/2695\/revisions\/2699"}],"wp:featuredmedia":[{"embeddable":true,"href":"https:\/\/wirinsulaner.de\/index.php?rest_route=\/wp\/v2\/media\/2685"}],"wp:attachment":[{"href":"https:\/\/wirinsulaner.de\/index.php?rest_route=%2Fwp%2Fv2%2Fmedia&parent=2695"}],"wp:term":[{"taxonomy":"category","embeddable":true,"href":"https:\/\/wirinsulaner.de\/index.php?rest_route=%2Fwp%2Fv2%2Fcategories&post=2695"},{"taxonomy":"post_tag","embeddable":true,"href":"https:\/\/wirinsulaner.de\/index.php?rest_route=%2Fwp%2Fv2%2Ftags&post=2695"}],"curies":[{"name":"wp","href":"https:\/\/api.w.org\/{rel}","templated":true}]}}