{"id":3370,"date":"2024-04-09T12:06:00","date_gmt":"2024-04-09T10:06:00","guid":{"rendered":"https:\/\/wirinsulaner.de\/?p=3370"},"modified":"2024-04-05T08:52:53","modified_gmt":"2024-04-05T06:52:53","slug":"vollbesetzte-kirche-zur-feierlichen-konfirmation","status":"publish","type":"post","link":"https:\/\/wirinsulaner.de\/?p=3370","title":{"rendered":"Vollbesetzte Kirche zur feierlichen Konfirmation"},"content":{"rendered":"<p>[et_pb_section fb_built=&#8220;1&#8243; _builder_version=&#8220;4.22.1&#8243; _module_preset=&#8220;default&#8220; global_colors_info=&#8220;{}&#8220; theme_builder_area=&#8220;post_content&#8220;][et_pb_row _builder_version=&#8220;4.22.1&#8243; _module_preset=&#8220;default&#8220; global_colors_info=&#8220;{}&#8220; theme_builder_area=&#8220;post_content&#8220;][et_pb_column type=&#8220;4_4&#8243; _builder_version=&#8220;4.22.1&#8243; _module_preset=&#8220;default&#8220; global_colors_info=&#8220;{}&#8220; theme_builder_area=&#8220;post_content&#8220;][et_pb_image src=&#8220;https:\/\/wirinsulaner.de\/wp-content\/uploads\/2024\/04\/20240324_105909x.jpg&#8220; _builder_version=&#8220;4.24.3&#8243; _module_preset=&#8220;default&#8220; hover_enabled=&#8220;0&#8243; global_colors_info=&#8220;{}&#8220; theme_builder_area=&#8220;post_content&#8220; title_text=&#8220;20240324_105909x&#8220; sticky_enabled=&#8220;0&#8243;][\/et_pb_image][et_pb_text _builder_version=&#8220;4.24.3&#8243; _module_preset=&#8220;default&#8220; hover_enabled=&#8220;0&#8243; global_colors_info=&#8220;{}&#8220; theme_builder_area=&#8220;post_content&#8220; sticky_enabled=&#8220;0&#8243;]<\/p>\n<p><strong><em>Pastor i.R. Martin Hartig, umringt von den 16 Konfirmandinnen\u00a0 \u00a0 Foto: Andreas Hansen<\/em><\/strong><\/p>\n<p><strong><em>16 Konfirmandinnen sammelten f\u00fcr die F\u00f6hrer Tafel:<\/em><\/strong><\/p>\n<h1>Vollbesetzte Kirche zur feierlichen Konfirmation<\/h1>\n<p>Eine Konfirmation ist zweifellos ein einschneidendes Ereignis im Leben. Es ist der Eintritt ins (kirchliche) Erwachsenenleben, ein Tag, an den sich jeder ein Leben lang erinnern wird.<br \/>Am 24. M\u00e4rz wurden in der vollbesetzten Boldixumer St. Nicolai-Kirche 16 Konfirmandinnen von Pastor i.R. Martin Hartig feierlich konfirmiert. Vorausgegangen war ein Jahr Konfirmationsunterricht, der im Wesentlichen von Diakonin Monika Reincke geleitet wurde. Gro\u00dfen Wert wurde dabei auf das Gemeinsame gelegt, eine wichtige Basis, um sp\u00e4ter die eigene Identit\u00e4t zu finden. So wurden zun\u00e4chst gemeinschaftlich Konterfeis des eigenen Antlitzes gefertigt, die w\u00e4hrend der gesamten Konfirmandenzeit im Gemeindehaus aufgeh\u00e4ngt waren. Es wurde Brot und Kuchen gebacken und gemeinsam auf der Nordsee auf SUP-Boards gepaddelt \u2013 von Monika Reincke mit etwas Abstand aus dem sicheren Strandkorb heraus beaufsichtigt. Inhaltlich erfolgte eine kreative Bibelarbeit zum Psalm 23. Es wurde \u00fcber Werte wie Freundschaft und Gesundheit diskutiert, welche von Monika Reincke als Auktionatorin per Spielchips bewertet wurden. So wurde spielerisch dar\u00fcber nachgedacht, was wichtig im Leben ist. Woche f\u00fcr Woche wuchs so die Gruppe immer enger zusammen. Im Anschluss an die Osterferien wird Monika Reincke ihre fr\u00fcheren Sch\u00fctzlinge noch einmal zu einem Nachtreffen bei Pfannkuchen einladen. Pastor Hartig, der die Konfirmandinnen in den letzten Wochen begleitete, war von der Reife der jungen Damen ebenfalls beeindruckt, als er diese fragte, woran sie glauben w\u00fcrden. An Gott, Schutzengel und die Liebe, hie\u00df es einvernehmlich. Doch es kamen auch Antworten wie: An Gerechtigkeit, Frieden, die Hoffnung an das Gute im Menschen und an die F\u00e4higkeit, etwas zu ver\u00e4ndern. Eine Konfirmandin sagte: \u00bbAn alles, denn es geschieht aus einem Grund, auch wenn dieser anfangs nicht klar erkennbar ist\u00ab. Eine andere sagte: \u00bbAn mich selbst \u2013 mit Gottes Hilfe\u00ab. <br \/>\u00bbDas kleine Ich sehnt sich ins gro\u00dfe Ganze\u00ab, so der Pastor i.R., als er die mit Maigl\u00f6ckchen-Str\u00e4u\u00dfen ausgestatteten Konfirmandinnen einsegnete. Der F\u00f6hrer Gospelchor \u00bbUnf\u00f6hrgettable\u00ab sang in der vollbesetzten Kirche feierlich Lieder wie \u00bbOur God is an awesome God\u00ab und der Pastor f\u00fcgte treffend hinzu: \u00bbIch bin \u00fcberzeugt, Ihr werdet den eigenen Ton in der Sinfonie des Glaubens erkennen.\u00ab<br \/>Bevor die Feierlichkeiten in der eigenen Familie fortgesetzt werden konnten, sammelten die Konfirmandinnen noch eigenh\u00e4ndig die Kollekte ein, deren Verwendung zugunsten der F\u00f6hrer Tafel sie selbst bestimmt hatten. Bei der Kollekte \u2013 die \u00e4lteste Form der Hilfe von Christen untereinander \u2013 kamen auf diese Weise knapp 1.700 Euro zusammen.<\/p>\n<p>[\/et_pb_text][\/et_pb_column][\/et_pb_row][\/et_pb_section]<\/p>\n","protected":false},"excerpt":{"rendered":"<p>Eine Konfirmation ist zweifellos ein einschneidendes Ereignis im Leben. Es ist der Eintritt ins (kirchliche) Erwachsenenleben, ein Tag, an den sich jeder ein Leben lang erinnern wird.<\/p>\n","protected":false},"author":3,"featured_media":3319,"comment_status":"closed","ping_status":"open","sticky":false,"template":"","format":"standard","meta":{"_et_pb_use_builder":"on","_et_pb_old_content":"","_et_gb_content_width":"","footnotes":""},"categories":[27,16],"tags":[],"class_list":["post-3370","post","type-post","status-publish","format-standard","has-post-thumbnail","hentry","category-boldixum","category-nachrichten"],"_links":{"self":[{"href":"https:\/\/wirinsulaner.de\/index.php?rest_route=\/wp\/v2\/posts\/3370","targetHints":{"allow":["GET"]}}],"collection":[{"href":"https:\/\/wirinsulaner.de\/index.php?rest_route=\/wp\/v2\/posts"}],"about":[{"href":"https:\/\/wirinsulaner.de\/index.php?rest_route=\/wp\/v2\/types\/post"}],"author":[{"embeddable":true,"href":"https:\/\/wirinsulaner.de\/index.php?rest_route=\/wp\/v2\/users\/3"}],"replies":[{"embeddable":true,"href":"https:\/\/wirinsulaner.de\/index.php?rest_route=%2Fwp%2Fv2%2Fcomments&post=3370"}],"version-history":[{"count":2,"href":"https:\/\/wirinsulaner.de\/index.php?rest_route=\/wp\/v2\/posts\/3370\/revisions"}],"predecessor-version":[{"id":3372,"href":"https:\/\/wirinsulaner.de\/index.php?rest_route=\/wp\/v2\/posts\/3370\/revisions\/3372"}],"wp:featuredmedia":[{"embeddable":true,"href":"https:\/\/wirinsulaner.de\/index.php?rest_route=\/wp\/v2\/media\/3319"}],"wp:attachment":[{"href":"https:\/\/wirinsulaner.de\/index.php?rest_route=%2Fwp%2Fv2%2Fmedia&parent=3370"}],"wp:term":[{"taxonomy":"category","embeddable":true,"href":"https:\/\/wirinsulaner.de\/index.php?rest_route=%2Fwp%2Fv2%2Fcategories&post=3370"},{"taxonomy":"post_tag","embeddable":true,"href":"https:\/\/wirinsulaner.de\/index.php?rest_route=%2Fwp%2Fv2%2Ftags&post=3370"}],"curies":[{"name":"wp","href":"https:\/\/api.w.org\/{rel}","templated":true}]}}