{"id":3677,"date":"2024-06-18T12:08:00","date_gmt":"2024-06-18T10:08:00","guid":{"rendered":"https:\/\/wirinsulaner.de\/?p=3677"},"modified":"2024-06-13T14:05:56","modified_gmt":"2024-06-13T12:05:56","slug":"deutscher-vorsitzender-besucht-foehrer-tafelhaus","status":"publish","type":"post","link":"https:\/\/wirinsulaner.de\/?p=3677","title":{"rendered":"Deutscher Vorsitzender besucht F\u00f6hrer Tafelhaus"},"content":{"rendered":"<p>[et_pb_section fb_built=&#8220;1&#8243; _builder_version=&#8220;4.22.1&#8243; _module_preset=&#8220;default&#8220; global_colors_info=&#8220;{}&#8220; theme_builder_area=&#8220;post_content&#8220;][et_pb_row _builder_version=&#8220;4.22.1&#8243; _module_preset=&#8220;default&#8220; global_colors_info=&#8220;{}&#8220; theme_builder_area=&#8220;post_content&#8220;][et_pb_column type=&#8220;4_4&#8243; _builder_version=&#8220;4.22.1&#8243; _module_preset=&#8220;default&#8220; global_colors_info=&#8220;{}&#8220; theme_builder_area=&#8220;post_content&#8220;][et_pb_image src=&#8220;https:\/\/wirinsulaner.de\/wp-content\/uploads\/2024\/06\/20240606_132243.jpg&#8220; _builder_version=&#8220;4.25.2&#8243; _module_preset=&#8220;default&#8220; hover_enabled=&#8220;0&#8243; global_colors_info=&#8220;{}&#8220; theme_builder_area=&#8220;post_content&#8220; title_text=&#8220;20240606_132243&#8243; sticky_enabled=&#8220;0&#8243;][\/et_pb_image][et_pb_text _builder_version=&#8220;4.25.2&#8243; _module_preset=&#8220;default&#8220; hover_enabled=&#8220;0&#8243; global_colors_info=&#8220;{}&#8220; theme_builder_area=&#8220;post_content&#8220; sticky_enabled=&#8220;0&#8243;]<\/p>\n<p><em>Im Einsatz f\u00fcr die Tafel: Gert Binder, Bea Eckardt, Nortrud Lindemann, Steffy Meyer, Andreas Steppuhn, Annelene Amfaldern, Marianne Asbahr, Jutta Arfsten und Dr. Matthias Zietz (v.l.)\u00a0 \u00a0 \u00a0Fotos: Andreas Hansen<\/em><\/p>\n<p><strong><em>Gesucht werden noch engagierte Helfer:<\/em><\/strong><\/p>\n<h1>Deutscher Vorsitzender besucht F\u00f6hrer Tafelhaus<\/h1>\n<p>Das eigene Logo der F\u00f6hrer Tafel fiel ihm sofort ins Auge. \u00dcberhaupt war Andreas Steppuhn, Vorstandsvorsitzender der Tafel Deutschland e.V., vom pers\u00f6nlichen Charakter des kleinen Tafelhauses am Wyker Gr\u00fcnstreifen gleich angetan. Als Kind war Andreas Steppuhn \u00f6fter mit seinen Eltern in Richtung Nordsee gereist, doch nun verbrachte er das erste Mal einen Urlaub auf F\u00f6hr \u2013 und nutzte dies zu einer Stippvisite bei der Inseltafel. Dort war gerade alles hergerichtet f\u00fcr die w\u00f6chentliche Lebensmittelausgabe.<br \/>Die Lebensmittelausgabe findet jeden Donnerstag ab 13.30 Uhr statt. Beim Besuch des Tafelvorsitzenden konnten sich die zuteilungsberechtigten Kunden auf eine gute Auswahl verschiedener Brotsorten, Tomaten, Milch und sogar F\u00f6hrer Eier freuen. Daf\u00fcr war das Angebot an Joghurt, K\u00e4se, Wurst und Schokolade diesmal begrenzt. Die Verf\u00fcgbarkeit vieler Waren ist stark abh\u00e4ngig von der Jahreszeit. Wenn die Insel gut besucht ist, wird mehr verkauft, sodass weniger f\u00fcr die Tafelkunden \u00fcbrig bleibt. \u00bbEin zus\u00e4tzlicher Faktor ist, dass die Superm\u00e4rkte heute nachhaltiger bestellen und durch das digitale Bestellsystem schneller nachgeliefert wird\u00ab, wei\u00df der Bundesvorsitzende, der sich alles genau zeigen lie\u00df. Beeindruckt zeigte er sich vom neuen K\u00fchlhaus, das im vergangenen Jahr durch Spendengelder finanziert werden konnte und vom F\u00f6hrer Tafelfahrzeug mit K\u00fchlm\u00f6glichkeit.<\/p>\n<p>973 Tafeln gibt es bundesweit. \u00dcberall gilt derselbe Grundsatz: Lebensmittel retten und damit Menschen helfen. Die F\u00f6hrer Tafel ist mit derzeit 99 regis-trierten Kunden und 188 zu versorgenden Personen sicher eine der kleinsten. Doch \u00e4hnlich wie in Wuppertal oder Leipzig, wo die Tafeln etwa 12.000 Kunden z\u00e4hlen, sind zu den urspr\u00fcnglich eingeplanten Hilfsbed\u00fcrftigen in den letzten Monaten viele Fl\u00fcchtlinge hinzugekommen, denen man ebenfalls helfen m\u00f6chte. Die 188 Personen der hiesigen Tafel teilen sich derzeit wie folgt auf: 43 F\u00f6hrer, 2 Eritreer, 11 Jemeniten, 52 Syrer,<br \/>4 Afghanen und 76 Ukrainer.<\/p>\n<p>Noch bevor am Gr\u00fcnstreifen die allw\u00f6chentliche Ausgabe begann, nahm Andreas Steppuhn die Gelegenheit wahr, sich bei einigen der 42 aktiven Ehrenamtlichen der F\u00f6hrer Tafel pers\u00f6nlich f\u00fcr deren erbrachte Arbeit zu bedanken. In der Berliner Zentrale bem\u00fche man sich, eine bestm\u00f6gliche Vorarbeit zu leisten. Zus\u00e4tzlich zu den Einnahmen aus Spenden und Lotterien, habe durch Vereinbarungen mit den gro\u00dfen Lebensmittelketten eine gesunde Basis f\u00fcr die Versorgung der Tafeln getroffen werden k\u00f6nnen. Die n\u00e4chste Aufgabe sei es nun, Hersteller und Produzenten vermehrt direkt \u00bbanzuzapfen\u00ab, bei denen noch viel entsorgt werde.<\/p>\n<p>Aktuell sucht die F\u00f6hrer Tafel, die im kommenden Jahr ihr 15-j\u00e4hriges Bestehen feiern wird, noch Freiwillige f\u00fcr die Warenannahme (immer montags und mittwochs von 11 Uhr bis etwa 13 Uhr). Interessierte k\u00f6nnen sich telefonisch bei der Ausgabeverantwortlichen Steffy Meyer unter 0176-39576874 melden.<\/p>\n<p>[\/et_pb_text][et_pb_image src=&#8220;https:\/\/wirinsulaner.de\/wp-content\/uploads\/2024\/06\/20240606_132018.jpg&#8220; _builder_version=&#8220;4.25.2&#8243; _module_preset=&#8220;default&#8220; theme_builder_area=&#8220;post_content&#8220; title_text=&#8220;20240606_132018&#8243; hover_enabled=&#8220;0&#8243; sticky_enabled=&#8220;0&#8243;][\/et_pb_image][et_pb_text _builder_version=&#8220;4.25.2&#8243; _module_preset=&#8220;default&#8220; theme_builder_area=&#8220;post_content&#8220; hover_enabled=&#8220;0&#8243; sticky_enabled=&#8220;0&#8243;]<\/p>\n<p><em>Interessiert l\u00e4sst sich der Bundesvorsitzende Andreas Steppuhn (mi.) von Dr. Matthias Zietz (li.) und Gert Binder alles zeigen<\/em><\/p>\n<p>[\/et_pb_text][\/et_pb_column][\/et_pb_row][\/et_pb_section]<\/p>\n","protected":false},"excerpt":{"rendered":"<p>Das eigene Logo der F\u00f6hrer Tafel fiel ihm sofort ins Auge. \u00dcberhaupt war Andreas Steppuhn, Vorstandsvorsitzender der Tafel Deutschland e.V., vom pers\u00f6nlichen Charakter des kleinen Tafelhauses am Wyker Gr\u00fcnstreifen gleich angetan. Als Kind war Andreas Steppuhn \u00f6fter mit seinen Eltern in Richtung Nordsee gereist, doch nun verbrachte er das erste Mal einen Urlaub auf F\u00f6hr \u2013 und nutzte dies zu einer Stippvisite bei der Inseltafel. Dort war gerade alles hergerichtet f\u00fcr die w\u00f6chentliche Lebensmittelausgabe.<\/p>\n","protected":false},"author":3,"featured_media":3646,"comment_status":"closed","ping_status":"open","sticky":false,"template":"","format":"standard","meta":{"_et_pb_use_builder":"on","_et_pb_old_content":"","_et_gb_content_width":"","footnotes":""},"categories":[16,5],"tags":[],"class_list":["post-3677","post","type-post","status-publish","format-standard","has-post-thumbnail","hentry","category-nachrichten","category-wyk"],"_links":{"self":[{"href":"https:\/\/wirinsulaner.de\/index.php?rest_route=\/wp\/v2\/posts\/3677","targetHints":{"allow":["GET"]}}],"collection":[{"href":"https:\/\/wirinsulaner.de\/index.php?rest_route=\/wp\/v2\/posts"}],"about":[{"href":"https:\/\/wirinsulaner.de\/index.php?rest_route=\/wp\/v2\/types\/post"}],"author":[{"embeddable":true,"href":"https:\/\/wirinsulaner.de\/index.php?rest_route=\/wp\/v2\/users\/3"}],"replies":[{"embeddable":true,"href":"https:\/\/wirinsulaner.de\/index.php?rest_route=%2Fwp%2Fv2%2Fcomments&post=3677"}],"version-history":[{"count":2,"href":"https:\/\/wirinsulaner.de\/index.php?rest_route=\/wp\/v2\/posts\/3677\/revisions"}],"predecessor-version":[{"id":3680,"href":"https:\/\/wirinsulaner.de\/index.php?rest_route=\/wp\/v2\/posts\/3677\/revisions\/3680"}],"wp:featuredmedia":[{"embeddable":true,"href":"https:\/\/wirinsulaner.de\/index.php?rest_route=\/wp\/v2\/media\/3646"}],"wp:attachment":[{"href":"https:\/\/wirinsulaner.de\/index.php?rest_route=%2Fwp%2Fv2%2Fmedia&parent=3677"}],"wp:term":[{"taxonomy":"category","embeddable":true,"href":"https:\/\/wirinsulaner.de\/index.php?rest_route=%2Fwp%2Fv2%2Fcategories&post=3677"},{"taxonomy":"post_tag","embeddable":true,"href":"https:\/\/wirinsulaner.de\/index.php?rest_route=%2Fwp%2Fv2%2Ftags&post=3677"}],"curies":[{"name":"wp","href":"https:\/\/api.w.org\/{rel}","templated":true}]}}