{"id":4003,"date":"2024-08-13T12:37:25","date_gmt":"2024-08-13T10:37:25","guid":{"rendered":"https:\/\/wirinsulaner.de\/?p=4003"},"modified":"2024-08-09T12:40:00","modified_gmt":"2024-08-09T10:40:00","slug":"einfuehrungsgottesdienst-fuer-pastor-lars-aue","status":"publish","type":"post","link":"https:\/\/wirinsulaner.de\/?p=4003","title":{"rendered":"Einf\u00fchrungsgottesdienst f\u00fcr Pastor Lars Aue"},"content":{"rendered":"<p>[et_pb_section fb_built=&#8220;1&#8243; _builder_version=&#8220;4.22.1&#8243; _module_preset=&#8220;default&#8220; global_colors_info=&#8220;{}&#8220; theme_builder_area=&#8220;post_content&#8220;][et_pb_row _builder_version=&#8220;4.22.1&#8243; _module_preset=&#8220;default&#8220; global_colors_info=&#8220;{}&#8220; theme_builder_area=&#8220;post_content&#8220;][et_pb_column type=&#8220;4_4&#8243; _builder_version=&#8220;4.22.1&#8243; _module_preset=&#8220;default&#8220; global_colors_info=&#8220;{}&#8220; theme_builder_area=&#8220;post_content&#8220;][et_pb_image src=&#8220;https:\/\/wirinsulaner.de\/wp-content\/uploads\/2024\/08\/20240714_154352x.jpg&#8220; _builder_version=&#8220;4.27.0&#8243; _module_preset=&#8220;default&#8220; hover_enabled=&#8220;0&#8243; global_colors_info=&#8220;{}&#8220; theme_builder_area=&#8220;post_content&#8220; title_text=&#8220;20240714_154352x&#8220; sticky_enabled=&#8220;0&#8243;][\/et_pb_image][et_pb_text _builder_version=&#8220;4.27.0&#8243; _module_preset=&#8220;default&#8220; hover_enabled=&#8220;0&#8243; global_colors_info=&#8220;{}&#8220; theme_builder_area=&#8220;post_content&#8220; sticky_enabled=&#8220;0&#8243;]<\/p>\n<p><em>Strahlende Gesichter: Pastor Lars Aue und Pr\u00f6pstin Annegret Wegner-Braun\u00a0 \u00a0 Foto: Andeas Hansen<\/em><\/p>\n<p><strong><em>Nach knapp elfmonatiger Wartezeit der Kirchengemeinde von St. Nicolai<\/em><\/strong>:<\/p>\n<h1>Einf\u00fchrungsgottesdienst f\u00fcr Pastor Lars Aue<\/h1>\n<p>\u00bbAuf diesen Tag haben wir lange gewartet\u00ab, sagte Pr\u00f6pstin Annegret Wegner-Braun und bedankte sich beim Kirchengemeinderat f\u00fcr die Bew\u00e4ltigung der knapp einj\u00e4hrigen Vakanzzeit, bei den vielen Vertretungspastoren f\u00fcr deren Einsatz sowie bei den Geistlichen der Insel f\u00fcr deren Mehrarbeit. Das war gleich zu Beginn des feierlichen Einf\u00fchrungsgottesdienstes f\u00fcr Pastor Lars Olaf Aue<br \/>Im September 2023 hatte sich der 1969 in L\u00fcbeck geborene Lars Aue auf die ausgeschriebene Stelle der Wyker Kirchengemeinde St. Nicolai beworben. Nach knapp sieben Jahren Dienst in der deutsch-evangelischen Gemeinde Toulouse im S\u00fcden Frankreichs nahe den Pyren\u00e4en, w\u00fcrde er gern wieder zur Nordkirche, seiner Landeskirche, zur\u00fcckkehren. Allerdings w\u00e4re dies erst im Sommer 2024 m\u00f6glich. Nach einem Kennenlerngespr\u00e4ch sowie einem Vorstellungsgottesdienst war die Sympathie seitens des Wyk-Boldixumer Kirchengemeinderats derart gro\u00df, dass dieser einstimmig entschied, Lars Aue zum neuen Pastor zu w\u00e4hlen \u2013 und die daraus hervorgehende Zeit bis zu dessen Dienstbeginn bestm\u00f6glich zu \u00fcberbr\u00fccken.<br \/>1.770 Kilometer liegen zwischen Wyk auf F\u00f6hr und Toulouse. Dort hatte Lars Aue als Pastor in erster Linie Mitarbeiter und deren Familienmitglieder von \u00bbAirbus\u00ab, Europas gr\u00f6\u00dftem Luft- und Raumfahrt- sowie zweitgr\u00f6\u00dftem R\u00fcstungskonzern, betreut. \u00bbEine Gemeinde auf Zeit\u00ab nannte Pr\u00f6pstin Annegret Wegner-Braun die dortige Kirchengemeinde, denn schlie\u00dflich h\u00e4tte es dort immer wieder ein Kommen und Gehen gegeben. Etwas, was man durchaus auch auf F\u00f6hr erleben k\u00f6nne. Denn neben den Familien mit jahrhundertealten Wurzeln w\u00fcrde es immer wieder Menschen auf die Insel locken, die nach einer l\u00e4ngeren oder k\u00fcrzeren Zeit diese irgendwann wieder verlassen w\u00fcrden. \u00bbEine durchaus sch\u00f6ne Vorstellung: Sich in einer Gemeinde geborgen f\u00fchlen und dann vielleicht weiterziehen, wenn es an der Zeit ist. Der aus Norddeutschland stammende Aue w\u00fcrde frische Luft und das Wissen um andere kulturelle Sch\u00e4tze mitbringen\u00ab, sagte die Pr\u00f6pstin im Rahmen des Einf\u00fchrungsgottesdienstes in St. Nicolai am 14. Juli, dem Nationalfeiertag der Franzosen.<br \/>Zum feierlichen Dienstantritt sang der beliebte Gospelchor \u00bbUnf\u00f6hrgettable\u00ab zwei schwungvolle Lieder. Die Kirchengemeinde steuerte \u00bbIch lobe meinen Gott von ganzem Herzen\u00ab auf Deutsch und Franz\u00f6sisch bei. In seiner Antrittspredigt wies Pastor Aue darauf hin, dass es eines jeden Arbeit sei, einem Bedeutungsverlust der Kirche entgegenzusteuern. Ob durch den Gesang des Gospelchors, der t\u00e4glichen Arbeit in der evangelischen Kita, in der sonnt\u00e4glichen Predigt oder anderswo. Man d\u00fcrfe nicht mit dem Schicksal hadern, sondern solle die Ehre, Botschaft und Barmherzigkeit Gottes weitergeben und dabei den erbarmungsvollen Blick auf das Leben erhalten. F\u00fcr den neuen Pastor von St. Nicolai hie\u00df es im Anschluss an den Gottesdienst, reichlich H\u00e4nde sch\u00fctteln und Personen kennenlernen. Interessiert hatten sich viele Insulaner in der Boldixumer Kirche versammelt, wo die Kirchengemeinde reichlich Kaffee, Tee und Kuchen servierte. Deutlich sp\u00fcrbar waren sowohl Freude als auch Erleichterung, dass die Boldixumer Pastorenstelle mit Lars Aue wieder besetzt werden konnte. Dieser wird in den folgenden Wochen noch viele weitere H\u00e4nde zu sch\u00fctteln haben, doch die volle Unterst\u00fctzung der Kirchengemeinde ist ihm sicher.<\/p>\n<p>[\/et_pb_text][\/et_pb_column][\/et_pb_row][\/et_pb_section]<\/p>\n","protected":false},"excerpt":{"rendered":"<p>\u00bbAuf diesen Tag haben wir lange gewartet\u00ab, sagte Pr\u00f6pstin Annegret Wegner-Braun und bedankte sich beim Kirchengemeinderat f\u00fcr die Bew\u00e4ltigung der knapp einj\u00e4hrigen Vakanzzeit, bei den vielen Vertretungspastoren f\u00fcr deren Einsatz sowie bei den Geistlichen der Insel f\u00fcr deren Mehrarbeit. Das war gleich zu Beginn des feierlichen Einf\u00fchrungsgottesdienstes f\u00fcr Pastor Lars Olaf Aue.<\/p>\n","protected":false},"author":3,"featured_media":3944,"comment_status":"closed","ping_status":"open","sticky":false,"template":"","format":"standard","meta":{"_et_pb_use_builder":"on","_et_pb_old_content":"","_et_gb_content_width":"","footnotes":""},"categories":[27,16,5],"tags":[],"class_list":["post-4003","post","type-post","status-publish","format-standard","has-post-thumbnail","hentry","category-boldixum","category-nachrichten","category-wyk"],"_links":{"self":[{"href":"https:\/\/wirinsulaner.de\/index.php?rest_route=\/wp\/v2\/posts\/4003","targetHints":{"allow":["GET"]}}],"collection":[{"href":"https:\/\/wirinsulaner.de\/index.php?rest_route=\/wp\/v2\/posts"}],"about":[{"href":"https:\/\/wirinsulaner.de\/index.php?rest_route=\/wp\/v2\/types\/post"}],"author":[{"embeddable":true,"href":"https:\/\/wirinsulaner.de\/index.php?rest_route=\/wp\/v2\/users\/3"}],"replies":[{"embeddable":true,"href":"https:\/\/wirinsulaner.de\/index.php?rest_route=%2Fwp%2Fv2%2Fcomments&post=4003"}],"version-history":[{"count":2,"href":"https:\/\/wirinsulaner.de\/index.php?rest_route=\/wp\/v2\/posts\/4003\/revisions"}],"predecessor-version":[{"id":4005,"href":"https:\/\/wirinsulaner.de\/index.php?rest_route=\/wp\/v2\/posts\/4003\/revisions\/4005"}],"wp:featuredmedia":[{"embeddable":true,"href":"https:\/\/wirinsulaner.de\/index.php?rest_route=\/wp\/v2\/media\/3944"}],"wp:attachment":[{"href":"https:\/\/wirinsulaner.de\/index.php?rest_route=%2Fwp%2Fv2%2Fmedia&parent=4003"}],"wp:term":[{"taxonomy":"category","embeddable":true,"href":"https:\/\/wirinsulaner.de\/index.php?rest_route=%2Fwp%2Fv2%2Fcategories&post=4003"},{"taxonomy":"post_tag","embeddable":true,"href":"https:\/\/wirinsulaner.de\/index.php?rest_route=%2Fwp%2Fv2%2Ftags&post=4003"}],"curies":[{"name":"wp","href":"https:\/\/api.w.org\/{rel}","templated":true}]}}