{"id":4636,"date":"2025-01-28T12:12:00","date_gmt":"2025-01-28T11:12:00","guid":{"rendered":"https:\/\/wirinsulaner.de\/?p=4636"},"modified":"2025-01-27T10:46:50","modified_gmt":"2025-01-27T09:46:50","slug":"der-grueffelo-auf-friesisch-erschienen","status":"publish","type":"post","link":"https:\/\/wirinsulaner.de\/?p=4636","title":{"rendered":"\u00bbDer Gr\u00fcffelo\u00ab auf Friesisch erschienen"},"content":{"rendered":"<p>[et_pb_section fb_built=&#8220;1&#8243; theme_builder_area=&#8220;post_content&#8220; _builder_version=&#8220;4.27.4&#8243; _module_preset=&#8220;default&#8220;][et_pb_row _builder_version=&#8220;4.27.4&#8243; _module_preset=&#8220;default&#8220; theme_builder_area=&#8220;post_content&#8220;][et_pb_column _builder_version=&#8220;4.27.4&#8243; _module_preset=&#8220;default&#8220; type=&#8220;4_4&#8243; theme_builder_area=&#8220;post_content&#8220;][et_pb_text _builder_version=&#8220;4.27.4&#8243; _module_preset=&#8220;default&#8220; theme_builder_area=&#8220;post_content&#8220; hover_enabled=&#8220;0&#8243; sticky_enabled=&#8220;0&#8243;]<\/p>\n<p>Buchvorstellung mit begeisterten Kindern\u00a0 \u00a0Foto: Ferring Stiftung<\/p>\n<p>Wow! Der Alkersumer Ferring Stiftung ist nach der Synchronisierung des \u00bbKikaninchens\u00ab ins Friesische ein zweiter gro\u00dfer Coup gelungen: Den \u00bbGr\u00fcffelo\u00ab \u2013 jenen Kinderbuchklassiker aus England \u2013 gibt es ab sofort auch auf Fering und \u00d6\u00f6mrang! Den Anfang nahm alles, als die kleine Amelie, Tochter von Robert Kleih, Vorsitzender der Ferring Stiftung, aus dem Kindergarten nach Hause kam und von dem Kinderbuch schw\u00e4rmte. Ihr Vater stellte sich gleich vor, wie cool es w\u00e4re, aus so einem Weltbestseller zu rezitieren, wenn er auf Friesisch w\u00e4re. Und so nahm alles seinen Lauf \u2026<\/p>\n<p>Im Jahr 1999 erschien das Kinderbuch \u00bbDer Gr\u00fcffelo\u00ab von der Britin Julia Donaldson, illustriert vom deutschen, in London lebenden Axel Scheffler. Es erz\u00e4hlt vom Waldspaziergang einer Maus. Diese trifft im Wald nacheinander auf einen Fuchs, eine Eule und eine Schlange. Alle der gef\u00e4hrlichen Tiere laden die Maus heimt\u00fcckisch nach Hause zu einer Mahlzeit ein. Doch die schlaue Maus schl\u00e4gt alle Einladungen aus und sagt, sie w\u00e4re mit dem Gr\u00fcffelo verabredet, den sie sich gerade nur ausgedacht hat. Da die Tiere den Gr\u00fcffelo nicht kennen, beschreibt sie ihn mit seinen feurigen Augen, gr\u00e4sslichen Tatzen, schrecklichen Klauen und dem Hinweis, dass dieser mit Vorliebe F\u00fcchse, Eulen und Schlangen verzehren w\u00fcrde. Alle Tiere erschrecken daraufhin f\u00fcrchterlich und suchen das Weite.<br \/>Doch dann trifft die Maus tats\u00e4chlich auf den Gr\u00fcffelo, der sie ebenfalls verspeisen m\u00f6chte. Doch schlau, wie die Maus ist, antwortet sie dem Gr\u00fcffelo, dass alle Tiere im Wald Angst vor ihr h\u00e4tten und geht mit ihm zum Fuchs, zur Eule und zur Schlange, die sich alle ver\u00e4ngstigt schnell wieder verabschieden. Zum Abschluss erz\u00e4hlt sie dem Gr\u00fcffelo, dass sie am liebsten Gr\u00fcffelogr\u00fctze isst, woraufhin auch dieser Rei\u00dfaus nimmt. So kann die Maus am Ende in Ruhe ihre N\u00fcsse knabbern.<br \/>Nachdem Robert Kleih mit dem gro\u00dfen Londoner MacMillan-Verlag die Rechte kl\u00e4ren konnte, wurde das Buch ins Friesische und \u00d6\u00f6mrang \u00fcbersetzt und mit einer Auflage von je 1.000 St\u00fcck in gebundener Form gedruckt. Auf einer Release-Party mit mehreren Kinderg\u00e4rten wurde das Buch feierlich vorgelesen. Dazu gab es Schokolade und es wurde gebastelt.<\/p>\n<p>\u00bbA Gr\u00fcfelo \u00fc\u00fcb fering\u00ab, diese \u00dcbersetzung des Gr\u00fcffelo, der mittlerweile auch erfolgreich verfilmt wurde und den es sogar auf einer Briefmarke der Deutschen Bundespost gibt, stellt ein sch\u00f6nes Beispiel erfolgreicher, zeitgem\u00e4\u00dfer Arbeit zur F\u00f6rderung der Friesischen Sprache dar. Die gebundene Fassung ist bei der Ferring Stiftung in Alkersum sowie im Buchhandel erh\u00e4ltlich \u2013 und kostet 15 Euro.<\/p>\n<p>[\/et_pb_text][et_pb_image src=&#8220;https:\/\/wirinsulaner.de\/wp-content\/uploads\/2025\/01\/20241225_090658.jpg&#8220; _builder_version=&#8220;4.27.4&#8243; _module_preset=&#8220;default&#8220; theme_builder_area=&#8220;post_content&#8220; title_text=&#8220;Gr\u00fcfelo&#8220; hover_enabled=&#8220;0&#8243; sticky_enabled=&#8220;0&#8243;][\/et_pb_image][\/et_pb_column][\/et_pb_row][\/et_pb_section]<\/p>\n","protected":false},"excerpt":{"rendered":"<p>Wow! Der Alkersumer Ferring Stiftung ist nach der Synchronisierung des \u00bbKikaninchens\u00ab ins Friesische ein zweiter gro\u00dfer Coup gelungen: Den \u00bbGr\u00fcffelo\u00ab \u2013 jenen Kinderbuchklassiker aus England \u2013 gibt es ab sofort auch auf Fering und \u00d6\u00f6mrang! Den Anfang nahm alles, als die kleine Amelie, Tochter von Robert Kleih, Vorsitzender der Ferring Stiftung, aus dem Kindergarten nach Hause kam und von dem Kinderbuch schw\u00e4rmte. Ihr Vater stellte sich gleich vor, wie cool es w\u00e4re, aus so einem Weltbestseller zu rezitieren, wenn er auf Friesisch w\u00e4re. Und so nahm alles seinen Lauf \u2026<\/p>\n","protected":false},"author":3,"featured_media":4605,"comment_status":"closed","ping_status":"open","sticky":false,"template":"","format":"standard","meta":{"_et_pb_use_builder":"on","_et_pb_old_content":"","_et_gb_content_width":"","footnotes":""},"categories":[29,16],"tags":[],"class_list":["post-4636","post","type-post","status-publish","format-standard","has-post-thumbnail","hentry","category-buchtipp","category-nachrichten"],"_links":{"self":[{"href":"https:\/\/wirinsulaner.de\/index.php?rest_route=\/wp\/v2\/posts\/4636","targetHints":{"allow":["GET"]}}],"collection":[{"href":"https:\/\/wirinsulaner.de\/index.php?rest_route=\/wp\/v2\/posts"}],"about":[{"href":"https:\/\/wirinsulaner.de\/index.php?rest_route=\/wp\/v2\/types\/post"}],"author":[{"embeddable":true,"href":"https:\/\/wirinsulaner.de\/index.php?rest_route=\/wp\/v2\/users\/3"}],"replies":[{"embeddable":true,"href":"https:\/\/wirinsulaner.de\/index.php?rest_route=%2Fwp%2Fv2%2Fcomments&post=4636"}],"version-history":[{"count":2,"href":"https:\/\/wirinsulaner.de\/index.php?rest_route=\/wp\/v2\/posts\/4636\/revisions"}],"predecessor-version":[{"id":4638,"href":"https:\/\/wirinsulaner.de\/index.php?rest_route=\/wp\/v2\/posts\/4636\/revisions\/4638"}],"wp:featuredmedia":[{"embeddable":true,"href":"https:\/\/wirinsulaner.de\/index.php?rest_route=\/wp\/v2\/media\/4605"}],"wp:attachment":[{"href":"https:\/\/wirinsulaner.de\/index.php?rest_route=%2Fwp%2Fv2%2Fmedia&parent=4636"}],"wp:term":[{"taxonomy":"category","embeddable":true,"href":"https:\/\/wirinsulaner.de\/index.php?rest_route=%2Fwp%2Fv2%2Fcategories&post=4636"},{"taxonomy":"post_tag","embeddable":true,"href":"https:\/\/wirinsulaner.de\/index.php?rest_route=%2Fwp%2Fv2%2Ftags&post=4636"}],"curies":[{"name":"wp","href":"https:\/\/api.w.org\/{rel}","templated":true}]}}