{"id":4905,"date":"2025-04-02T14:21:19","date_gmt":"2025-04-02T12:21:19","guid":{"rendered":"https:\/\/wirinsulaner.de\/?p=4905"},"modified":"2025-04-02T14:21:20","modified_gmt":"2025-04-02T12:21:20","slug":"sportanlage-wird-erneuert","status":"publish","type":"post","link":"https:\/\/wirinsulaner.de\/?p=4905","title":{"rendered":"Sportanlage wird erneuert"},"content":{"rendered":"<p>[et_pb_section fb_built=&#8220;1&#8243; _builder_version=&#8220;4.22.1&#8243; _module_preset=&#8220;default&#8220; global_colors_info=&#8220;{}&#8220; theme_builder_area=&#8220;post_content&#8220;][et_pb_row _builder_version=&#8220;4.22.1&#8243; _module_preset=&#8220;default&#8220; global_colors_info=&#8220;{}&#8220; theme_builder_area=&#8220;post_content&#8220;][et_pb_column type=&#8220;4_4&#8243; _builder_version=&#8220;4.22.1&#8243; _module_preset=&#8220;default&#8220; global_colors_info=&#8220;{}&#8220; theme_builder_area=&#8220;post_content&#8220;][et_pb_image src=&#8220;https:\/\/wirinsulaner.de\/wp-content\/uploads\/2025\/04\/20250314_153406.jpg&#8220; _builder_version=&#8220;4.27.4&#8243; _module_preset=&#8220;default&#8220; hover_enabled=&#8220;0&#8243; global_colors_info=&#8220;{}&#8220; theme_builder_area=&#8220;post_content&#8220; title_text=&#8220;20250314_153406&#8243; sticky_enabled=&#8220;0&#8243;][\/et_pb_image][et_pb_text _builder_version=&#8220;4.27.4&#8243; _module_preset=&#8220;default&#8220; hover_enabled=&#8220;0&#8243; global_colors_info=&#8220;{}&#8220; theme_builder_area=&#8220;post_content&#8220; sticky_enabled=&#8220;0&#8243;]<\/p>\n<p><em>Erneuerungsarbeiten am Sportplatz der Eilun Feer Skuul\u00a0\u00a0\u00a0 Foto: Amt FA Andreas Hansen<\/em><\/p>\n<p><em><strong>Bauarbeiten bis Ende dieses Jahres:<\/strong><\/em><\/p>\n<h1>Sportanlage wird erneuert<\/h1>\n<p>\u00bbDer Sportunterricht leistet einen wichtigen Beitrag zum Bildungsauftrag der Schulen, denn er f\u00f6rdert die k\u00f6rperliche, seelische, kognitive und soziale Entwicklung der Sch\u00fclerinnen und Sch\u00fcler\u00ab, hei\u00dft es vom Land. An der Sportanlage der Eilun Feer Skuul (EFS) haben deshalb umfangreiche Erneuerungsarbeiten begonnen. Baumaschinen sind in gro\u00dfer Anzahl anger\u00fcckt. Unterkunftscontainer sowie ein Baub\u00fcro wurden aufgestellt, so dass in den n\u00e4chsten Wochen und Monaten die Aufarbeitung des in die Jahre gekommenen Sportplatzes erfolgen kann.<\/p>\n<p>Bei den anstehenden Arbeiten wird zun\u00e4chst die Laufbahn erneuert. Hierf\u00fcr wird als erster Schritt der Asphalt entfernt, der Untergrund neu aufgebaut und die umlaufende Entw\u00e4sserungsrinne saniert. Des Weiteren wird der Leichtathletikbereich mit Weitsprunganlage und Kugelsto\u00dfbereich neu hergerichtet, zwei neue Beachvolleyballfelder angelegt sowie neue Street- beziehungsweise Basketballk\u00f6rbe montiert. Die Arbeiten werden \u2013 wie es in der Pressemitteilung hei\u00dft -bis Ende dieses Jahres abgeschlossen sein.<\/p>\n<p>[\/et_pb_text][\/et_pb_column][\/et_pb_row][\/et_pb_section]<\/p>\n","protected":false},"excerpt":{"rendered":"<p>\u00bbDer Sportunterricht leistet einen wichtigen Beitrag zum Bildungsauftrag der Schulen, denn er f\u00f6rdert die k\u00f6rperliche, seelische, kognitive und soziale Entwicklung der Sch\u00fclerinnen und Sch\u00fcler\u00ab, hei\u00dft es vom Land.<\/p>\n","protected":false},"author":2,"featured_media":4869,"comment_status":"closed","ping_status":"open","sticky":false,"template":"","format":"standard","meta":{"_et_pb_use_builder":"on","_et_pb_old_content":"","_et_gb_content_width":"","footnotes":""},"categories":[27],"tags":[],"class_list":["post-4905","post","type-post","status-publish","format-standard","has-post-thumbnail","hentry","category-boldixum"],"_links":{"self":[{"href":"https:\/\/wirinsulaner.de\/index.php?rest_route=\/wp\/v2\/posts\/4905","targetHints":{"allow":["GET"]}}],"collection":[{"href":"https:\/\/wirinsulaner.de\/index.php?rest_route=\/wp\/v2\/posts"}],"about":[{"href":"https:\/\/wirinsulaner.de\/index.php?rest_route=\/wp\/v2\/types\/post"}],"author":[{"embeddable":true,"href":"https:\/\/wirinsulaner.de\/index.php?rest_route=\/wp\/v2\/users\/2"}],"replies":[{"embeddable":true,"href":"https:\/\/wirinsulaner.de\/index.php?rest_route=%2Fwp%2Fv2%2Fcomments&post=4905"}],"version-history":[{"count":3,"href":"https:\/\/wirinsulaner.de\/index.php?rest_route=\/wp\/v2\/posts\/4905\/revisions"}],"predecessor-version":[{"id":4909,"href":"https:\/\/wirinsulaner.de\/index.php?rest_route=\/wp\/v2\/posts\/4905\/revisions\/4909"}],"wp:featuredmedia":[{"embeddable":true,"href":"https:\/\/wirinsulaner.de\/index.php?rest_route=\/wp\/v2\/media\/4869"}],"wp:attachment":[{"href":"https:\/\/wirinsulaner.de\/index.php?rest_route=%2Fwp%2Fv2%2Fmedia&parent=4905"}],"wp:term":[{"taxonomy":"category","embeddable":true,"href":"https:\/\/wirinsulaner.de\/index.php?rest_route=%2Fwp%2Fv2%2Fcategories&post=4905"},{"taxonomy":"post_tag","embeddable":true,"href":"https:\/\/wirinsulaner.de\/index.php?rest_route=%2Fwp%2Fv2%2Ftags&post=4905"}],"curies":[{"name":"wp","href":"https:\/\/api.w.org\/{rel}","templated":true}]}}