{"id":5527,"date":"2025-07-22T12:20:00","date_gmt":"2025-07-22T10:20:00","guid":{"rendered":"https:\/\/wirinsulaner.de\/?p=5527"},"modified":"2025-07-18T09:41:27","modified_gmt":"2025-07-18T07:41:27","slug":"freienstein-praesentiert-seinen-neuen-standort","status":"publish","type":"post","link":"https:\/\/wirinsulaner.de\/?p=5527","title":{"rendered":"Freienstein pr\u00e4sentiert seinen neuen Standort"},"content":{"rendered":"<p>[et_pb_section fb_built=&#8220;1&#8243; theme_builder_area=&#8220;post_content&#8220; _builder_version=&#8220;4.27.4&#8243; _module_preset=&#8220;default&#8220;][et_pb_row _builder_version=&#8220;4.27.4&#8243; _module_preset=&#8220;default&#8220; theme_builder_area=&#8220;post_content&#8220;][et_pb_column _builder_version=&#8220;4.27.4&#8243; _module_preset=&#8220;default&#8220; type=&#8220;4_4&#8243; theme_builder_area=&#8220;post_content&#8220;][et_pb_text _builder_version=&#8220;4.27.4&#8243; _module_preset=&#8220;default&#8220; theme_builder_area=&#8220;post_content&#8220; hover_enabled=&#8220;0&#8243; sticky_enabled=&#8220;0&#8243;]<\/p>\n<p><em>Nun ist alles fertig und das Team komplett im Ziegeleiweg angekommen.<\/em><\/p>\n<p>Mit dem Start der neuen Saison pr\u00e4sentiert sich die Agentur \u00bbFreienstein auf F\u00f6hr\u00ab mit frischem Konzept und in neuen R\u00e4umlichkeiten. Nach der Schlie\u00dfung des Feinkostgesch\u00e4fts am Ziegeleiweg hat das Unternehmen diese Chance genutzt: Im Geb\u00e4ude der ehemaligen \u00bbKleinen S\u00fcnden\u00ab in Hafenn\u00e4he sind die Agenturen jetzt unter einem Dach vereint. Hier finden sich k\u00fcnftig \u00bbFreienstein auf F\u00f6hr\u00ab, \u00bbInsel F\u00f6hr Exklusiv\u00ab, \u00bbFreienstein und Koch Immobilien\u00ab sowie der Empfangs- und Servicebereich T\u00fcr an T\u00fcr \u2013 ein modernes Kompetenzzentrum f\u00fcr G\u00e4ste und Eigent\u00fcmer.<\/p>\n<p>Die bisherigen Standorte am Wyker S\u00fcdstrand und in Nieblum wurden geschlossen, nicht ohne sich bei den Vermietern f\u00fcr die gute Zeit dort zu bedanken. Mit dem neuen Standort wird ein zentraler Ort geschaffen, der durch k\u00fcrzere Wege und moderne Ausstattung effizientere Abl\u00e4ufe erm\u00f6glicht und Raum f\u00fcr pers\u00f6nliche Begegnungen bietet. Die Agentur wird weiterhin von Markus Freienstein und Klaus-Dieter Imlau gemeinsam geleitet, die auch in Zukunft mit Leidenschaft und Erfahrung daf\u00fcr sorgen wollen, dass G\u00e4ste und Eigent\u00fcmer bestens betreut werden.<br \/>Besonders wichtig bleibt der Agentur das, was sie seit fast 30 Jahren auszeichnet: Der pers\u00f6nliche Kontakt. Eigent\u00fcmer und G\u00e4ste werden nicht nur an den Objekten begr\u00fc\u00dft, sondern sind eingeladen, direkt ins B\u00fcro zu kommen \u2013 f\u00fcr Gespr\u00e4che, Beratung oder einfach eine kleine Auszeit.<\/p>\n<p>Am Dienstag, 29. Juli, von 11 bis 15 Uhr, \u00f6ffnet die Agentur ihre T\u00fcren und freut sich auf G\u00e4ste, Vermieter, Freunde und Nachbarn. F\u00fcr musikalische Unterhaltung sorgt der F\u00f6hrer Singer\/Songwriter Mattis Brodersen, der mit drei kleinen Sets (11, 12.30 und 14 Uhr) den Tag begleiten wird. Ein Umtrunk und kleine K\u00f6stlichkeiten aus der neuen \u00bbGenusswelt\u00ab runden das Programm ab.<\/p>\n<p>Neben den Agenturr\u00e4umen ist auch ein kleiner, liebevoll eingerichteter \u00bbi.f\u00f6hr\u00ab \u2013 Shop entstanden, in dem ausgew\u00e4hlte Spezialit\u00e4ten angeboten werden \u2013 von belgischen und Schweizer Pralinen \u00fcber handgesch\u00f6pfte Schokoladen bis hin zu Marmeladen aus dem Kupferkessel und ausgew\u00e4hlten Weinen und Champagner. Wie die Agenturen bleibt auch die \u00bbKleine Genusswelt\u00ab ganzj\u00e4hrig ge\u00f6ffnet.<br \/>Die Agentur blickt auf eine lange Geschichte zur\u00fcck: Gegr\u00fcndet wurde sie 1995 von Markus Freienstein in einem kleinen B\u00fcro in Wyk. Die kontinuierliche Entwicklung f\u00fchrte 2002 an die Strandstra\u00dfe, 2012 nach Nieblum mit dem neuen Zweig \u00bbInsel F\u00f6hr Exklusiv\u00ab und jetzt an den neuen zentralen Standort am Ziegeleiweg.<br \/>Heute betreut das Team \u00fcber 350 Objekte im hochwertigen Segment. Damit wurde die Grundlage f\u00fcr viele weitere erfolgreiche Jahre geschaffen \u2013 die Zukunft ist geordnet, ganz gleich, ob aus famili\u00e4rer Sicht oder anders. Die Ansprechpartner vor Ort sind das Team von \u00bbInsel F\u00f6hr Exklusiv\u00ab unter der B\u00fcroleitung von Astrid Schmidt und das Team von \u00bbFreienstein auf F\u00f6hr\u00ab unter der B\u00fcroleitung von Inken Freytag. Mit dem neuen Standort m\u00f6chte die Agentur nicht nur Vermietungskompetenz b\u00fcndeln, sondern auch einen Ort der Begegnung schaffen \u2013 herzlich, modern und nah an G\u00e4sten und Eigent\u00fcmern.<\/p>\n<p>[\/et_pb_text][et_pb_image src=&#8220;https:\/\/wirinsulaner.de\/wp-content\/uploads\/2025\/07\/Freienstein-3-.jpg&#8220; _builder_version=&#8220;4.27.4&#8243; _module_preset=&#8220;default&#8220; theme_builder_area=&#8220;post_content&#8220; title_text=&#8220;Das B\u00fcro von \u00bbFreienstein &#038; Koch Immobilien\u00ab&#8220; hover_enabled=&#8220;0&#8243; sticky_enabled=&#8220;0&#8243;][\/et_pb_image][et_pb_text _builder_version=&#8220;4.27.4&#8243; _module_preset=&#8220;default&#8220; theme_builder_area=&#8220;post_content&#8220; hover_enabled=&#8220;0&#8243; sticky_enabled=&#8220;0&#8243;]<\/p>\n<p><em>Das B\u00fcro von \u00bbFreienstein &amp; Koch Immobilien\u00ab<\/em><\/p>\n<p>[\/et_pb_text][et_pb_image src=&#8220;https:\/\/wirinsulaner.de\/wp-content\/uploads\/2025\/07\/Freienstein-4-.jpg&#8220; _builder_version=&#8220;4.27.4&#8243; _module_preset=&#8220;default&#8220; theme_builder_area=&#8220;post_content&#8220; title_text=&#8220;Der neue Anlaufpunkt f\u00fcr \u00bbInsel F\u00f6hr Exklusiv\u00ab&#8220; hover_enabled=&#8220;0&#8243; sticky_enabled=&#8220;0&#8243;][\/et_pb_image][et_pb_text _builder_version=&#8220;4.27.4&#8243; _module_preset=&#8220;default&#8220; theme_builder_area=&#8220;post_content&#8220; hover_enabled=&#8220;0&#8243; sticky_enabled=&#8220;0&#8243;]<\/p>\n<p><em>Der neue Anlaufpunkt f\u00fcr \u00bbInsel F\u00f6hr Exklusiv\u00ab<\/em><\/p>\n<p>[\/et_pb_text][et_pb_image src=&#8220;https:\/\/wirinsulaner.de\/wp-content\/uploads\/2025\/07\/Freienstein-5-.jpg&#8220; _builder_version=&#8220;4.27.4&#8243; _module_preset=&#8220;default&#8220; theme_builder_area=&#8220;post_content&#8220; title_text=&#8220;Der Empfangsbereich mit der kleinen \u00bbGenusswelt\u00ab.&#8220; hover_enabled=&#8220;0&#8243; sticky_enabled=&#8220;0&#8243;][\/et_pb_image][et_pb_text _builder_version=&#8220;4.27.4&#8243; _module_preset=&#8220;default&#8220; theme_builder_area=&#8220;post_content&#8220; hover_enabled=&#8220;0&#8243; sticky_enabled=&#8220;0&#8243;]<\/p>\n<p><em>Der Empfangsbereich mit der kleinen \u00bbGenusswelt\u00ab.<\/em><\/p>\n<p>[\/et_pb_text][\/et_pb_column][\/et_pb_row][\/et_pb_section]<\/p>\n","protected":false},"excerpt":{"rendered":"<p>Mit dem Start der neuen Saison pr\u00e4sentiert sich die Agentur \u00bbFreienstein auf F\u00f6hr\u00ab mit frischem Konzept und in neuen R\u00e4umlichkeiten. Nach der Schlie\u00dfung des Feinkostgesch\u00e4fts am Ziegeleiweg hat das Unternehmen diese Chance genutzt: Im Geb\u00e4ude der ehemaligen \u00bbKleinen S\u00fcnden\u00ab in Hafenn\u00e4he sind die Agenturen jetzt unter einem Dach vereint. Hier finden sich k\u00fcnftig \u00bbFreienstein auf F\u00f6hr\u00ab, \u00bbInsel F\u00f6hr Exklusiv\u00ab, \u00bbFreienstein und Koch Immobilien\u00ab sowie der Empfangs- und Servicebereich T\u00fcr an T\u00fcr \u2013 ein modernes Kompetenzzentrum f\u00fcr G\u00e4ste und Eigent\u00fcmer.<\/p>\n","protected":false},"author":2,"featured_media":5481,"comment_status":"closed","ping_status":"open","sticky":false,"template":"","format":"standard","meta":{"_et_pb_use_builder":"on","_et_pb_old_content":"","_et_gb_content_width":"","footnotes":""},"categories":[16,5],"tags":[],"class_list":["post-5527","post","type-post","status-publish","format-standard","has-post-thumbnail","hentry","category-nachrichten","category-wyk"],"_links":{"self":[{"href":"https:\/\/wirinsulaner.de\/index.php?rest_route=\/wp\/v2\/posts\/5527","targetHints":{"allow":["GET"]}}],"collection":[{"href":"https:\/\/wirinsulaner.de\/index.php?rest_route=\/wp\/v2\/posts"}],"about":[{"href":"https:\/\/wirinsulaner.de\/index.php?rest_route=\/wp\/v2\/types\/post"}],"author":[{"embeddable":true,"href":"https:\/\/wirinsulaner.de\/index.php?rest_route=\/wp\/v2\/users\/2"}],"replies":[{"embeddable":true,"href":"https:\/\/wirinsulaner.de\/index.php?rest_route=%2Fwp%2Fv2%2Fcomments&post=5527"}],"version-history":[{"count":2,"href":"https:\/\/wirinsulaner.de\/index.php?rest_route=\/wp\/v2\/posts\/5527\/revisions"}],"predecessor-version":[{"id":5529,"href":"https:\/\/wirinsulaner.de\/index.php?rest_route=\/wp\/v2\/posts\/5527\/revisions\/5529"}],"wp:featuredmedia":[{"embeddable":true,"href":"https:\/\/wirinsulaner.de\/index.php?rest_route=\/wp\/v2\/media\/5481"}],"wp:attachment":[{"href":"https:\/\/wirinsulaner.de\/index.php?rest_route=%2Fwp%2Fv2%2Fmedia&parent=5527"}],"wp:term":[{"taxonomy":"category","embeddable":true,"href":"https:\/\/wirinsulaner.de\/index.php?rest_route=%2Fwp%2Fv2%2Fcategories&post=5527"},{"taxonomy":"post_tag","embeddable":true,"href":"https:\/\/wirinsulaner.de\/index.php?rest_route=%2Fwp%2Fv2%2Ftags&post=5527"}],"curies":[{"name":"wp","href":"https:\/\/api.w.org\/{rel}","templated":true}]}}