{"id":5530,"date":"2025-07-22T12:22:00","date_gmt":"2025-07-22T10:22:00","guid":{"rendered":"https:\/\/wirinsulaner.de\/?p=5530"},"modified":"2025-07-18T09:43:54","modified_gmt":"2025-07-18T07:43:54","slug":"kulinarik-kultur-und-ein-buntes-programm","status":"publish","type":"post","link":"https:\/\/wirinsulaner.de\/?p=5530","title":{"rendered":"Kulinarik, Kultur und ein buntes Programm"},"content":{"rendered":"<p>[et_pb_section fb_built=&#8220;1&#8243; theme_builder_area=&#8220;post_content&#8220; _builder_version=&#8220;4.27.4&#8243; _module_preset=&#8220;default&#8220;][et_pb_row _builder_version=&#8220;4.27.4&#8243; _module_preset=&#8220;default&#8220; theme_builder_area=&#8220;post_content&#8220;][et_pb_column _builder_version=&#8220;4.27.4&#8243; _module_preset=&#8220;default&#8220; type=&#8220;4_4&#8243; theme_builder_area=&#8220;post_content&#8220;][et_pb_text _builder_version=&#8220;4.27.4&#8243; _module_preset=&#8220;default&#8220; theme_builder_area=&#8220;post_content&#8220; hover_enabled=&#8220;0&#8243; sticky_enabled=&#8220;0&#8243;]<\/p>\n<p><em>Ob Ferieng\u00e4ste oder Insulaner: Das Stadtteilfest ist bei allen sehr beliebt.<\/em><\/p>\n<p>Am Freitag, 25. Juli, ist es wieder soweit: Zum vierten Mal seit 2017 verwandelt sich das S\u00fcdstrandviertel in Wyk auf F\u00f6hr in eine farbenfrohe Festzone. Ab 12 Uhr l\u00e4dt die S\u00fcdstrand-Anwohnerinitiative in die Wald- und Osterstra\u00dfe zu einem vielseitigen Stadtteilfest f\u00fcr alle Generationen ein \u2013 mit Kulinarik, Kultur und ein wenig Kiez-Charme. <br \/>F\u00fcr das leibliche Wohl sorgen viele engagierte Viertelbetriebe wie die Fleischerei M\u00fcnster, das Restaurant \u00bbLa Vita\u00ab, das Eiscaf\u00e9 \u00bbGlenngelato\u00ab, die B\u00e4ckerei Mengel, der Edeka-Markt Morten Schmidt, \u00bbK\u00e4pt\u2019n Nolte Fisch &amp; Feinkost\u00ab, das China-Restaurant \u00bbPeking Ente\u00ab und weitere Gastronomen. Das bunte Programm umfasst einen Flohmarkt, Kunst- und Infost\u00e4nde, Live-Musik, Kinderaktionen und als H\u00f6hepunkt eine gro\u00dfe Tombola mit \u00fcber 100 Preisen. Der gute Zweck kommt dabei nicht zu kurz: Der Erl\u00f6s der Tombola flie\u00dft vollst\u00e4ndig in lokale Projekte. Er ist gedacht f\u00fcr die Arbeit des gemeinn\u00fctzigen Vereins Nordsee-Kurpark, der sich f\u00fcr den Erhalt und die Gestaltung des Wyker Kurparks einsetzt, sowie den beliebten F\u00f6hrer Kinder- und Jugendzirkus \u00bbCircus Mytilus\u00ab, der jungen Menschen kreative Entfaltung erm\u00f6glicht.<br \/>Das S\u00fcdstrandviertel ist mehr als ein Stadtteil \u2013 es ist ein Ort gelebter Gemeinschaft, ein Viertel mit Herz und Geschichte. Hier, wo kleine L\u00e4den, Gastlichkeit und Nachbarschaftshilfe zum Alltag geh\u00f6ren, entstehen Feste aus Engagement. Die legend\u00e4ren Mittsommer- und Mittwinterfeste, das S\u00fcdstrandviertelfest und die Projekte des Nordsee-Kurpark e.V. sind Ausdruck einer lebendigen Anwohnerkultur, die zeigt, dass die Welt hier noch in Ordnung ist.<\/p>\n<p>[\/et_pb_text][\/et_pb_column][\/et_pb_row][\/et_pb_section]<\/p>\n","protected":false},"excerpt":{"rendered":"<p>Am Freitag, 25. Juli, ist es wieder soweit: Zum vierten Mal seit 2017 verwandelt sich das S\u00fcdstrandviertel in Wyk auf F\u00f6hr in eine farbenfrohe Festzone. Ab 12 Uhr l\u00e4dt die S\u00fcdstrand-Anwohnerinitiative in die Wald- und Osterstra\u00dfe zu einem vielseitigen Stadtteilfest f\u00fcr alle Generationen ein \u2013 mit Kulinarik, Kultur und ein wenig Kiez-Charme. <\/p>\n","protected":false},"author":2,"featured_media":5493,"comment_status":"closed","ping_status":"open","sticky":false,"template":"","format":"standard","meta":{"_et_pb_use_builder":"on","_et_pb_old_content":"","_et_gb_content_width":"","footnotes":""},"categories":[16,5],"tags":[],"class_list":["post-5530","post","type-post","status-publish","format-standard","has-post-thumbnail","hentry","category-nachrichten","category-wyk"],"_links":{"self":[{"href":"https:\/\/wirinsulaner.de\/index.php?rest_route=\/wp\/v2\/posts\/5530","targetHints":{"allow":["GET"]}}],"collection":[{"href":"https:\/\/wirinsulaner.de\/index.php?rest_route=\/wp\/v2\/posts"}],"about":[{"href":"https:\/\/wirinsulaner.de\/index.php?rest_route=\/wp\/v2\/types\/post"}],"author":[{"embeddable":true,"href":"https:\/\/wirinsulaner.de\/index.php?rest_route=\/wp\/v2\/users\/2"}],"replies":[{"embeddable":true,"href":"https:\/\/wirinsulaner.de\/index.php?rest_route=%2Fwp%2Fv2%2Fcomments&post=5530"}],"version-history":[{"count":2,"href":"https:\/\/wirinsulaner.de\/index.php?rest_route=\/wp\/v2\/posts\/5530\/revisions"}],"predecessor-version":[{"id":5532,"href":"https:\/\/wirinsulaner.de\/index.php?rest_route=\/wp\/v2\/posts\/5530\/revisions\/5532"}],"wp:featuredmedia":[{"embeddable":true,"href":"https:\/\/wirinsulaner.de\/index.php?rest_route=\/wp\/v2\/media\/5493"}],"wp:attachment":[{"href":"https:\/\/wirinsulaner.de\/index.php?rest_route=%2Fwp%2Fv2%2Fmedia&parent=5530"}],"wp:term":[{"taxonomy":"category","embeddable":true,"href":"https:\/\/wirinsulaner.de\/index.php?rest_route=%2Fwp%2Fv2%2Fcategories&post=5530"},{"taxonomy":"post_tag","embeddable":true,"href":"https:\/\/wirinsulaner.de\/index.php?rest_route=%2Fwp%2Fv2%2Ftags&post=5530"}],"curies":[{"name":"wp","href":"https:\/\/api.w.org\/{rel}","templated":true}]}}