{"id":5542,"date":"2025-07-22T12:24:00","date_gmt":"2025-07-22T10:24:00","guid":{"rendered":"https:\/\/wirinsulaner.de\/?p=5542"},"modified":"2025-07-18T09:51:19","modified_gmt":"2025-07-18T07:51:19","slug":"ein-wassersportevent-fuer-alle-generationen","status":"publish","type":"post","link":"https:\/\/wirinsulaner.de\/?p=5542","title":{"rendered":"Ein Wassersportevent f\u00fcr alle Generationen"},"content":{"rendered":"<p>[et_pb_section fb_built=&#8220;1&#8243; theme_builder_area=&#8220;post_content&#8220; _builder_version=&#8220;4.27.4&#8243; _module_preset=&#8220;default&#8220;][et_pb_row _builder_version=&#8220;4.27.4&#8243; _module_preset=&#8220;default&#8220; theme_builder_area=&#8220;post_content&#8220;][et_pb_column _builder_version=&#8220;4.27.4&#8243; _module_preset=&#8220;default&#8220; type=&#8220;4_4&#8243; theme_builder_area=&#8220;post_content&#8220;][et_pb_text _builder_version=&#8220;4.27.4&#8243; _module_preset=&#8220;default&#8220; theme_builder_area=&#8220;post_content&#8220; hover_enabled=&#8220;0&#8243; sticky_enabled=&#8220;0&#8243;]<\/p>\n<p><em>Geboten wird auch inklusiver Wassersport.<\/em><\/p>\n<p>Wenn das Wasser zum Spielfeld wird und Paddel durch die Luft schwingen, dann ist es wieder soweit: Der in diesem Jahr \u00bbhoch im norden SUP CUP\u00ab geht in seine sechste Runde! Am letzten Sonntag im Juli, ab 10 Uhr, verwandelt sich der Strand an der Seglerbr\u00fccke am Sandwall in Wyk erneut in ein sportliches Festival \u2013 mit einem bunten Programm f\u00fcr Stand-Up-Paddler jeden Alters.<br \/>In diesem Jahr freut sich das Veranstalter-Duo Mine und Flo Kirstein von \u00bbSUP Island\u00ab mit \u00bbhoch im norden\u00ab \u00fcber einen neuen Hauptsponsor, der das beliebte Jedermann-Rennen unterst\u00fctzt. Ein klares Zeichen daf\u00fcr, wie sehr das Event in der Region verwurzelt ist \u2013 und wie viel Herzblut Jahr f\u00fcr Jahr darin steckt.<br \/>Eingeladen sind alle: Ab sechs Jahre geht\u2019s los, nach oben sind keine Altersgrenze gesetzt. Ob zu Beginn der Paddelkarriere oder sportlicher Ehrgeiz, beim SUP CUP steht der Spa\u00df im Vordergrund. Besonders ist erneut das inklusive Rennen auf den riesigen SUPs, organisiert von Ela und Adrian Wachendorf von \u00bbSUP-Unity\u00ab. Hier wird Inklusion im Wassersport ganz gro\u00df geschrieben.<br \/>Neben den Kinderrennen sorgen die Sprintdistanzen und das Technical Race bei den Erwachsenen f\u00fcr sportlichen Nervenkitzel. Beim Technical Race wird direkt vom Strand gestartet, ein Dreieckskurs auf dem Wasser sorgt f\u00fcr Action und Taktik.<br \/>Den kr\u00f6nenden Abschluss bildet das beliebte Team Race, bei dem sich gemischte Vierergruppen \u2013 von Freunden, \u00fcber Sportteams bis hin zu Arbeitskollegen \u2013 auf dem Wasser messen. Kreative Teamnamen und jede Menge gute Laune sind garantiert!<br \/>F\u00fcr alle Teilnehmer gibt es wieder die hei\u00df begehrten Event-Shirts, dazu warten tolle Preise und ein unvergesslicher Tag am und auf dem Wasser. Auch Zuschauer sind herzlich willkommen, um anzufeuern, zu staunen und mitzufiebern. Siegerehrung ist gegen 17 Uhr. <br \/>Wer mitpaddeln m\u00f6chte, kann sich ganz einfach \u00fcber die Website anmelden (www.supisland.de\/sup-cup\/anmeldung). Mine und Flo Kirstein freuen sich auf einen SUPer Tag voller Gemeinschaft, Bewegung und Begeisterung.<\/p>\n<p>[\/et_pb_text][et_pb_image src=&#8220;https:\/\/wirinsulaner.de\/wp-content\/uploads\/2025\/07\/IMG_5373-1.jpg&#8220; _builder_version=&#8220;4.27.4&#8243; _module_preset=&#8220;default&#8220; theme_builder_area=&#8220;post_content&#8220; title_text=&#8220;Die Sprintdistanz und das Technical Race sorgen f\u00fcr Nervenkitzel.&#8220; hover_enabled=&#8220;0&#8243; sticky_enabled=&#8220;0&#8243;][\/et_pb_image][et_pb_text _builder_version=&#8220;4.27.4&#8243; _module_preset=&#8220;default&#8220; theme_builder_area=&#8220;post_content&#8220; hover_enabled=&#8220;0&#8243; sticky_enabled=&#8220;0&#8243;]<\/p>\n<p><em>Die Sprintdistanz und das Technical Race sorgen f\u00fcr Nervenkitzel.<\/em><\/p>\n<p>[\/et_pb_text][\/et_pb_column][\/et_pb_row][\/et_pb_section]<\/p>\n","protected":false},"excerpt":{"rendered":"<p>Wenn das Wasser zum Spielfeld wird und Paddel durch die Luft schwingen, dann ist es wieder soweit: Der in diesem Jahr \u00bbhoch im norden SUP CUP\u00ab geht in seine sechste Runde! Am letzten Sonntag im Juli, ab 10 Uhr, verwandelt sich der Strand an der Seglerbr\u00fccke am Sandwall in Wyk erneut in ein sportliches Festival \u2013 mit einem bunten Programm f\u00fcr Stand-Up-Paddler jeden Alters.<\/p>\n","protected":false},"author":2,"featured_media":5472,"comment_status":"closed","ping_status":"open","sticky":false,"template":"","format":"standard","meta":{"_et_pb_use_builder":"on","_et_pb_old_content":"","_et_gb_content_width":"","footnotes":""},"categories":[16,5],"tags":[],"class_list":["post-5542","post","type-post","status-publish","format-standard","has-post-thumbnail","hentry","category-nachrichten","category-wyk"],"_links":{"self":[{"href":"https:\/\/wirinsulaner.de\/index.php?rest_route=\/wp\/v2\/posts\/5542","targetHints":{"allow":["GET"]}}],"collection":[{"href":"https:\/\/wirinsulaner.de\/index.php?rest_route=\/wp\/v2\/posts"}],"about":[{"href":"https:\/\/wirinsulaner.de\/index.php?rest_route=\/wp\/v2\/types\/post"}],"author":[{"embeddable":true,"href":"https:\/\/wirinsulaner.de\/index.php?rest_route=\/wp\/v2\/users\/2"}],"replies":[{"embeddable":true,"href":"https:\/\/wirinsulaner.de\/index.php?rest_route=%2Fwp%2Fv2%2Fcomments&post=5542"}],"version-history":[{"count":2,"href":"https:\/\/wirinsulaner.de\/index.php?rest_route=\/wp\/v2\/posts\/5542\/revisions"}],"predecessor-version":[{"id":5544,"href":"https:\/\/wirinsulaner.de\/index.php?rest_route=\/wp\/v2\/posts\/5542\/revisions\/5544"}],"wp:featuredmedia":[{"embeddable":true,"href":"https:\/\/wirinsulaner.de\/index.php?rest_route=\/wp\/v2\/media\/5472"}],"wp:attachment":[{"href":"https:\/\/wirinsulaner.de\/index.php?rest_route=%2Fwp%2Fv2%2Fmedia&parent=5542"}],"wp:term":[{"taxonomy":"category","embeddable":true,"href":"https:\/\/wirinsulaner.de\/index.php?rest_route=%2Fwp%2Fv2%2Fcategories&post=5542"},{"taxonomy":"post_tag","embeddable":true,"href":"https:\/\/wirinsulaner.de\/index.php?rest_route=%2Fwp%2Fv2%2Ftags&post=5542"}],"curies":[{"name":"wp","href":"https:\/\/api.w.org\/{rel}","templated":true}]}}