{"id":5582,"date":"2025-08-05T12:00:00","date_gmt":"2025-08-05T10:00:00","guid":{"rendered":"https:\/\/wirinsulaner.de\/?p=5582"},"modified":"2025-08-01T10:51:54","modified_gmt":"2025-08-01T08:51:54","slug":"suedstrand-ahoi-wieder-ein-gewaltiger-erfolg","status":"publish","type":"post","link":"https:\/\/wirinsulaner.de\/?p=5582","title":{"rendered":"\u00bbS\u00fcdstrand \u2013 Ahoi!\u00ab wieder ein gewaltiger Erfolg"},"content":{"rendered":"\n[et_pb_section fb_built=&#8220;1&#8243; theme_builder_area=&#8220;post_content&#8220; _builder_version=&#8220;4.27.4&#8243; _module_preset=&#8220;default&#8220;][et_pb_row _builder_version=&#8220;4.27.4&#8243; _module_preset=&#8220;default&#8220; theme_builder_area=&#8220;post_content&#8220;][et_pb_column _builder_version=&#8220;4.27.4&#8243; _module_preset=&#8220;default&#8220; type=&#8220;4_4&#8243; theme_builder_area=&#8220;post_content&#8220;][et_pb_text _builder_version=&#8220;4.27.4&#8243; _module_preset=&#8220;default&#8220; theme_builder_area=&#8220;post_content&#8220; hover_enabled=&#8220;0&#8243; sticky_enabled=&#8220;0&#8243;]<p>Die S\u00fcdstrand-Anwohnerinitiative kann zufrieden sein: Zum vierten Mal seit 2017 veranstaltete sie ihr Viertelfest \u00bbS\u00fcdstrand \u2013 Ahoi!\u00ab und viele kamen zum St\u00f6bern, Schlemmen und einfach nur zum Feiern. Die vielen unterschiedlichen Betriebe am Wyker S\u00fcdstrand hatten daf\u00fcr gesorgt, dass sich die Festmeile in der Waldstra\u00dfe in Sachen Kulinarik und Kultur wieder bunt und vielseitig darstellte. Nicht zu vergessen die Flohmarkt-St\u00e4nde, an denen es auch dieses Mal wieder viel zu entdecken gab.<\/p>\n<p>Die Kinder hatten ihren Spa\u00df mit \u00bbMaikeMoin\u00ab alias Maike Jensen von der F\u00f6hr Touristik GmbH. Der F\u00f6hrer DJ Manu sorgte f\u00fcr den entsprechenden Sound und die brasilianische S\u00e4ngerin Cacau Gomez, die auf der Insel ihr Zuhause hat, mit Samba und Welthits f\u00fcr den Rhythmus. <br \/>Zum Schluss bildete sich noch eine Menschentraube: Die Gewinner der \u00fcber 100 Preise aus der Tombola wurden gezogen. Knapp 1.700 Lose waren verkauft worden. Der Erl\u00f6s plus Spenden geht zu gleichen Teilen an den Verein Nordsee-Kurpark zur Gestaltung des Kurparks und an den Kinder- und Jugendzirkus \u00bbCircus Mytilus\u00ab.<\/p>[\/et_pb_text][et_pb_gallery _builder_version=&#8220;4.27.4&#8243; _module_preset=&#8220;default&#8220; theme_builder_area=&#8220;post_content&#8220; gallery_ids=&#8220;5574,5573,5576,5577&#8243; show_title_and_caption=&#8220;off&#8220; show_pagination=&#8220;off&#8220; hover_enabled=&#8220;0&#8243; sticky_enabled=&#8220;0&#8243;][\/et_pb_gallery][\/et_pb_column][\/et_pb_row][\/et_pb_section]\n","protected":false},"excerpt":{"rendered":"<p>Die S\u00fcdstrand-Anwohnerinitiative kann zufrieden sein: Zum vierten Mal seit 2017 veranstaltete sie ihr Viertelfest \u00bbS\u00fcdstrand \u2013 Ahoi!\u00ab und viele kamen zum St\u00f6bern, Schlemmen und einfach nur zum Feiern. Die vielen unterschiedlichen Betriebe am Wyker S\u00fcdstrand hatten daf\u00fcr gesorgt, dass sich die Festmeile in der Waldstra\u00dfe in Sachen Kulinarik und Kultur wieder bunt und vielseitig darstellte. Nicht zu vergessen die Flohmarkt-St\u00e4nde, an denen es auch dieses Mal wieder viel zu entdecken gab.<\/p>\n","protected":false},"author":2,"featured_media":5575,"comment_status":"closed","ping_status":"open","sticky":false,"template":"","format":"standard","meta":{"_et_pb_use_builder":"on","_et_pb_old_content":"","_et_gb_content_width":"","footnotes":""},"categories":[16,5],"tags":[],"class_list":["post-5582","post","type-post","status-publish","format-standard","has-post-thumbnail","hentry","category-nachrichten","category-wyk"],"_links":{"self":[{"href":"https:\/\/wirinsulaner.de\/index.php?rest_route=\/wp\/v2\/posts\/5582","targetHints":{"allow":["GET"]}}],"collection":[{"href":"https:\/\/wirinsulaner.de\/index.php?rest_route=\/wp\/v2\/posts"}],"about":[{"href":"https:\/\/wirinsulaner.de\/index.php?rest_route=\/wp\/v2\/types\/post"}],"author":[{"embeddable":true,"href":"https:\/\/wirinsulaner.de\/index.php?rest_route=\/wp\/v2\/users\/2"}],"replies":[{"embeddable":true,"href":"https:\/\/wirinsulaner.de\/index.php?rest_route=%2Fwp%2Fv2%2Fcomments&post=5582"}],"version-history":[{"count":3,"href":"https:\/\/wirinsulaner.de\/index.php?rest_route=\/wp\/v2\/posts\/5582\/revisions"}],"predecessor-version":[{"id":5585,"href":"https:\/\/wirinsulaner.de\/index.php?rest_route=\/wp\/v2\/posts\/5582\/revisions\/5585"}],"wp:featuredmedia":[{"embeddable":true,"href":"https:\/\/wirinsulaner.de\/index.php?rest_route=\/wp\/v2\/media\/5575"}],"wp:attachment":[{"href":"https:\/\/wirinsulaner.de\/index.php?rest_route=%2Fwp%2Fv2%2Fmedia&parent=5582"}],"wp:term":[{"taxonomy":"category","embeddable":true,"href":"https:\/\/wirinsulaner.de\/index.php?rest_route=%2Fwp%2Fv2%2Fcategories&post=5582"},{"taxonomy":"post_tag","embeddable":true,"href":"https:\/\/wirinsulaner.de\/index.php?rest_route=%2Fwp%2Fv2%2Ftags&post=5582"}],"curies":[{"name":"wp","href":"https:\/\/api.w.org\/{rel}","templated":true}]}}