{"id":5599,"date":"2025-08-05T12:10:00","date_gmt":"2025-08-05T10:10:00","guid":{"rendered":"https:\/\/wirinsulaner.de\/?p=5599"},"modified":"2025-08-01T10:54:35","modified_gmt":"2025-08-01T08:54:35","slug":"christiane-eggeling-uebergibt-ihre-agentur","status":"publish","type":"post","link":"https:\/\/wirinsulaner.de\/?p=5599","title":{"rendered":"Christiane Eggeling \u00fcbergibt Ihre Agentur"},"content":{"rendered":"\n[et_pb_section fb_built=&#8220;1&#8243; theme_builder_area=&#8220;post_content&#8220; _builder_version=&#8220;4.27.4&#8243; _module_preset=&#8220;default&#8220;][et_pb_row _builder_version=&#8220;4.27.4&#8243; _module_preset=&#8220;default&#8220; theme_builder_area=&#8220;post_content&#8220;][et_pb_column _builder_version=&#8220;4.27.4&#8243; _module_preset=&#8220;default&#8220; type=&#8220;4_4&#8243; theme_builder_area=&#8220;post_content&#8220;][et_pb_text _builder_version=&#8220;4.27.4&#8243; _module_preset=&#8220;default&#8220; theme_builder_area=&#8220;post_content&#8220; hover_enabled=&#8220;0&#8243; sticky_enabled=&#8220;0&#8243;]<p><em>Christiane Eggeling (mi.) mit Berit Jachmich (li.) und Sonja Stitz<\/em><\/p>\n<p>Nach 20 Jahren Selbstst\u00e4ndigkeit hat sich Christiane Eggeling nun aus dem aktiven Gesch\u00e4ftsleben zur\u00fcckgezogen. In die R\u00e4umlichkeiten ihrer Vermittlungsagentur f\u00fcr Ferienobjekte im Ziegeleiweg 2 im Wyker Gewerbegebiet ist Sonja Stitz mit ihrem \u00bbF\u00f6hrer Feriendienst\u00ab eingezogen. Wie die Vermittlungsagentur f\u00fcr Ferienunterk\u00fcnfte \u00bbhoch im norden\u00ab, hat sie au\u00dferdem einen Teil der Objekte \u00fcbernommen \u2013 sowie auch zwei Mitarbeiterinnen. \u00bbIch bin sehr froh, dass ich alle Eigent\u00fcmer in anderen Agenturen gut unterbringen konnte\u00ab, erkl\u00e4rte Christiane Eggeling, die sich nun ganz beruhigt anderen Dingen widmen kann.<br \/>Der \u00bbF\u00f6hrer Feriendienst\u00ab wurde 1983 von den Eltern von Sonja Stitz gegr\u00fcndet. Ob in der Gro\u00dfen Stra\u00dfe in Wyk am Glockenturm, in der Boldixumer Stra\u00dfe 11 oder zuletzt im Ziegeleiweg 9, immer wieder war es n\u00f6tig geworden zu erweitern. \u00bbDie R\u00e4ume h\u00e4tte ich gern\u00ab, \u00fcberlegte deshalb Sonja Stitz, als sie davon h\u00f6rte, dass Christiane Eggeling vorhatte aufzuh\u00f6ren. Sie hatte die Agentur 2013 von ihren Eltern mit 40 Ferienobjekten \u00fcbernommen und ihrerseits weiter ausgebaut. Aus den zuvor knapp 70 Objekten sind es mit denen von Christiane Eggeling nun 100 geworden.<br \/>Der \u00bbF\u00f6hrer Feriendienst\u00ab vermittelt Objekte vom Einzimmer-Appartement bis hin zum F\u00fcnf-Sterne-Haus. Alles sei dabei, so Sonja Stitz, die au\u00dferdem gro\u00dfen Wert legt auf den pers\u00f6nlichen Kontakt mit den Ferieng\u00e4sten sowie einen zuvorkommenden Service.<br \/>Berit Jachmich und ihr Mann Sascha Bock haben die Agentur \u00bbhoch im norden\u00ab 2014 gegr\u00fcndet \u2013 damals noch in der Badestra\u00dfe in Wyk. Und nat\u00fcrlich mit wenigen Ferienobjekten. Doch immer mehr kamen hinzu, weshalb der Umzug in die M\u00fchlenstra\u00dfe erfolgte und Lagerr\u00e4ume in Midlum notwendig wurden. Heute befindet sich die Agentur im \u00bbGreenpark F\u00f6hr\u00ab im Wyker Gewerbegebiet am Hemkweg \u2013 mit 15 Mitarbeiterinnen und Mitarbeitern, f\u00fcnf im B\u00fcro und zehn im Reinigungsteam, mit einer eigenen W\u00e4scherei und einer kleinen N\u00e4hstube f\u00fcr den Eigenbedarf.<\/p>\n<p>Mit den 60 von Christiane Eggeling \u00fcbernommenen Objekten werden jetzt 140 von der Agentur umfassend betreut. Die Ferienwohnungen und -h\u00e4user mit Gr\u00f6\u00dfen von 40 bis 150 Quadratmetern sind ideal f\u00fcr eine entspannte Zeit zu zweit oder mit der ganzen Familie. Alle G\u00e4ste erhalten immer ein Willkommensgetr\u00e4nk zur Begr\u00fc\u00dfung, um nur ein Beispiel zu nennen.<br \/>Christiane Eggeling ist eine ausgebildete Reiseverkehrsfachfrau. Der Grundidee, den G\u00e4sten sch\u00f6ne Ferien zu bieten, folgte sie dann auch, als sie als Angestellte in eine Vermittlungsagentur f\u00fcr Ferienobjekte wechselte. 2005 machte sie sich dann selbstst\u00e4ndig, damals im Geb\u00e4ude der Tischlerei Lorenzen am Hemkweg in Wyk. Dort blieb sie zehn Jahre, pflegte den Kontakt zu den Eigent\u00fcmern und Ferieng\u00e4sten \u2013 und baute ihre Agentur nach und nach aus.<br \/>In der Spitze wurden von Christiane Eggeling zwischen 100 und 130 Objekte betreut. Inklusive der B\u00fcrokr\u00e4fte geh\u00f6rten 13 bis 14 Mitarbeiter und Mitarbeiterinnen zum Team. 2015 wurde die neuen R\u00e4ume in dem neugebauten Geb\u00e4ude im Ziegeleiweg bezogen und die Zukunft weitergeplant. Diese wird nun vom \u00bbF\u00f6hrer Feriendienst\u00ab und der Agentur \u00bbhoch im norden\u00ab weitergef\u00fchrt. Und Christiane Eggeling kann das ganz entspannt verfolgen.<\/p>[\/et_pb_text][et_pb_image src=&#8220;https:\/\/wirinsulaner.de\/wp-content\/uploads\/2025\/08\/Feriendienst-2-.jpg&#8220; _builder_version=&#8220;4.27.4&#8243; _module_preset=&#8220;default&#8220; theme_builder_area=&#8220;post_content&#8220; title_text=&#8220;Empfangsbereich vom \u00bbF\u00f6hrer Feriendienst\u00ab&#8220; hover_enabled=&#8220;0&#8243; sticky_enabled=&#8220;0&#8243;][\/et_pb_image][et_pb_text _builder_version=&#8220;4.27.4&#8243; _module_preset=&#8220;default&#8220; theme_builder_area=&#8220;post_content&#8220; hover_enabled=&#8220;0&#8243; sticky_enabled=&#8220;0&#8243;]<p><em>Empfangsbereich vom \u00bbF\u00f6hrer Feriendienst\u00ab<\/em><\/p>[\/et_pb_text][et_pb_image src=&#8220;https:\/\/wirinsulaner.de\/wp-content\/uploads\/2025\/08\/hoch-im-norden-.jpg&#8220; _builder_version=&#8220;4.27.4&#8243; _module_preset=&#8220;default&#8220; theme_builder_area=&#8220;post_content&#8220; title_text=&#8220;Empfangsbereich von \u00bbhoch im norden\u00ab&#8220; hover_enabled=&#8220;0&#8243; sticky_enabled=&#8220;0&#8243;][\/et_pb_image][et_pb_text _builder_version=&#8220;4.27.4&#8243; _module_preset=&#8220;default&#8220; theme_builder_area=&#8220;post_content&#8220; hover_enabled=&#8220;0&#8243; sticky_enabled=&#8220;0&#8243;]<p><em>Empfangsbereich von \u00bbhoch im norden\u00ab<\/em><\/p>[\/et_pb_text][\/et_pb_column][\/et_pb_row][\/et_pb_section]\n","protected":false},"excerpt":{"rendered":"<p>Nach 20 Jahren Selbstst\u00e4ndigkeit hat sich Christiane Eggeling nun aus dem aktiven Gesch\u00e4ftsleben zur\u00fcckgezogen. In die R\u00e4umlichkeiten ihrer Vermittlungsagentur f\u00fcr Ferienobjekte im Ziegeleiweg 2 im Wyker Gewerbegebiet ist Sonja Stitz mit ihrem \u00bbF\u00f6hrer Feriendienst\u00ab eingezogen. Wie die Vermittlungsagentur f\u00fcr Ferienunterk\u00fcnfte \u00bbhoch im norden\u00ab, hat sie au\u00dferdem einen Teil der Objekte \u00fcbernommen \u2013 sowie auch zwei Mitarbeiterinnen. \u00bbIch bin sehr froh, dass ich alle Eigent\u00fcmer in anderen Agenturen gut unterbringen konnte\u00ab, erkl\u00e4rte Christiane Eggeling, die sich nun ganz beruhigt anderen Dingen widmen kann.<\/p>\n","protected":false},"author":2,"featured_media":5564,"comment_status":"closed","ping_status":"open","sticky":false,"template":"","format":"standard","meta":{"_et_pb_use_builder":"on","_et_pb_old_content":"","_et_gb_content_width":"","footnotes":""},"categories":[16,5],"tags":[],"class_list":["post-5599","post","type-post","status-publish","format-standard","has-post-thumbnail","hentry","category-nachrichten","category-wyk"],"_links":{"self":[{"href":"https:\/\/wirinsulaner.de\/index.php?rest_route=\/wp\/v2\/posts\/5599","targetHints":{"allow":["GET"]}}],"collection":[{"href":"https:\/\/wirinsulaner.de\/index.php?rest_route=\/wp\/v2\/posts"}],"about":[{"href":"https:\/\/wirinsulaner.de\/index.php?rest_route=\/wp\/v2\/types\/post"}],"author":[{"embeddable":true,"href":"https:\/\/wirinsulaner.de\/index.php?rest_route=\/wp\/v2\/users\/2"}],"replies":[{"embeddable":true,"href":"https:\/\/wirinsulaner.de\/index.php?rest_route=%2Fwp%2Fv2%2Fcomments&post=5599"}],"version-history":[{"count":3,"href":"https:\/\/wirinsulaner.de\/index.php?rest_route=\/wp\/v2\/posts\/5599\/revisions"}],"predecessor-version":[{"id":5622,"href":"https:\/\/wirinsulaner.de\/index.php?rest_route=\/wp\/v2\/posts\/5599\/revisions\/5622"}],"wp:featuredmedia":[{"embeddable":true,"href":"https:\/\/wirinsulaner.de\/index.php?rest_route=\/wp\/v2\/media\/5564"}],"wp:attachment":[{"href":"https:\/\/wirinsulaner.de\/index.php?rest_route=%2Fwp%2Fv2%2Fmedia&parent=5599"}],"wp:term":[{"taxonomy":"category","embeddable":true,"href":"https:\/\/wirinsulaner.de\/index.php?rest_route=%2Fwp%2Fv2%2Fcategories&post=5599"},{"taxonomy":"post_tag","embeddable":true,"href":"https:\/\/wirinsulaner.de\/index.php?rest_route=%2Fwp%2Fv2%2Ftags&post=5599"}],"curies":[{"name":"wp","href":"https:\/\/api.w.org\/{rel}","templated":true}]}}