{"id":5605,"date":"2025-08-05T12:15:00","date_gmt":"2025-08-05T10:15:00","guid":{"rendered":"https:\/\/wirinsulaner.de\/?p=5605"},"modified":"2025-08-01T10:55:04","modified_gmt":"2025-08-01T08:55:04","slug":"livemusik-schlemmen-und-jede-menge-spass","status":"publish","type":"post","link":"https:\/\/wirinsulaner.de\/?p=5605","title":{"rendered":"Livemusik, Schlemmen und jede Menge Spa\u00df"},"content":{"rendered":"\n[et_pb_section fb_built=&#8220;1&#8243; theme_builder_area=&#8220;post_content&#8220; _builder_version=&#8220;4.27.4&#8243; _module_preset=&#8220;default&#8220;][et_pb_row _builder_version=&#8220;4.27.4&#8243; _module_preset=&#8220;default&#8220; theme_builder_area=&#8220;post_content&#8220;][et_pb_column _builder_version=&#8220;4.27.4&#8243; _module_preset=&#8220;default&#8220; type=&#8220;4_4&#8243; theme_builder_area=&#8220;post_content&#8220;][et_pb_text _builder_version=&#8220;4.27.4&#8243; _module_preset=&#8220;default&#8220; theme_builder_area=&#8220;post_content&#8220; hover_enabled=&#8220;0&#8243; sticky_enabled=&#8220;0&#8243;]<p><em>Livemusik trifft auf Lichterglanz.\u00a0 \u00a0 Foto: Harald Bickel<\/em><\/p>\n<p>Zwei Tage voller Livemusik, Schlemmen und Schlendern sowie Mitmachaktionen f\u00fcr Gro\u00df und Klein: Beim Hafenfestival an der Ostkaje des Wyker Binnenhafens am Freitag und Sonnabend, 8. und 9. August, ist auch dieses Jahr wieder einiges los. Nach der Er\u00f6ffnung durch den M\u00e4nnergesangverein \u00bbHarmonie\u00ab gibt es am ersten Tag Walking Acts, SUP-Angeboten f\u00fcr jede Altersgruppe, Open Ship auf dem Vermessungsschiff \u00bbKomet\u00ab und Konzerte mit dem F\u00f6hrer Singer\/Songwriter Mattis Brodersen, \u00bbGodewind\u00ab sowie der Santiano-Tribute-Band \u00bbKlabautermann\u00ab. <br \/>Der zweite Tag verspricht mit Minidisco, Spielstationen, einer Oldtimer-Pr\u00e4sentation, dem F\u00f6hrer Entenrennen, dem Blaulichttag der Wyker Feuerwehr sowie Open Ship auf dem Vermessungsschiff und Seenotrettungskreuzer jede Menge Spa\u00df und Abwechslung f\u00fcr die ganze Familie. F\u00fcr die passende musikalische Unterhaltung sorgen Matrosenbeats mit \u00bbMahoin\u00ab und Livemusik der Partyband \u00bbThe Jetlags\u00ab.<\/p>\n<h3>Das Programm<\/h3>\n<p><strong>Freitag, 8. August<\/strong> <br \/>14 Uhr: Er\u00f6ffnung mit dem M\u00e4nnergesangverein \u00bbHarmonie\u00ab<br \/>15 Uhr: Max, der kleine Dino; SUP-Schnupperkurs f\u00fcr Gro\u00df und Klein<br \/>16 Uhr: Kleine Hafenrundfahrt mit dem SUP; \u00bbMahoin\u00ab-Walk Act<br \/>17 Uhr: Mattis Brodersen \u2013 F\u00f6hrer Singer\/Songwriter; SUP f\u00fcr Rollstuhlfahrer<br \/>18.30 Uhr: \u00bbMahoin\u00ab \u2013 Walk Act<br \/>19.30 Uhr: \u00bbGodewind\u00ab<br \/>21.30 Uhr: Santiano-Tribute-Band<\/p>\n<p><strong>Sonnabend, 9. August<\/strong> <br \/>14 Uhr: Minidisco mit \u00bbMaikeMoin\u00ab; Open Ship auf dem Seenotrettungskreuzer \u00bbErnst Meier-<br \/>Hedde&#8220; der DGzRS (bis 17 Uhr); Freiwillige Feuerwehr Wyk auf F\u00f6hr stellt sich vor (bis 17 Uhr)<br \/>14.30 Uhr: SUP &amp; Wing-Schnupperstunde<br \/>15 Uhr: Platzkonzert der Musikfreunde F\u00f6hr-West; Oldtimerclub F\u00f6hr <br \/>(Rathausplatz)<br \/>15.30 Uhr: Tipps, Technik und Test \u2013 verschiedene SUPs und Moves<br \/>16.30 Uhr: SUP f\u00fcr Rollstuhlfahrer<br \/>17 Uhr: Spielespa\u00df mit \u00bbKrischanKrabbe\u00ab<br \/>18 Uhr: F\u00f6hrer Entenrennen<br \/>18.30 Uhr: Siegerehrung Entenrennen<br \/>19.30 Uhr: \u00bbMahoin\u00ab \u2013 Matrosenbeats und <br \/>Shantybrass aus Hamburg<br \/>21 Uhr: Partyband \u00bbJetlags\u00ab<\/p>[\/et_pb_text][\/et_pb_column][\/et_pb_row][\/et_pb_section]\n","protected":false},"excerpt":{"rendered":"<p>Livemusik trifft auf Lichterglanz.\u00a0 \u00a0 Foto: Harald Bickel Zwei Tage voller Livemusik, Schlemmen und Schlendern sowie Mitmachaktionen f\u00fcr Gro\u00df und Klein: Beim Hafenfestival an der Ostkaje des Wyker Binnenhafens am Freitag und Sonnabend, 8. und 9. August, ist auch dieses Jahr wieder einiges los. Nach der Er\u00f6ffnung durch den M\u00e4nnergesangverein \u00bbHarmonie\u00ab gibt es am ersten [&hellip;]<\/p>\n","protected":false},"author":2,"featured_media":5566,"comment_status":"closed","ping_status":"open","sticky":false,"template":"","format":"standard","meta":{"_et_pb_use_builder":"on","_et_pb_old_content":"","_et_gb_content_width":"","footnotes":""},"categories":[16,5],"tags":[],"class_list":["post-5605","post","type-post","status-publish","format-standard","has-post-thumbnail","hentry","category-nachrichten","category-wyk"],"_links":{"self":[{"href":"https:\/\/wirinsulaner.de\/index.php?rest_route=\/wp\/v2\/posts\/5605","targetHints":{"allow":["GET"]}}],"collection":[{"href":"https:\/\/wirinsulaner.de\/index.php?rest_route=\/wp\/v2\/posts"}],"about":[{"href":"https:\/\/wirinsulaner.de\/index.php?rest_route=\/wp\/v2\/types\/post"}],"author":[{"embeddable":true,"href":"https:\/\/wirinsulaner.de\/index.php?rest_route=\/wp\/v2\/users\/2"}],"replies":[{"embeddable":true,"href":"https:\/\/wirinsulaner.de\/index.php?rest_route=%2Fwp%2Fv2%2Fcomments&post=5605"}],"version-history":[{"count":3,"href":"https:\/\/wirinsulaner.de\/index.php?rest_route=\/wp\/v2\/posts\/5605\/revisions"}],"predecessor-version":[{"id":5624,"href":"https:\/\/wirinsulaner.de\/index.php?rest_route=\/wp\/v2\/posts\/5605\/revisions\/5624"}],"wp:featuredmedia":[{"embeddable":true,"href":"https:\/\/wirinsulaner.de\/index.php?rest_route=\/wp\/v2\/media\/5566"}],"wp:attachment":[{"href":"https:\/\/wirinsulaner.de\/index.php?rest_route=%2Fwp%2Fv2%2Fmedia&parent=5605"}],"wp:term":[{"taxonomy":"category","embeddable":true,"href":"https:\/\/wirinsulaner.de\/index.php?rest_route=%2Fwp%2Fv2%2Fcategories&post=5605"},{"taxonomy":"post_tag","embeddable":true,"href":"https:\/\/wirinsulaner.de\/index.php?rest_route=%2Fwp%2Fv2%2Ftags&post=5605"}],"curies":[{"name":"wp","href":"https:\/\/api.w.org\/{rel}","templated":true}]}}