{"id":5614,"date":"2025-08-05T12:25:00","date_gmt":"2025-08-05T10:25:00","guid":{"rendered":"https:\/\/wirinsulaner.de\/?p=5614"},"modified":"2025-08-01T10:51:03","modified_gmt":"2025-08-01T08:51:03","slug":"leben-und-werk-von-enzian-calvados","status":"publish","type":"post","link":"https:\/\/wirinsulaner.de\/?p=5614","title":{"rendered":"Leben und Werk von Enzian Calvados"},"content":{"rendered":"<p>[et_pb_section fb_built=&#8220;1&#8243; theme_builder_area=&#8220;post_content&#8220; _builder_version=&#8220;4.27.4&#8243; _module_preset=&#8220;default&#8220;][et_pb_row _builder_version=&#8220;4.27.4&#8243; _module_preset=&#8220;default&#8220; theme_builder_area=&#8220;post_content&#8220;][et_pb_column _builder_version=&#8220;4.27.4&#8243; _module_preset=&#8220;default&#8220; type=&#8220;4_4&#8243; theme_builder_area=&#8220;post_content&#8220;][et_pb_text _builder_version=&#8220;4.27.4&#8243; _module_preset=&#8220;default&#8220; theme_builder_area=&#8220;post_content&#8220; hover_enabled=&#8220;0&#8243; sticky_enabled=&#8220;0&#8243;]<\/p>\n<p><em>J\u00f6rdis Wieck, die wissenschaftliche Mitarbeiterin, in der Ausstellung<\/em><\/p>\n<p>Anl\u00e4sslich des 100. Geburtstags von Enzian Calvados (1925\u20132016) widmet das Dr.-Carl-H\u00e4berlin-Friesen-Museum in Wyk auf F\u00f6hr dem au\u00dfergew\u00f6hnlichen K\u00fcnstler, dessen Leben und Werk untrennbar verbunden sind mit der Insel, ihrer Landschaft und dem Dorf Oldsum, eine umfassende Sonderausstellung. Die Ausstellung \u00bbEnzian Calvados \u2013 Retrospektive zum 100. Geburtstag\u00ab wurde er\u00f6ffnet von Julia Sophie Kreetz, Kuratorin und stellvertretende Museumsleiterin in Elternzeit, die eine besondere Beziehung hat zum Maler und zu seiner Frau Susi Hackanson-Boskamp.<br \/>Die erste Idee zu dieser Ausstellung reicht weit zur\u00fcck bis ins Jahr 2009. Als Julia Sophie Kreetz, damals noch Abiturientin, von Enzian und seiner Frau Susi eine Einladung zum Tee in ihr Haus in Oldsum erhielt. Anlass war die damalige Sch\u00fclerausstellung \u00bbZwischen Stille und Sturm\u00ab im gerade er\u00f6ffneten Museum Kunst der Westk\u00fcste in Alkersum. Mehr als 15 Jahre sind seither vergangen. \u00bbDoch die Erinnerung an diesen charismatischen K\u00fcnstler, der im Alter von 90 Jahren verstarb, blieb\u00ab, so die Kuratorin. Und mit ihr der Wunsch, ihm anl\u00e4sslich seines 100. Geburtstags eine Ausstellung zu widmen, die seinem vielf\u00e4ltigen Schaffen gerecht werde. So wurde die Wiederbegegnung mit Susi Hackanson-Boskamp im Mai 2024, in jenem unverwechselbaren, wei\u00df get\u00fcnchten Reetdachhaus in Oldsum, der Auftakt zu einer intensiven, inspirierenden Auseinandersetzung mit seinem Nachlass und seiner Biografie<br \/>Geboren am 4. M\u00e4rz 1925 in Danzig als Ernst Kurt Maria Boskamp, wuchs Enzian Calvados in einer traditionsreichen Pharmazeutenfamilie auf. In Danzig erlebte Enzian den Beginn des Zweiten Weltkriegs mit und seine Erlebnisse der darauffolgenden Jahre pr\u00e4gten ihn zutiefst. 1943 wurde er zur Wehrmacht eingezogen, k\u00e4mpfte in der Panzertruppe und wurde 1944 schwer verwundet, wodurch er den Rest des Kriegs in einem Lazarett in \u00d6sterreich verbrachte. Nach der Entlassung im letzten Kriegsjahr floh er mit seinem Bruder nach Schleswig-Holstein, wo er beim Wiederaufbau des elterlichen Unternehmens Pohl-Boskamp mitwirkte.<\/p>\n<p>Nach Kriegsende holte Calvados sein Abitur nach, absolvierte eine kaufm\u00e4nnische Ausbildung und studierte anschlie\u00dfend Chemie, mit kurzen Abstechern in die Medizin. 1959 promovierte er in Karlsruhe und war ab Ende der 1950er Jahre als Betriebsleiter bei der Deutschen Gold- und Silberscheideanstalt (Degussa) t\u00e4tig. Aufgrund ethischer Differenzen verlie\u00df er das Unternehmen \u2013 ein Schritt, der auch seine sp\u00e4teren k\u00fcnstlerischen Themen stark beeinflusste.<br \/>Bereits w\u00e4hrend seiner Industrielaufbahn begann Calvados sich der Kunst zu widmen, als eine Reaktion auf das Gef\u00fchl des \u00bbnicht vollst\u00e4ndig Ausgef\u00fclltseins\u00ab. Mit dem Bruch bei Degussa wird aus Dr. Ernst Boskamp der Berufsmaler Enzian, der sich wenig f\u00fcr die starren Strukturen traditioneller Galerie-Ausstellungen interessierte. Ihn zog es mehr zu spontanen Kunst-Aktionen und unkonventionellen Happenings, die ihm Raum f\u00fcr Kreativit\u00e4t und Ausdruck lie\u00dfen.<br \/>1968 f\u00fchrte es ihn auf Anregung und Einladung eines alten Schulfreunds erstmals auf die Nordseeinsel F\u00f6hr, wo er schlie\u00dflich seinen zweiten Namenszusatz \u00bbCalvados\u00ab erhielt. Der Anblick der F\u00f6hrer Marsch mit ihren faszinierenden Wolkenformationen und der weitl\u00e4ufigen Landschaft lie\u00df den K\u00fcnstler aus der Gro\u00dfstadt nicht unber\u00fchrt. Im Jahr 1971 lie\u00df er sich in Oldsum nieder, wo er in \u00bbMarys Haus\u00ab sein Zuhause fand und von wo aus er ein halbes Jahrhundert lang die Kunstszene auf F\u00f6hr pr\u00e4gte.<\/p>\n<p>In \u00bbMarys Haus\u00ab schuf Enzian Calvados ein vielgestaltiges \u0152uvre aus expressionistischen \u00d6lgem\u00e4lden, feinf\u00fchligen Aquarellen und detailreichen Druckgrafiken. Besonders bekannt wurde er durch seine farbenpr\u00e4chtigen Blumenbilder \u2013 Sonnenblumen, blaue Lupinen und roter Mohn \u2013, deren Rahmen er h\u00e4ufig selbst aus alten Holzbalken F\u00f6hrer Bauernh\u00e4user fertigte.<br \/>Zentrum seines k\u00fcnstlerischen Schaffens war der von ihm gestaltete Bauerngarten rund um \u00bbMarys Haus\u00ab, der sich als zentrales Motiv durch viele seiner Werke zieht. Doch seine Kunst ist mehr als reine Naturbeobachtung: Calvados widmete sich auch philosophischen und politischen Fragestellungen, die sich in seinen Werken sowie k\u00fcnstlerischen Interventionen widerspiegeln. Auf seinen Reisen nach Indien, S\u00fcdfrankreich und Tunesien fand er zus\u00e4tzliche Impulse. Auch seine medizinisch-naturwissenschaftliche Herkunft blieb ein pr\u00e4gender Aspekt seines vielschichtigen Lebenswerks.<\/p>\n<p>Die Ausstellung, die noch bis zum 31.Oktober zu sehen ist, bietet einen umfassenden Einblick in alle Schaffensphasen des K\u00fcnstlers und wird begleitet von einem umfangreichen Katalog in der Schriftenreihe des Museums.<\/p>\n<p>[\/et_pb_text][et_pb_image src=&#8220;https:\/\/wirinsulaner.de\/wp-content\/uploads\/2025\/08\/Enzian-06-250211-min.jpg&#8220; _builder_version=&#8220;4.27.4&#8243; _module_preset=&#8220;default&#8220; theme_builder_area=&#8220;post_content&#8220; title_text=&#8220;Enzian Calvados damals in seinem Atelier&#8220; hover_enabled=&#8220;0&#8243; sticky_enabled=&#8220;0&#8243;][\/et_pb_image][et_pb_text _builder_version=&#8220;4.27.4&#8243; _module_preset=&#8220;default&#8220; theme_builder_area=&#8220;post_content&#8220; hover_enabled=&#8220;0&#8243; sticky_enabled=&#8220;0&#8243;]<\/p>\n<p><em>Enzian Calvados damals in seinem Atelier<\/em><\/p>\n<p>[\/et_pb_text][\/et_pb_column][\/et_pb_row][\/et_pb_section]<\/p>\n","protected":false},"excerpt":{"rendered":"<p>Anl\u00e4sslich des 100. Geburtstags von Enzian Calvados (1925\u20132016) widmet das Dr.-Carl-H\u00e4berlin-Friesen-Museum in Wyk auf F\u00f6hr dem au\u00dfergew\u00f6hnlichen K\u00fcnstler, dessen Leben und Werk untrennbar verbunden sind mit der Insel, ihrer Landschaft und dem Dorf Oldsum, eine umfassende Sonderausstellung. Die Ausstellung \u00bbEnzian Calvados \u2013 Retrospektive zum 100. Geburtstag\u00ab wurde er\u00f6ffnet von Julia Sophie Kreetz, Kuratorin und stellvertretende Museumsleiterin in Elternzeit, die eine besondere Beziehung hat zum Maler und zu seiner Frau Susi Hackanson-Boskamp.<\/p>\n","protected":false},"author":2,"featured_media":5562,"comment_status":"closed","ping_status":"open","sticky":false,"template":"","format":"standard","meta":{"_et_pb_use_builder":"on","_et_pb_old_content":"","_et_gb_content_width":"","footnotes":""},"categories":[16,5],"tags":[],"class_list":["post-5614","post","type-post","status-publish","format-standard","has-post-thumbnail","hentry","category-nachrichten","category-wyk"],"_links":{"self":[{"href":"https:\/\/wirinsulaner.de\/index.php?rest_route=\/wp\/v2\/posts\/5614","targetHints":{"allow":["GET"]}}],"collection":[{"href":"https:\/\/wirinsulaner.de\/index.php?rest_route=\/wp\/v2\/posts"}],"about":[{"href":"https:\/\/wirinsulaner.de\/index.php?rest_route=\/wp\/v2\/types\/post"}],"author":[{"embeddable":true,"href":"https:\/\/wirinsulaner.de\/index.php?rest_route=\/wp\/v2\/users\/2"}],"replies":[{"embeddable":true,"href":"https:\/\/wirinsulaner.de\/index.php?rest_route=%2Fwp%2Fv2%2Fcomments&post=5614"}],"version-history":[{"count":2,"href":"https:\/\/wirinsulaner.de\/index.php?rest_route=\/wp\/v2\/posts\/5614\/revisions"}],"predecessor-version":[{"id":5616,"href":"https:\/\/wirinsulaner.de\/index.php?rest_route=\/wp\/v2\/posts\/5614\/revisions\/5616"}],"wp:featuredmedia":[{"embeddable":true,"href":"https:\/\/wirinsulaner.de\/index.php?rest_route=\/wp\/v2\/media\/5562"}],"wp:attachment":[{"href":"https:\/\/wirinsulaner.de\/index.php?rest_route=%2Fwp%2Fv2%2Fmedia&parent=5614"}],"wp:term":[{"taxonomy":"category","embeddable":true,"href":"https:\/\/wirinsulaner.de\/index.php?rest_route=%2Fwp%2Fv2%2Fcategories&post=5614"},{"taxonomy":"post_tag","embeddable":true,"href":"https:\/\/wirinsulaner.de\/index.php?rest_route=%2Fwp%2Fv2%2Ftags&post=5614"}],"curies":[{"name":"wp","href":"https:\/\/api.w.org\/{rel}","templated":true}]}}