{"id":5674,"date":"2025-08-19T12:10:00","date_gmt":"2025-08-19T10:10:00","guid":{"rendered":"https:\/\/wirinsulaner.de\/?p=5674"},"modified":"2025-08-15T09:41:40","modified_gmt":"2025-08-15T07:41:40","slug":"schraege-typen-in-der-galerie-hedehusum","status":"publish","type":"post","link":"https:\/\/wirinsulaner.de\/?p=5674","title":{"rendered":"\u00bbSchr\u00e4ge Typen\u00ab in der Galerie Hedehusum"},"content":{"rendered":"<p>[et_pb_section fb_built=&#8220;1&#8243; theme_builder_area=&#8220;post_content&#8220; _builder_version=&#8220;4.27.4&#8243; _module_preset=&#8220;default&#8220;][et_pb_row _builder_version=&#8220;4.27.4&#8243; _module_preset=&#8220;default&#8220; theme_builder_area=&#8220;post_content&#8220;][et_pb_column _builder_version=&#8220;4.27.4&#8243; _module_preset=&#8220;default&#8220; type=&#8220;4_4&#8243; theme_builder_area=&#8220;post_content&#8220;][et_pb_text _builder_version=&#8220;4.27.4&#8243; _module_preset=&#8220;default&#8220; theme_builder_area=&#8220;post_content&#8220; hover_enabled=&#8220;0&#8243; sticky_enabled=&#8220;0&#8243;]<\/p>\n<p>\u00bbSchr\u00e4ge Typen\u00ab von Marina Krohs: Diese Ausstellung ist noch bis zum 20. September in der Galerie Hedehusum zu sehen. Die Werke der K\u00fcnstlerin zeichnen sich aus durch ihre charakteristische K\u00f6rpersprache: Schlanker, hochgewachsener K\u00f6rperbau, \u00fcberdimensionale H\u00e4nde und F\u00fc\u00dfe, expressive Mimik \u2013 alles kreiert mit viel Liebe zum Detail. Diese Figuren bringen die Besucher zum Schmunzeln, weil sie in ihnen bekannte Charakterz\u00fcge \u2013 etwa von Udo Lindenberg, Coco Chanel oder Mick Jagger \u2013 wiedererkennen. Faszinierend ist auch der spielerische Umgang der K\u00fcnstlerin mit Materialien. Die Figuren sind aus Ton um Draht oder sogar Kleiderb\u00fcgel modelliert, an der Luft getrocknet und mit Aquarell- und Bootslack zum Leben erweckt.<br \/>In Hedehusum ist die Intimit\u00e4t zu sp\u00fcren: Jede Figur wirkt, als st\u00fcnde sie einem direkt gegen\u00fcber \u2013 ob die zierlichen Schwimmerinnen, die \u00bbDuck Faces\u00ab, \u00bbZappa auf dem Klo\u00ab oder der Ostfriese, der Yoga macht\u2013 sie alle erz\u00e4hlen Geschichten, laden ein zum Entdecken, L\u00e4cheln und Staunen. Jede Skulptur hat Pers\u00f6nlichkeit und Haltung \u2013 und die Besucher d\u00fcrfen sich auf humorvolle, skurrile Begegnungen freuen.<\/p>\n<p>\u00bbIch gebe zu, die Idee ist nicht neu, aus einem Klumpen Lehm Menschen zu formen und ihnen Leben einzuhauchen. Mit Adam und Eva hat das schon mal ein anderer angefangen \u2013 und es ist bekanntlich nicht besonders gut ausgegangen. Das ungleiche Paar ist inzwischen zur Ikone unserer Kultur geworden\u00ab, sagt die K\u00fcnstlerin \u00fcber ihre Arbeit. Die Menschen, die sie sich vornimmt, sind meistens Ikonen unserer Zeit. Sie interessieren sie, weil die meisten Menschen mit ihren Namen sofort ein Bild verbinden k\u00f6nnen. Mit ihrer eigenen Sicht auf sie und ihre Besonderheiten formt Marina Krohs sie aus Ton noch einmal neu und erweckt sie zum Leben. \u00dcber den ersten Eindruck hinaus l\u00e4sst sich viel bei ihren \u00bbSchr\u00e4gen Typen\u00ab bewundern und entdecken. <br \/>\u00bbIch hoffe, ihnen gef\u00e4llt mein Abstraktionsverm\u00f6gen, die charakteristischen St\u00e4rken und Schw\u00e4chen meiner Figuren auf den Punkt zu bringen, ohne b\u00f6sartig zu Werke zu gehen. Eines werden Sie als Betrachter hoffentlich nicht finden: Langeweile\u00ab, hofft die K\u00fcnstlerin.<br \/>Die Galerie ist am Wochenende von 12 bis 15 Uhr und nach Vereinbarung ge\u00f6ffnet.<\/p>\n<p>[\/et_pb_text][\/et_pb_column][\/et_pb_row][\/et_pb_section]<\/p>\n","protected":false},"excerpt":{"rendered":"<p>\u00bbSchr\u00e4ge Typen\u00ab von Marina Krohs: Diese Ausstellung ist noch bis zum 20. September in der Galerie Hedehusum zu sehen. Die Werke der K\u00fcnstlerin zeichnen sich aus durch ihre charakteristische K\u00f6rpersprache: Schlanker, hochgewachsener K\u00f6rperbau, \u00fcberdimensionale H\u00e4nde und F\u00fc\u00dfe, expressive Mimik \u2013 alles kreiert mit viel Liebe zum Detail. Diese Figuren bringen die Besucher zum Schmunzeln, weil sie in ihnen bekannte Charakterz\u00fcge \u2013 etwa von Udo Lindenberg, Coco Chanel oder Mick Jagger \u2013 wiedererkennen. Faszinierend ist auch der spielerische Umgang der K\u00fcnstlerin mit Materialien. Die Figuren sind aus Ton um Draht oder sogar Kleiderb\u00fcgel modelliert, an der Luft getrocknet und mit Aquarell- und Bootslack zum Leben erweckt.<\/p>\n","protected":false},"author":4,"featured_media":5675,"comment_status":"closed","ping_status":"open","sticky":false,"template":"","format":"standard","meta":{"_et_pb_use_builder":"on","_et_pb_old_content":"","_et_gb_content_width":"","footnotes":""},"categories":[28,16],"tags":[],"class_list":["post-5674","post","type-post","status-publish","format-standard","has-post-thumbnail","hentry","category-hedehusum","category-nachrichten"],"_links":{"self":[{"href":"https:\/\/wirinsulaner.de\/index.php?rest_route=\/wp\/v2\/posts\/5674","targetHints":{"allow":["GET"]}}],"collection":[{"href":"https:\/\/wirinsulaner.de\/index.php?rest_route=\/wp\/v2\/posts"}],"about":[{"href":"https:\/\/wirinsulaner.de\/index.php?rest_route=\/wp\/v2\/types\/post"}],"author":[{"embeddable":true,"href":"https:\/\/wirinsulaner.de\/index.php?rest_route=\/wp\/v2\/users\/4"}],"replies":[{"embeddable":true,"href":"https:\/\/wirinsulaner.de\/index.php?rest_route=%2Fwp%2Fv2%2Fcomments&post=5674"}],"version-history":[{"count":2,"href":"https:\/\/wirinsulaner.de\/index.php?rest_route=\/wp\/v2\/posts\/5674\/revisions"}],"predecessor-version":[{"id":5677,"href":"https:\/\/wirinsulaner.de\/index.php?rest_route=\/wp\/v2\/posts\/5674\/revisions\/5677"}],"wp:featuredmedia":[{"embeddable":true,"href":"https:\/\/wirinsulaner.de\/index.php?rest_route=\/wp\/v2\/media\/5675"}],"wp:attachment":[{"href":"https:\/\/wirinsulaner.de\/index.php?rest_route=%2Fwp%2Fv2%2Fmedia&parent=5674"}],"wp:term":[{"taxonomy":"category","embeddable":true,"href":"https:\/\/wirinsulaner.de\/index.php?rest_route=%2Fwp%2Fv2%2Fcategories&post=5674"},{"taxonomy":"post_tag","embeddable":true,"href":"https:\/\/wirinsulaner.de\/index.php?rest_route=%2Fwp%2Fv2%2Ftags&post=5674"}],"curies":[{"name":"wp","href":"https:\/\/api.w.org\/{rel}","templated":true}]}}