{"id":5684,"date":"2025-08-19T12:16:00","date_gmt":"2025-08-19T10:16:00","guid":{"rendered":"https:\/\/wirinsulaner.de\/?p=5684"},"modified":"2025-08-15T09:48:48","modified_gmt":"2025-08-15T07:48:48","slug":"abschied-von-der-fischmarktkaje","status":"publish","type":"post","link":"https:\/\/wirinsulaner.de\/?p=5684","title":{"rendered":"Abschied von der Fischmarktkaje"},"content":{"rendered":"<p>[et_pb_section fb_built=&#8220;1&#8243; theme_builder_area=&#8220;post_content&#8220; _builder_version=&#8220;4.27.4&#8243; _module_preset=&#8220;default&#8220;][et_pb_row _builder_version=&#8220;4.27.4&#8243; _module_preset=&#8220;default&#8220; theme_builder_area=&#8220;post_content&#8220;][et_pb_column _builder_version=&#8220;4.27.4&#8243; _module_preset=&#8220;default&#8220; type=&#8220;4_4&#8243; theme_builder_area=&#8220;post_content&#8220;][et_pb_text _builder_version=&#8220;4.27.4&#8243; _module_preset=&#8220;default&#8220; theme_builder_area=&#8220;post_content&#8220; hover_enabled=&#8220;0&#8243; sticky_enabled=&#8220;0&#8243;]<\/p>\n<p><em>Roberto Caso freut sich auf die neue Aufgabe, an der er weiter wachsen will.<\/em><\/p>\n<p>Roberto Caso, Veranstaltungsleiter bei der F\u00f6hr Tourismus GmbH (FTG), hat ein Angebot erhalten, das er nicht ablehnen konnte. \u00bbEine Nummer gr\u00f6\u00dfer, mit noch gr\u00f6\u00dferen B\u00fchnen und noch gr\u00f6\u00dferen K\u00fcnstlern\u00ab, erz\u00e4hlt er. Eine neue Aufgabe, an der er weiter wachsen k\u00f6nne. So war das Hafenfestival 2025 seine letzte Veranstaltung an der Fischmarktkaje. Weshalb bei ihm ein wenig Wehmut aufkam, hat er doch viele sch\u00f6ne Erinnerungen an erfolgreiche Events an gleicher Stelle.<br \/>Die Arbeit von Roberto Caso als FTG-Veranstaltungsleiter ist aber noch nicht zu Ende. Noch steht der F\u00f6hrer Jahrmarkt im Oktober bevor. Erst Ende des Jahres ist wirklich Schluss.<\/p>\n<p>[\/et_pb_text][et_pb_image src=&#8220;https:\/\/wirinsulaner.de\/wp-content\/uploads\/2025\/08\/Roberto-1-.jpg&#8220; _builder_version=&#8220;4.27.4&#8243; _module_preset=&#8220;default&#8220; theme_builder_area=&#8220;post_content&#8220; title_text=&#8220;Roberto Caso (mi.) mit der Gruppe \u00bbMahoin\u00ab&#8220; hover_enabled=&#8220;0&#8243; sticky_enabled=&#8220;0&#8243;][\/et_pb_image][et_pb_text _builder_version=&#8220;4.27.4&#8243; _module_preset=&#8220;default&#8220; theme_builder_area=&#8220;post_content&#8220; hover_enabled=&#8220;0&#8243; sticky_enabled=&#8220;0&#8243;]<\/p>\n<p><em>Roberto Caso (mi.) mit der Gruppe \u00bbMahoin\u00ab<\/em><\/p>\n<p>Ein buntes, vollgepacktes Programm und ein Wetter, das f\u00fcr das diesj\u00e4hrige Hafenfestival am Wyker Binnenhafen nicht h\u00e4tte besser sein k\u00f6nnen: So wurde aus diesen zwei tollen Tagen mit jeder Menge Livemusik, Schlemmen und vielen Kinderaktionen ein richtiges Sommerfest, das viele Besucher besonders zu den musikalischen Highlights mit der plattdeutschen Band \u00bbGodewind\u00ab, der Santiano-Tribute-Band, der Partyband \u00bbJetlags\u00ab und dem Singer\/Songwriter Mattis Brodersen anlockte. Mit Matrosenbeats und Shantybrass brachte die Hamburger Band \u00bbMahoin\u00ab auf der B\u00fchne und als Walking-Act richtig Schwung ins Geschehen. Auch das Entenrennen des Rotary Club Wyk auf F\u00f6hr erwies sich einmal mehr als ein Besuchermagnet und gro\u00dfer Erfolg f\u00fcr den guten Zweck.<br \/>Der M\u00e4nnergesangverein \u00bbHarmonie\u00ab und die Musikfreunde F\u00f6hr-West traten auf, der Oldtimerclub F\u00f6hr und die Freiwillige Feuerwehr Wyk auf F\u00f6hr pr\u00e4sentierten sich \u2013 und der Seenotrettungskreuzer \u00bbErnst Meier-Hedde\u00ab sowie das Vermessungschiff \u00bbKomet\u00ab aus Hamburg konnten besichtigt werden. Wie ebenfalls die Stand-Up-Paddling-Angebote wurde alles gut angenommen, wor\u00fcber sich Roberto Caso, Veranstaltungsleiter bei der F\u00f6hr Tourismus GmbH (FTG), sehr freute. Zumal es das letzte Hafenfestival unter seiner Leitung war. Nach dem F\u00f6hrer Jahrmarkt ist f\u00fcr ihn n\u00e4mlich Schluss. Er hat im Veranstaltungsbereich ein Angebot erhalten, das er nicht ablehnen wollte: Mit noch gr\u00f6\u00dferen B\u00fchnen und noch gr\u00f6\u00dferen K\u00fcnstlern. Roberto Caso wurde vor gut 31 Jahren im Inselkrankenhaus geboren, genau am 22. Juni um 21.43 Uhr, wie er erz\u00e4hlt. Er ging hier zur Schule und lernte den Beruf des Tourismuskaufmanns bei der FTG und der Wyk auf F\u00f6hr Touristik GmbH (WTG), die zeitweise f\u00fcr die Veranstaltungen zust\u00e4ndig war. 2018 machte er in Berlin eine achtmonatige Weiterbildung zum Veranstaltungsfachwirt.<br \/>Nach Gila Rotermund und Andreas Miler wurde Roberto Caso 2021 der dritte FTG-Veranstaltungsleiter. Er pflegte die bew\u00e4hrten Events und wandte sich einer ganz neuen Zielgruppe zu: Den jungen Leuten. Viele kannte er noch von der Schule \u2013 und in vielen F\u00f6hrer Betrieben hatte inzwischen auch ein Generationswechsel stattgefunden. Alles Kontakte, die er f\u00fcr seine Arbeit nutzen konnte.<br \/>Die erste Veranstaltung f\u00fcr die junge Zielgruppe fand noch zu Coronazeiten mit der Hip-Hop-Gruppe \u00bb01099\u00ab statt. Ein Riesenerfolg. Es folgten unter anderem \u00bbF\u00f6hr tanzt\u00ab mit unter anderem angesagten DJs und das Heavy-Metal-Spektakel \u00bbSunset Bash\u00ab in Utersum. Das sei ein Herzenswunsch von ihm gewesen, wie Roberto Caso betont. Als 16-J\u00e4hriger war er das erste Mal auf dem Wacken-Open-Air gewesen und hatte in seinem Beruf dann nur noch einen Gedanken: \u00bbDas mache ich auch einmal hier\u00ab.<br \/>N\u00e4chstes Jahr zieht Roberto Caso vorerst nach Hamburg, um zu sehen, ob eine Wohnung auf dem Festland f\u00fcr seine neue Aufgabe notwendig sein wird. \u00bbDie meiste Arbeit mache ich aber am Schreibtisch und bin dann zu den Veranstaltungen st\u00e4ndig unterwegs\u00ab, \u00fcberlegt er jetzt schon, ob er sp\u00e4ter nicht auf die Insel zur\u00fcckkehrt. Jetzt bereitet der Noch-FTG-Veranstaltungsleiter den F\u00f6hrer Jahrmarkt vor und verabschiedet sich erst Ende des Jahres. \u00bbMit einem gro\u00dfen Knall\u00ab, wie er verspricht.<\/p>\n<p>[\/et_pb_text][et_pb_gallery _builder_version=&#8220;4.27.4&#8243; _module_preset=&#8220;default&#8220; theme_builder_area=&#8220;post_content&#8220; gallery_ids=&#8220;5641,5643,5632,5642&#8243; show_title_and_caption=&#8220;off&#8220; show_pagination=&#8220;off&#8220; hover_enabled=&#8220;0&#8243; sticky_enabled=&#8220;0&#8243;][\/et_pb_gallery][\/et_pb_column][\/et_pb_row][\/et_pb_section]<\/p>\n","protected":false},"excerpt":{"rendered":"<p>Roberto Caso, Veranstaltungsleiter bei der F\u00f6hr Tourismus GmbH (FTG), hat ein Angebot erhalten, das er nicht ablehnen konnte. \u00bbEine Nummer gr\u00f6\u00dfer, mit noch gr\u00f6\u00dferen B\u00fchnen und noch gr\u00f6\u00dferen K\u00fcnstlern\u00ab, erz\u00e4hlt er. Eine neue Aufgabe, an der er weiter wachsen k\u00f6nne. So war das Hafenfestival 2025 seine letzte Veranstaltung an der Fischmarktkaje. Weshalb bei ihm ein wenig Wehmut aufkam, hat er doch viele sch\u00f6ne Erinnerungen an erfolgreiche Events an gleicher Stelle.<\/p>\n","protected":false},"author":2,"featured_media":5649,"comment_status":"closed","ping_status":"open","sticky":false,"template":"","format":"standard","meta":{"_et_pb_use_builder":"on","_et_pb_old_content":"","_et_gb_content_width":"","footnotes":""},"categories":[16,5],"tags":[],"class_list":["post-5684","post","type-post","status-publish","format-standard","has-post-thumbnail","hentry","category-nachrichten","category-wyk"],"_links":{"self":[{"href":"https:\/\/wirinsulaner.de\/index.php?rest_route=\/wp\/v2\/posts\/5684","targetHints":{"allow":["GET"]}}],"collection":[{"href":"https:\/\/wirinsulaner.de\/index.php?rest_route=\/wp\/v2\/posts"}],"about":[{"href":"https:\/\/wirinsulaner.de\/index.php?rest_route=\/wp\/v2\/types\/post"}],"author":[{"embeddable":true,"href":"https:\/\/wirinsulaner.de\/index.php?rest_route=\/wp\/v2\/users\/2"}],"replies":[{"embeddable":true,"href":"https:\/\/wirinsulaner.de\/index.php?rest_route=%2Fwp%2Fv2%2Fcomments&post=5684"}],"version-history":[{"count":2,"href":"https:\/\/wirinsulaner.de\/index.php?rest_route=\/wp\/v2\/posts\/5684\/revisions"}],"predecessor-version":[{"id":5687,"href":"https:\/\/wirinsulaner.de\/index.php?rest_route=\/wp\/v2\/posts\/5684\/revisions\/5687"}],"wp:featuredmedia":[{"embeddable":true,"href":"https:\/\/wirinsulaner.de\/index.php?rest_route=\/wp\/v2\/media\/5649"}],"wp:attachment":[{"href":"https:\/\/wirinsulaner.de\/index.php?rest_route=%2Fwp%2Fv2%2Fmedia&parent=5684"}],"wp:term":[{"taxonomy":"category","embeddable":true,"href":"https:\/\/wirinsulaner.de\/index.php?rest_route=%2Fwp%2Fv2%2Fcategories&post=5684"},{"taxonomy":"post_tag","embeddable":true,"href":"https:\/\/wirinsulaner.de\/index.php?rest_route=%2Fwp%2Fv2%2Ftags&post=5684"}],"curies":[{"name":"wp","href":"https:\/\/api.w.org\/{rel}","templated":true}]}}