{"id":5723,"date":"2025-09-02T12:12:00","date_gmt":"2025-09-02T10:12:00","guid":{"rendered":"https:\/\/wirinsulaner.de\/?p=5723"},"modified":"2025-09-01T14:41:03","modified_gmt":"2025-09-01T12:41:03","slug":"naechster-bauabschnitt-fuer-die-l214","status":"publish","type":"post","link":"https:\/\/wirinsulaner.de\/?p=5723","title":{"rendered":"N\u00e4chster Bauabschnitt f\u00fcr die L214"},"content":{"rendered":"\n[et_pb_section fb_built=&#8220;1&#8243; theme_builder_area=&#8220;post_content&#8220; _builder_version=&#8220;4.27.4&#8243; _module_preset=&#8220;default&#8220;][et_pb_row _builder_version=&#8220;4.27.4&#8243; _module_preset=&#8220;default&#8220; theme_builder_area=&#8220;post_content&#8220;][et_pb_column _builder_version=&#8220;4.27.4&#8243; _module_preset=&#8220;default&#8220; type=&#8220;4_4&#8243; theme_builder_area=&#8220;post_content&#8220;][et_pb_text _builder_version=&#8220;4.27.4&#8243; _module_preset=&#8220;default&#8220; theme_builder_area=&#8220;post_content&#8220; hover_enabled=&#8220;0&#8243; sticky_enabled=&#8220;0&#8243;]<p>Das ging jetzt schneller als erwartet. Seit Anfang April arbeitet die Firma Schleswiger Asphaltwerke (SAW) h\u00f6chst ambitioniert an der Verkehrsf\u00fchrung der L214. Gef\u00fchlt in Windeseile wurde der neue Kreisel an der Boldixumer Stra\u00dfe fertiggestellt und anschlie\u00dfend der Nieblumstieg neu asphaltiert. Schon ab Donnerstag, 28. August, wurde die Verbindung zwischen Nieblum und dem neuen Kreisel ge\u00f6ffnet \u2013 und gleichzeitig mit dem n\u00e4chsten Bauabschnitt der L214 begonnen.<\/p>\n<p><strong>Hier die wichtigsten Details:<\/strong><\/p>\n<ul>\n<li>Der neue Kreisverkehr wird in Richtung Strandstra\u00dfe und Nieblum ge\u00f6ffnet. Da noch einige Markierungen fehlen, gilt zwischen Wyk und Nieblum 30 km\/h!<\/li>\n<li>Gleichzeitig wird die Strecke vom Kreisverkehr an der Boldixumer Stra\u00dfe bis zur Kreuzung Heymannsweg\/Koogskuhl vollgesperrt. Der Kreisverkehr an der Containertankstelle kann dann lediglich als Wendem\u00f6glichkeit genutzt werden. Der Radweg von der Nationalparkhalle zum Marschweg wird an der L214 gesperrt.<\/li>\n<li>In Boldixum wird das Anschlussst\u00fcck vom neuen Kreisel zur Ocke-Nerong-Stra\u00dfe zur Asphaltierung gesperrt.<\/li>\n<li>In Boldixum wird die Stra\u00dfe But D\u00f6rp zwischen dem Siedlerweg und der L214 f\u00fcr den Durchgangsverkehr gesperrt. Radfahrer in Richtung Wyk werden gebeten, \u00fcber die D\u00f6rpstraat den Radweg an der Ocke-Nerong-Stra\u00dfe zur Strandstra\u00dfe zu nehmen.<\/li>\n<li>Von der L214 wird die Einfahrt zum Marschweg, als auch zur Stra\u00dfe But D\u00f6rp gesperrt.<\/li>\n<li>An der Boldixumer Stra\u00dfe \u00e4ndert sich die Vorfahrtsregelung, um den Stra\u00dfenverkehr fl\u00fcssig zu halten! Wo normalerweise \u00bbRechts vor Links\u00ab gilt, werden \u00bbVorfahrt achten\u00ab-Schilder aufgestellt und entsprechende Stra\u00dfenmarkierungen vorgenommen.<\/li>\n<\/ul>\n<p>Sicher werden die anstehenden \u00c4nderungen bei den Verkehrsteilnehmern \u00dcberlegungen<br \/>ausl\u00f6sen, wie man nun am besten sein Fahrtziel erreicht. Doch verspricht die Firma SAW in der inzwischen gewohnt schnellen und zielf\u00fchrenden Weise zu arbeiten und bis sp\u00e4testens 25. September das neue Teilst\u00fcck fertigzustellen.<\/p>[\/et_pb_text][\/et_pb_column][\/et_pb_row][\/et_pb_section]\n","protected":false},"excerpt":{"rendered":"<p>Das ging jetzt schneller als erwartet. Seit Anfang April arbeitet die Firma Schleswiger Asphaltwerke (SAW) h\u00f6chst ambitioniert an der Verkehrsf\u00fchrung der L214. Gef\u00fchlt in Windeseile wurde der neue Kreisel an der Boldixumer Stra\u00dfe fertiggestellt und anschlie\u00dfend der Nieblumstieg neu asphaltiert. Schon ab Donnerstag, 28. August, wurde die Verbindung zwischen Nieblum und dem neuen Kreisel ge\u00f6ffnet \u2013 und gleichzeitig mit dem n\u00e4chsten Bauabschnitt der L214 begonnen.<\/p>\n","protected":false},"author":4,"featured_media":0,"comment_status":"closed","ping_status":"open","sticky":false,"template":"","format":"standard","meta":{"_et_pb_use_builder":"on","_et_pb_old_content":"","_et_gb_content_width":"","footnotes":""},"categories":[16],"tags":[],"class_list":["post-5723","post","type-post","status-publish","format-standard","hentry","category-nachrichten"],"_links":{"self":[{"href":"https:\/\/wirinsulaner.de\/index.php?rest_route=\/wp\/v2\/posts\/5723","targetHints":{"allow":["GET"]}}],"collection":[{"href":"https:\/\/wirinsulaner.de\/index.php?rest_route=\/wp\/v2\/posts"}],"about":[{"href":"https:\/\/wirinsulaner.de\/index.php?rest_route=\/wp\/v2\/types\/post"}],"author":[{"embeddable":true,"href":"https:\/\/wirinsulaner.de\/index.php?rest_route=\/wp\/v2\/users\/4"}],"replies":[{"embeddable":true,"href":"https:\/\/wirinsulaner.de\/index.php?rest_route=%2Fwp%2Fv2%2Fcomments&post=5723"}],"version-history":[{"count":3,"href":"https:\/\/wirinsulaner.de\/index.php?rest_route=\/wp\/v2\/posts\/5723\/revisions"}],"predecessor-version":[{"id":5742,"href":"https:\/\/wirinsulaner.de\/index.php?rest_route=\/wp\/v2\/posts\/5723\/revisions\/5742"}],"wp:attachment":[{"href":"https:\/\/wirinsulaner.de\/index.php?rest_route=%2Fwp%2Fv2%2Fmedia&parent=5723"}],"wp:term":[{"taxonomy":"category","embeddable":true,"href":"https:\/\/wirinsulaner.de\/index.php?rest_route=%2Fwp%2Fv2%2Fcategories&post=5723"},{"taxonomy":"post_tag","embeddable":true,"href":"https:\/\/wirinsulaner.de\/index.php?rest_route=%2Fwp%2Fv2%2Ftags&post=5723"}],"curies":[{"name":"wp","href":"https:\/\/api.w.org\/{rel}","templated":true}]}}