{"id":5731,"date":"2025-09-02T12:06:00","date_gmt":"2025-09-02T10:06:00","guid":{"rendered":"https:\/\/wirinsulaner.de\/?p=5731"},"modified":"2025-09-01T14:32:11","modified_gmt":"2025-09-01T12:32:11","slug":"ein-festivalhighlight-mit-drei-grossen-stars","status":"publish","type":"post","link":"https:\/\/wirinsulaner.de\/?p=5731","title":{"rendered":"Ein Festivalhighlight mit drei gro\u00dfen Stars"},"content":{"rendered":"<p>[et_pb_section fb_built=&#8220;1&#8243; theme_builder_area=&#8220;post_content&#8220; _builder_version=&#8220;4.27.4&#8243; _module_preset=&#8220;default&#8220;][et_pb_row _builder_version=&#8220;4.27.4&#8243; _module_preset=&#8220;default&#8220; theme_builder_area=&#8220;post_content&#8220;][et_pb_column _builder_version=&#8220;4.27.4&#8243; _module_preset=&#8220;default&#8220; type=&#8220;4_4&#8243; theme_builder_area=&#8220;post_content&#8220;][et_pb_text _builder_version=&#8220;4.27.4&#8243; _module_preset=&#8220;default&#8220; theme_builder_area=&#8220;post_content&#8220; hover_enabled=&#8220;0&#8243; sticky_enabled=&#8220;0&#8243;]<\/p>\n<p><em>Johannes Oerding: Ein Star zum Anfassen<\/em><\/p>\n<p>Das Hotel \u00bbUpstalsboom Wyk auf F\u00f6hr\u00ab am S\u00fcdstrand gibt es seit 2018. Bereits kurz nach der Er\u00f6ffnung entstand die Idee, ein mehrt\u00e4giges Musikfestival zu veranstalten: Das \u00bbS\u00fcdstrand OpenAir\u00ab. Nach der Premiere im Jahr 2019 fand es jetzt bereits zum siebten Mal statt. Mit drei Stars der deutschen Musikszene, die sonst vor Tausenden von Menschen auftreten. So waren die Karten f\u00fcr die zwei Auftritte von Johannes Oerding gleich am ersten Tag vergriffen und auch die Abende mit Joris und Nico Santos bis auf einige Restkarten ausverkauft.<br \/>\u00bbAls wir die Idee hatten, ein Musikfestival zu veranstalten, hatten wir vielleicht davon getr\u00e4umt, dass es ein so gro\u00dfer Besuchermagnet werden k\u00f6nnte. Dass von Jahr zu Jahr immer gr\u00f6\u00dfere Musiker kommen und das Open Air zu einer festen Veranstaltungsgr\u00f6\u00dfe wird\u00ab, so der damalige stellvertretende und heutige Hoteldirektor Patrick L\u00fcders, f\u00fcr den das Open Air \u00bbsein Baby\u00ab und eine wirkliche Herzensangelegenheit ist. Er f\u00fchrt den Erfolg aber nicht nur zur\u00fcck auf das hochkar\u00e4tig besetzte Line Up, sondern ebenso auf den famili\u00e4ren, fast intimen Charakter.<\/p>\n<p>Mittlerweile haben viele Ferieng\u00e4ste ihren Urlaub nach dem Termin des \u00bbS\u00fcdstrand OpenAir\u00ab gebucht. Und dabei handelte es nicht nur um die Hotelg\u00e4ste des \u00bbUpstalsboom\u00ab. Viele hatten sich auch in diesem Jahr wieder speziell wegen des Festivals auf den Weg nach F\u00f6hr gemacht: Von Husum, aus dem S\u00fcden der Republik und andernorts. Wobei sich die Insulaner dieses Event ebenfalls nicht entgehen lassen. \u00bbWenn uns so etwas auf der Insel schon einmal angeboten wird, m\u00fcssen wir doch einfach kommen\u00ab, war immer zu h\u00f6ren.<\/p>\n<p>Der Singer\/Songwriter Phil Siemers vor Johannes Oerding, Lucy Fair mit ihrem Sound zwischen Rock und Singer-Songwriter-Magie vor Joris und Festival-K\u00fcnstler Steffen Jung vor Nico Santos: Von den Supports waren die Besucher ebenfalls begeistert. Und es gab wie immer einen Familientag, dieses Jahr erneut auf einem rappelvollen Hotelgel\u00e4nde unter anderem mit der Band \u00bbRabauken &amp; Trompeten\u00ab, dem Seifenblasenk\u00fcnstler Philipp Guder und Kinderschminken.<\/p>\n<p>Noch heute kommen viele ins Schw\u00e4rmen, wenn sie von ihrem Besuch des \u00bbS\u00fcdstrand OpenAir 2025\u00ab sprechen. Besonders gilt das f\u00fcr Johannes Oerding, der mit dem Publikum kommuniziert, es in seine Show mit einbezogen habe, \u00bbund dem man ansehen konnte, wieviel Freude ihm die Auftritte machten\u00ab.<br \/>Auch f\u00fcr Patrick L\u00fcders war das diesj\u00e4hrige Open Air die Kr\u00f6nung der 2019 begonnen Festivalgeschichte. Mit Stolz und Wehmut blickt er darauf zur\u00fcck und bedankt sich beim Team und den Sponsoren, ohne die das gar nicht m\u00f6glich w\u00e4re, f\u00fcr die gro\u00dfartige Unterst\u00fctzung. F\u00fcr ihn war es das letzte \u00bbS\u00fcdstrand OpenAir\u00ab als Hoteldirektor. Aus pers\u00f6nlichen Gr\u00fcnden verl\u00e4sst er das Unternehmen Ende des Jahres. Ein Festivaltermin f\u00fcr das n\u00e4chste Jahr steht somit noch nicht fest. Und auch nicht, ob es \u00fcberhaupt noch stattfinden wird. Die Festlandsg\u00e4ste und Insulaner w\u00fcrden das ganz bestimmt bedauern.<\/p>\n<p>[\/et_pb_text][et_pb_gallery _builder_version=&#8220;4.27.4&#8243; _module_preset=&#8220;default&#8220; theme_builder_area=&#8220;post_content&#8220; gallery_ids=&#8220;5704,5708,5707,5710&#8243; show_title_and_caption=&#8220;off&#8220; show_pagination=&#8220;off&#8220; hover_enabled=&#8220;0&#8243; sticky_enabled=&#8220;0&#8243;][\/et_pb_gallery][\/et_pb_column][\/et_pb_row][\/et_pb_section]<\/p>\n","protected":false},"excerpt":{"rendered":"<p>Das Hotel \u00bbUpstalsboom Wyk auf F\u00f6hr\u00ab am S\u00fcdstrand gibt es seit 2018. Bereits kurz nach der Er\u00f6ffnung entstand die Idee, ein mehrt\u00e4giges Musikfestival zu veranstalten: Das \u00bbS\u00fcdstrand OpenAir\u00ab. Nach der Premiere im Jahr 2019 fand es jetzt bereits zum siebten Mal statt. Mit drei Stars der deutschen Musikszene, die sonst vor Tausenden von Menschen auftreten<\/p>\n","protected":false},"author":2,"featured_media":5709,"comment_status":"closed","ping_status":"open","sticky":false,"template":"","format":"standard","meta":{"_et_pb_use_builder":"on","_et_pb_old_content":"","_et_gb_content_width":"","footnotes":""},"categories":[16,5],"tags":[],"class_list":["post-5731","post","type-post","status-publish","format-standard","has-post-thumbnail","hentry","category-nachrichten","category-wyk"],"_links":{"self":[{"href":"https:\/\/wirinsulaner.de\/index.php?rest_route=\/wp\/v2\/posts\/5731","targetHints":{"allow":["GET"]}}],"collection":[{"href":"https:\/\/wirinsulaner.de\/index.php?rest_route=\/wp\/v2\/posts"}],"about":[{"href":"https:\/\/wirinsulaner.de\/index.php?rest_route=\/wp\/v2\/types\/post"}],"author":[{"embeddable":true,"href":"https:\/\/wirinsulaner.de\/index.php?rest_route=\/wp\/v2\/users\/2"}],"replies":[{"embeddable":true,"href":"https:\/\/wirinsulaner.de\/index.php?rest_route=%2Fwp%2Fv2%2Fcomments&post=5731"}],"version-history":[{"count":2,"href":"https:\/\/wirinsulaner.de\/index.php?rest_route=\/wp\/v2\/posts\/5731\/revisions"}],"predecessor-version":[{"id":5733,"href":"https:\/\/wirinsulaner.de\/index.php?rest_route=\/wp\/v2\/posts\/5731\/revisions\/5733"}],"wp:featuredmedia":[{"embeddable":true,"href":"https:\/\/wirinsulaner.de\/index.php?rest_route=\/wp\/v2\/media\/5709"}],"wp:attachment":[{"href":"https:\/\/wirinsulaner.de\/index.php?rest_route=%2Fwp%2Fv2%2Fmedia&parent=5731"}],"wp:term":[{"taxonomy":"category","embeddable":true,"href":"https:\/\/wirinsulaner.de\/index.php?rest_route=%2Fwp%2Fv2%2Fcategories&post=5731"},{"taxonomy":"post_tag","embeddable":true,"href":"https:\/\/wirinsulaner.de\/index.php?rest_route=%2Fwp%2Fv2%2Ftags&post=5731"}],"curies":[{"name":"wp","href":"https:\/\/api.w.org\/{rel}","templated":true}]}}