{"id":5813,"date":"2025-09-16T12:04:00","date_gmt":"2025-09-16T10:04:00","guid":{"rendered":"https:\/\/wirinsulaner.de\/?p=5813"},"modified":"2025-09-11T13:21:36","modified_gmt":"2025-09-11T11:21:36","slug":"stella-de-mare-nun-leichter-erreichbar","status":"publish","type":"post","link":"https:\/\/wirinsulaner.de\/?p=5813","title":{"rendered":"\u00bbStella De Mare\u00ab nun leichter erreichbar"},"content":{"rendered":"<p>[et_pb_section fb_built=&#8220;1&#8243; theme_builder_area=&#8220;post_content&#8220; _builder_version=&#8220;4.27.4&#8243; _module_preset=&#8220;default&#8220;][et_pb_row _builder_version=&#8220;4.27.4&#8243; _module_preset=&#8220;default&#8220; theme_builder_area=&#8220;post_content&#8220;][et_pb_column _builder_version=&#8220;4.27.4&#8243; _module_preset=&#8220;default&#8220; type=&#8220;4_4&#8243; theme_builder_area=&#8220;post_content&#8220;][et_pb_text _builder_version=&#8220;4.27.4&#8243; _module_preset=&#8220;default&#8220; theme_builder_area=&#8220;post_content&#8220; hover_enabled=&#8220;0&#8243; sticky_enabled=&#8220;0&#8243;]<\/p>\n<p><em>Drena und Toni Shalaj auf der Restaurant-Terasse<\/em><\/p>\n<p>Am Nieblumstieg 1 in Wyk ist der \u00bbStern des Meeres\u00ab aufgegangen. Drena und Toni Shalaj haben das Restaurant im Sch\u00fctzenhof \u00fcbernommen \u2013 damals noch zusammen mit \u00bbNino\u00ab Osmani vom \u00bbStrandhotel\u00ab \u2013 und unter dem italienischen Namen \u00bbStella Del Mare\u00ab am 1. April dieses Jahres neuer\u00f6ffnet. Nur sieben Tage sp\u00e4ter begannen die Bauarbeiten an der L214, das Restaurant war nur noch zu Fu\u00df oder mit dem Fahrrad erreichbar. \u00bbSeit dem 26. August ist die Stra\u00dfe vom neuen Kreisel an der Boldixumer Stra\u00dfe in Richtung Nieblum und zur\u00fcck aber wieder befahrbar, steht der gro\u00dfe Parkplatz vor dem Haus unseren G\u00e4sten wieder zur Verf\u00fcgung\u00ab, atmet das Ehepaar, das das Restaurant seit dem 1. Juli allein f\u00fchrt, auf.<br \/>Das Restaurant verf\u00fcgt \u00fcber ein stilvoll eingerichtetes Restaurant mit knapp 60 Pl\u00e4tzen und eine gro\u00dfz\u00fcgige, gem\u00fctlich m\u00f6blierte Terrasse. \u00bbWir freuen uns, dass wir unsere G\u00e4ste auch w\u00e4hrend der Bauarbeiten mit unseren aus frischen Produkten zubereiteten Speisen \u2013 inspiriert von mediterranen Aromen \u2013 verw\u00f6hnen durften\u00ab, so Drena und Toni Shalaj, die froh dar\u00fcber sind, dass es ihre G\u00e4ste nun wieder leichter haben, das Restaurant zu erreichen. Genie\u00dfen kann man im \u00bbStella Del Mare\u00ab italienische Spezialit\u00e4ten vom Fisch und Fleisch, Salate, Pasta und Antipasti. Eine gro\u00dfe Pizza-Auswahl darf ebenso wenig fehlen wie Tiramisu und Panna Cotta zum Dessert. Alle Speisen gibt es auch au\u00dfer Haus.<br \/>Als Pizzab\u00e4cker hatte Toni Shalaj bereits in seiner Heimat Kroatien gearbeitet. Als Pizzab\u00e4cker fing er 2016 auch im \u00bbLa Rocca\u00ab im \u00bbStrandhotel\u00ab an und machte in diesem Restaurant sp\u00e4ter auch eine Ausbildung zum Koch. Drena Shalaj kommt aus dem Kosovo und ist eigentlich eine Biologielaborantin. Auf F\u00f6hr arbeitet sie seit 2017 aber in der Gastronomie, zuletzt zwei Jahre in der Strandbar WATT\u00b4S UP. Zusammen mit ihrer Schw\u00e4gerin k\u00fcmmert sie sich nun im eigenen Restaurant liebevoll um den Service, w\u00e4hrend ihr Mann in der K\u00fcche mit zwei Mitarbeitern die Speisen zubereitet.<\/p>\n<p>Das \u00bbStella Del Mare\u00ab hat t\u00e4glich von 17 bis 22 Uhr ge\u00f6ffnet. Auch Feierlichkeiten werden gern ausgerichtet.<\/p>\n<p>[\/et_pb_text][et_pb_image src=&#8220;https:\/\/wirinsulaner.de\/wp-content\/uploads\/2025\/09\/Stella-Del-Mare-2-.jpg&#8220; _builder_version=&#8220;4.27.4&#8243; _module_preset=&#8220;default&#8220; theme_builder_area=&#8220;post_content&#8220; title_text=&#8220;Das Restaurant verf\u00fcgt \u00fcber etwa 60 Pl\u00e4tze.&#8220; hover_enabled=&#8220;0&#8243; sticky_enabled=&#8220;0&#8243;][\/et_pb_image][et_pb_text _builder_version=&#8220;4.27.4&#8243; _module_preset=&#8220;default&#8220; theme_builder_area=&#8220;post_content&#8220; hover_enabled=&#8220;0&#8243; sticky_enabled=&#8220;0&#8243;]<\/p>\n<p><em>Das Restaurant verf\u00fcgt \u00fcber etwa 60 Pl\u00e4tze.<\/em><\/p>\n<p>[\/et_pb_text][\/et_pb_column][\/et_pb_row][\/et_pb_section]<\/p>\n","protected":false},"excerpt":{"rendered":"<p>Am Nieblumstieg 1 in Wyk ist der \u00bbStern des Meeres\u00ab aufgegangen. Drena und Toni Shalaj haben das Restaurant im Sch\u00fctzenhof \u00fcbernommen \u2013 damals noch zusammen mit \u00bbNino\u00ab Osmani vom \u00bbStrandhotel\u00ab \u2013 und unter dem italienischen Namen \u00bbStella Del Mare\u00ab am 1. April dieses Jahres neuer\u00f6ffnet. Nur sieben Tage sp\u00e4ter begannen die Bauarbeiten an der L214, das Restaurant war nur noch zu Fu\u00df oder mit dem Fahrrad erreichbar. \u00bbSeit dem 26. August ist die Stra\u00dfe vom neuen Kreisel an der Boldixumer Stra\u00dfe in Richtung Nieblum und zur\u00fcck aber wieder befahrbar, steht der gro\u00dfe Parkplatz vor dem Haus unseren G\u00e4sten wieder zur Verf\u00fcgung\u00ab, atmet das Ehepaar, das das Restaurant seit dem 1. Juli allein f\u00fchrt, auf.<\/p>\n","protected":false},"author":2,"featured_media":5801,"comment_status":"closed","ping_status":"open","sticky":false,"template":"","format":"standard","meta":{"_et_pb_use_builder":"on","_et_pb_old_content":"","_et_gb_content_width":"","footnotes":""},"categories":[16,5],"tags":[],"class_list":["post-5813","post","type-post","status-publish","format-standard","has-post-thumbnail","hentry","category-nachrichten","category-wyk"],"_links":{"self":[{"href":"https:\/\/wirinsulaner.de\/index.php?rest_route=\/wp\/v2\/posts\/5813","targetHints":{"allow":["GET"]}}],"collection":[{"href":"https:\/\/wirinsulaner.de\/index.php?rest_route=\/wp\/v2\/posts"}],"about":[{"href":"https:\/\/wirinsulaner.de\/index.php?rest_route=\/wp\/v2\/types\/post"}],"author":[{"embeddable":true,"href":"https:\/\/wirinsulaner.de\/index.php?rest_route=\/wp\/v2\/users\/2"}],"replies":[{"embeddable":true,"href":"https:\/\/wirinsulaner.de\/index.php?rest_route=%2Fwp%2Fv2%2Fcomments&post=5813"}],"version-history":[{"count":2,"href":"https:\/\/wirinsulaner.de\/index.php?rest_route=\/wp\/v2\/posts\/5813\/revisions"}],"predecessor-version":[{"id":5815,"href":"https:\/\/wirinsulaner.de\/index.php?rest_route=\/wp\/v2\/posts\/5813\/revisions\/5815"}],"wp:featuredmedia":[{"embeddable":true,"href":"https:\/\/wirinsulaner.de\/index.php?rest_route=\/wp\/v2\/media\/5801"}],"wp:attachment":[{"href":"https:\/\/wirinsulaner.de\/index.php?rest_route=%2Fwp%2Fv2%2Fmedia&parent=5813"}],"wp:term":[{"taxonomy":"category","embeddable":true,"href":"https:\/\/wirinsulaner.de\/index.php?rest_route=%2Fwp%2Fv2%2Fcategories&post=5813"},{"taxonomy":"post_tag","embeddable":true,"href":"https:\/\/wirinsulaner.de\/index.php?rest_route=%2Fwp%2Fv2%2Ftags&post=5813"}],"curies":[{"name":"wp","href":"https:\/\/api.w.org\/{rel}","templated":true}]}}