{"id":5844,"date":"2025-09-16T12:20:00","date_gmt":"2025-09-16T10:20:00","guid":{"rendered":"https:\/\/wirinsulaner.de\/?p=5844"},"modified":"2025-09-11T14:20:06","modified_gmt":"2025-09-11T12:20:06","slug":"landleben-im-und-am-friesen-museum","status":"publish","type":"post","link":"https:\/\/wirinsulaner.de\/?p=5844","title":{"rendered":"\u00bbLandleben\u00ab im und am Friesen-Museum"},"content":{"rendered":"<p>[et_pb_section fb_built=&#8220;1&#8243; theme_builder_area=&#8220;post_content&#8220; _builder_version=&#8220;4.27.4&#8243; _module_preset=&#8220;default&#8220;][et_pb_row _builder_version=&#8220;4.27.4&#8243; _module_preset=&#8220;default&#8220; theme_builder_area=&#8220;post_content&#8220;][et_pb_column _builder_version=&#8220;4.27.4&#8243; _module_preset=&#8220;default&#8220; type=&#8220;4_4&#8243; theme_builder_area=&#8220;post_content&#8220;][et_pb_text _builder_version=&#8220;4.27.4&#8243; _module_preset=&#8220;default&#8220; theme_builder_area=&#8220;post_content&#8220; hover_enabled=&#8220;0&#8243; sticky_enabled=&#8220;0&#8243;]<\/p>\n<p><em>Seile drehen mit \u00bbHolzschuhkalle\u00ab<\/em><\/p>\n<p>Auch in diesem Jahr lud das Friesen-Museum zu seinem traditionellen Sommerfest ein. Unter dem Motto \u00bbLandleben\u00ab gab es ein abwechslungsreiches Programm, das von zahlreichen, engagierten Ehrenamtlichen mitgestaltet wurde. Und viele Besucherinnen und Besucher waren auch dieses Mal gekommen, um auf dem Museumsgel\u00e4nde die spannenden Vorf\u00fchrungen zu erleben und an den Mitmachaktionen f\u00fcr Gro\u00df und Klein teilzunehmen. Begonnen hatte das Fest um 11 Uhr mit dem H\u00e4hnewettkr\u00e4hen des Kleintierzuchtvereins.<br \/>Es gab F\u00fchrungen durch das Haus Olesen, dem \u00e4ltesten uthlandfriesischen Haus aus dem Jahr 1617, eine Vorf\u00fchrung und Informationen zur F\u00f6hrer Feldarbeitstracht, verschiedene H\u00fchnerrassen und Schafe, Wollverarbeitung am Spinnrad und die R\u00f6stung von Gerstenkaffee auf traditionelle Weise.<br \/>Kinder konnten erleben, wie Teig geknetet und im Lehmbackofen Brot gebacken wird. Man konnte Butter selbst herstellen und auf dem Brot probieren. An einer alten Apfelsaftpresse wurde Apfelsaft hergestellt und von \u00bbHolzschuhkalle\u00ab Seile gedreht. Oder Jutebeutel bedruckt und Windm\u00fchlen gebastelt.<br \/>Auch f\u00fcr das leibliche Wohl war gesorgt, beispielsweise mit Stockbrot von den Pfadfindern. Genie\u00dfen konnte man aber auch Wurst vom Grill, Kartoffeln mit Quark und nat\u00fcrlich Kaffee und Kuchen sowie Kaltgetr\u00e4nke.<\/p>\n<p>[\/et_pb_text][et_pb_gallery _builder_version=&#8220;4.27.4&#8243; _module_preset=&#8220;default&#8220; theme_builder_area=&#8220;post_content&#8220; gallery_ids=&#8220;5788,5789,5790&#8243; posts_number=&#8220;3&#8243; show_title_and_caption=&#8220;off&#8220; show_pagination=&#8220;off&#8220; hover_enabled=&#8220;0&#8243; sticky_enabled=&#8220;0&#8243;][\/et_pb_gallery][\/et_pb_column][\/et_pb_row][\/et_pb_section]<\/p>\n","protected":false},"excerpt":{"rendered":"<p>Auch in diesem Jahr lud das Friesen-Museum zu seinem traditionellen Sommerfest ein. Unter dem Motto \u00bbLandleben\u00ab gab es ein abwechslungsreiches Programm, das von zahlreichen, engagierten Ehrenamtlichen mitgestaltet wurde. Und viele Besucherinnen und Besucher waren auch dieses Mal gekommen, um auf dem Museumsgel\u00e4nde die spannenden Vorf\u00fchrungen zu erleben und an den Mitmachaktionen f\u00fcr Gro\u00df und Klein teilzunehmen. Begonnen hatte das Fest um 11 Uhr mit dem H\u00e4hnewettkr\u00e4hen des Kleintierzuchtvereins.<\/p>\n","protected":false},"author":2,"featured_media":5787,"comment_status":"closed","ping_status":"open","sticky":false,"template":"","format":"standard","meta":{"_et_pb_use_builder":"on","_et_pb_old_content":"","_et_gb_content_width":"","footnotes":""},"categories":[16,5],"tags":[],"class_list":["post-5844","post","type-post","status-publish","format-standard","has-post-thumbnail","hentry","category-nachrichten","category-wyk"],"_links":{"self":[{"href":"https:\/\/wirinsulaner.de\/index.php?rest_route=\/wp\/v2\/posts\/5844","targetHints":{"allow":["GET"]}}],"collection":[{"href":"https:\/\/wirinsulaner.de\/index.php?rest_route=\/wp\/v2\/posts"}],"about":[{"href":"https:\/\/wirinsulaner.de\/index.php?rest_route=\/wp\/v2\/types\/post"}],"author":[{"embeddable":true,"href":"https:\/\/wirinsulaner.de\/index.php?rest_route=\/wp\/v2\/users\/2"}],"replies":[{"embeddable":true,"href":"https:\/\/wirinsulaner.de\/index.php?rest_route=%2Fwp%2Fv2%2Fcomments&post=5844"}],"version-history":[{"count":2,"href":"https:\/\/wirinsulaner.de\/index.php?rest_route=\/wp\/v2\/posts\/5844\/revisions"}],"predecessor-version":[{"id":5847,"href":"https:\/\/wirinsulaner.de\/index.php?rest_route=\/wp\/v2\/posts\/5844\/revisions\/5847"}],"wp:featuredmedia":[{"embeddable":true,"href":"https:\/\/wirinsulaner.de\/index.php?rest_route=\/wp\/v2\/media\/5787"}],"wp:attachment":[{"href":"https:\/\/wirinsulaner.de\/index.php?rest_route=%2Fwp%2Fv2%2Fmedia&parent=5844"}],"wp:term":[{"taxonomy":"category","embeddable":true,"href":"https:\/\/wirinsulaner.de\/index.php?rest_route=%2Fwp%2Fv2%2Fcategories&post=5844"},{"taxonomy":"post_tag","embeddable":true,"href":"https:\/\/wirinsulaner.de\/index.php?rest_route=%2Fwp%2Fv2%2Ftags&post=5844"}],"curies":[{"name":"wp","href":"https:\/\/api.w.org\/{rel}","templated":true}]}}