{"id":5890,"date":"2025-09-30T12:22:00","date_gmt":"2025-09-30T10:22:00","guid":{"rendered":"https:\/\/wirinsulaner.de\/?p=5890"},"modified":"2025-09-24T13:43:19","modified_gmt":"2025-09-24T11:43:19","slug":"wind-vun-achtern-im-kurgartensaal","status":"publish","type":"post","link":"https:\/\/wirinsulaner.de\/?p=5890","title":{"rendered":"\u00bbWind vun achtern\u00ab im Kurgartensaal"},"content":{"rendered":"<p>[et_pb_section fb_built=&#8220;1&#8243; theme_builder_area=&#8220;post_content&#8220; _builder_version=&#8220;4.27.4&#8243; _module_preset=&#8220;default&#8220;][et_pb_row _builder_version=&#8220;4.27.4&#8243; _module_preset=&#8220;default&#8220; theme_builder_area=&#8220;post_content&#8220;][et_pb_column _builder_version=&#8220;4.27.4&#8243; _module_preset=&#8220;default&#8220; type=&#8220;4_4&#8243; theme_builder_area=&#8220;post_content&#8220;][et_pb_text _builder_version=&#8220;4.27.4&#8243; _module_preset=&#8220;default&#8220; theme_builder_area=&#8220;post_content&#8220; hover_enabled=&#8220;0&#8243; sticky_enabled=&#8220;0&#8243;]<\/p>\n<p><em>\u00bbGodewind\u00ab ist nach dem letzten Auftritt beim Hafenfestival 2025 zur\u00fcck auf der Insel.\u00a0 \u00a0 Foto: F\u00f6hr Tourismus GmbH\/Pelle Motzke<\/em><\/p>\n<p>Die norddeutsche Kultband \u00bbGodewind\u00ab kehrt am Dienstag, 7. Oktober, zur\u00fcck auf die Insel F\u00f6hr. Unter dem Titel ihres neuen Albums \u00bbWind vun achtern\u00ab pr\u00e4sentiert die Band ab 20 Uhr im Kurgartensaal in Wyk auf F\u00f6hr neue Songs und bekannte Klassiker. Nach ihrem Auftritt beim Hafenfestival im August ist dies eine weitere Gelegenheit, ihre plattdeutsche Musik live zu erleben. Tickets sind im Vorverkauf bei allen Tourist-Informationen und unter ticket.foehr.de erh\u00e4ltlich.<\/p>\n<p>Das neue Album \u00bbWind vun achtern\u00ab ist 2024 erschienen und steht im Mittelpunkt des Konzertprogramms von \u00bbGodewind\u00ab im Kurgartensaal. Ihre plattdeutschen Lieder verbinden traditionelle Themen mit modernen Kl\u00e4ngen und fangen dabei das Lebensgef\u00fchl an der K\u00fcste ein.<\/p>\n<p>Das Konzert von \u00bbGodewind\u00ab entf\u00fchrt das Publikum direkt an die See \u2013 die auf F\u00f6hr ohnehin nie weit weg ist. Mit neuen St\u00fccken wie \u00bbMien See\u00ab, einer Ode an das Meer, oder \u00bbK\u00fcstenkinner\u00ab, das die Verbundenheit mit dem Norden beschreibt, schafft die Band eine ganz besondere K\u00fcstenatmosph\u00e4re. Dazu gesellen sich humorvolle Lieder wie \u00bb13 Decks\u00ab \u00fcber eine ungew\u00f6hnliche Kreuzfahrt und nachdenkliche Balladen wie \u00bbIn dien Welt\u00ab, die sich mit dem Thema Demenz auseinandersetzen.<br \/>\u00bbGodewind\u00ab geh\u00f6rt seit vielen Jahren zu den festen Gr\u00f6\u00dfen der norddeutschen Musikszene. Nach dem Weihnachtsalbum \u00bbWenn es schneit\u00ab (2022) ist \u00bbWind vun achtern\u00ab das zweite Album in der aktuellen Besetzung. Neben den langj\u00e4hrigen Mitgliedern Heiko Reese (Schlagzeug und Percussion) und Anja Bublitz (Gesang) sind seit 2020 Gerrit Hoss (Gesang und Gitarre) sowie Kai Lindner (Keyboard) Teil der Gruppe. Gemeinsam f\u00fchren sie die Tradition plattdeutscher Musik fort und greifen zugleich neue Einfl\u00fcsse auf.<\/p>\n<p>[\/et_pb_text][\/et_pb_column][\/et_pb_row][\/et_pb_section]<\/p>\n","protected":false},"excerpt":{"rendered":"<p>Die norddeutsche Kultband \u00bbGodewind\u00ab kehrt am Dienstag, 7. Oktober, zur\u00fcck auf die Insel F\u00f6hr. Unter dem Titel ihres neuen Albums \u00bbWind vun achtern\u00ab pr\u00e4sentiert die Band ab 20 Uhr im Kurgartensaal in Wyk auf F\u00f6hr neue Songs und bekannte Klassiker. Nach ihrem Auftritt beim Hafenfestival im August ist dies eine weitere Gelegenheit, ihre plattdeutsche Musik live zu erleben. Tickets sind im Vorverkauf bei allen Tourist-Informationen und unter ticket.foehr.de erh\u00e4ltlich.<\/p>\n","protected":false},"author":4,"featured_media":5865,"comment_status":"closed","ping_status":"open","sticky":false,"template":"","format":"standard","meta":{"_et_pb_use_builder":"on","_et_pb_old_content":"","_et_gb_content_width":"","footnotes":""},"categories":[16,5],"tags":[],"class_list":["post-5890","post","type-post","status-publish","format-standard","has-post-thumbnail","hentry","category-nachrichten","category-wyk"],"_links":{"self":[{"href":"https:\/\/wirinsulaner.de\/index.php?rest_route=\/wp\/v2\/posts\/5890","targetHints":{"allow":["GET"]}}],"collection":[{"href":"https:\/\/wirinsulaner.de\/index.php?rest_route=\/wp\/v2\/posts"}],"about":[{"href":"https:\/\/wirinsulaner.de\/index.php?rest_route=\/wp\/v2\/types\/post"}],"author":[{"embeddable":true,"href":"https:\/\/wirinsulaner.de\/index.php?rest_route=\/wp\/v2\/users\/4"}],"replies":[{"embeddable":true,"href":"https:\/\/wirinsulaner.de\/index.php?rest_route=%2Fwp%2Fv2%2Fcomments&post=5890"}],"version-history":[{"count":2,"href":"https:\/\/wirinsulaner.de\/index.php?rest_route=\/wp\/v2\/posts\/5890\/revisions"}],"predecessor-version":[{"id":5892,"href":"https:\/\/wirinsulaner.de\/index.php?rest_route=\/wp\/v2\/posts\/5890\/revisions\/5892"}],"wp:featuredmedia":[{"embeddable":true,"href":"https:\/\/wirinsulaner.de\/index.php?rest_route=\/wp\/v2\/media\/5865"}],"wp:attachment":[{"href":"https:\/\/wirinsulaner.de\/index.php?rest_route=%2Fwp%2Fv2%2Fmedia&parent=5890"}],"wp:term":[{"taxonomy":"category","embeddable":true,"href":"https:\/\/wirinsulaner.de\/index.php?rest_route=%2Fwp%2Fv2%2Fcategories&post=5890"},{"taxonomy":"post_tag","embeddable":true,"href":"https:\/\/wirinsulaner.de\/index.php?rest_route=%2Fwp%2Fv2%2Ftags&post=5890"}],"curies":[{"name":"wp","href":"https:\/\/api.w.org\/{rel}","templated":true}]}}