{"id":5893,"date":"2025-09-30T12:30:00","date_gmt":"2025-09-30T10:30:00","guid":{"rendered":"https:\/\/wirinsulaner.de\/?p=5893"},"modified":"2025-09-24T13:48:44","modified_gmt":"2025-09-24T11:48:44","slug":"c-g-christiansen-eroeffnet-neuen-baumarkt-und-baustoffhandel","status":"publish","type":"post","link":"https:\/\/wirinsulaner.de\/?p=5893","title":{"rendered":"\u00bbC.G. Christiansen\u00ab er\u00f6ffnet neuen Baumarkt und Baustoffhandel"},"content":{"rendered":"<p>[et_pb_section fb_built=&#8220;1&#8243; theme_builder_area=&#8220;post_content&#8220; _builder_version=&#8220;4.27.4&#8243; _module_preset=&#8220;default&#8220;][et_pb_row _builder_version=&#8220;4.27.4&#8243; _module_preset=&#8220;default&#8220; theme_builder_area=&#8220;post_content&#8220;][et_pb_column _builder_version=&#8220;4.27.4&#8243; _module_preset=&#8220;default&#8220; type=&#8220;4_4&#8243; theme_builder_area=&#8220;post_content&#8220;][et_pb_text _builder_version=&#8220;4.27.4&#8243; _module_preset=&#8220;default&#8220; theme_builder_area=&#8220;post_content&#8220; hover_enabled=&#8220;0&#8243; sticky_enabled=&#8220;0&#8243;]<\/p>\n<p>Die Geschichte der F\u00f6hrer Filiale von \u00bbC.G. Christiansen\u00ab geht auf das Jahr 1965 zur\u00fcck. Zuerst in der Boldixumer Stra\u00dfe und seit den 1980er Jahren im am Hemkweg im Wyker Gewerbegebiet, erfolgte jetzt ein richtiger Quantensprung mit einem Markt, der jetzt sechsmal gr\u00f6\u00dfer ist als zuvor. Nach einer intensiven Bauphase wird am Sonnabend, 4. Oktober, 8 bis 15 Uhr, der neue \u00bbhagebau kompakt Baumarkt\u00ab mit Gartencenter und der Baustoffhandel mit der umgestalteten Baustofflagerhalle und einer erweiterten Au\u00dfenlagerfl\u00e4che er\u00f6ffnet. \u00bbJetzt freuen wir uns nur noch auf die strahlenden Gesichter unserer Kunden, wenn sie das Ergebnis sehen\u00ab, so Baumarktleiter Thies Kr\u00fcger und Torben Jacobs, Standortleiter Fachhandel.<\/p>\n<p>Nach einer intensiven Bauphase, die im Juni vergangenen Jahres begann, er\u00f6ffnet \u00bbC.G. Christiansen\u00ab seinen neu erbauten \u00bbhagebau kompakt Baumarkt\u00ab mit Gartencenter und den ebenfalls komplett neuen Baustofffachhandel auf F\u00f6hr. Am Sonnabend, 4. Oktober, von 8 bis 15 Uhr, sind alle F\u00f6hrer und Amrumer herzlich eingeladen, den Neubau am Hemkweg 1 zu entdecken: Mit Essen und Trinken, Spielen und einem Kinderkarussell f\u00fcr die Kinder sowie einer Tombola mit attraktiven Gewinnen und Vorf\u00fchrungen der Industriepartner.<br \/>Mit 2.150 Quadratmetern Verkaufsfl\u00e4che ist der neue Markt rund sechsmal gr\u00f6\u00dfer als zuvor. Moderne Fachhandelsb\u00fcros, gro\u00dfz\u00fcgige Ausstellungsfl\u00e4chen und vor allem ein gro\u00dfer Kundenparkplatz sorgen f\u00fcr ein komfortables Einkaufserlebnis \u2013 ein Quantensprung f\u00fcr alle, die bisher wenig Platz und enge Wege gewohnt waren.<br \/>Neu und jetzt noch gr\u00f6\u00dfer sind das Gartencenter mit Pflanzen, Erde und Zubeh\u00f6r, das Angebot an Tierfutter f\u00fcr Hund, Katze, Pferd und mehr sowie das Grill- und BBQ-Sortiment. Deutlich gr\u00f6\u00dfere Abteilungen gibt es ebenfalls f\u00fcr Gartenm\u00f6bel, Werkzeuge, Renovierungs- und Baumaterialien und Arbeitskleidung f\u00fcr Profis und Heimwerker. Damit wird der neue Standort zu einem voll ausgestatteten Nahversorger f\u00fcr alles rund ums Bauen, Wohnen und Renovieren \u2013 attraktiv f\u00fcr alle F\u00f6hrer und Amrumer.<br \/>\u00bbWir sind stolz, unseren Kunden nun einen so umfassend ausgestatteten Markt anbieten zu k\u00f6nnen\u00ab, sagt Baumarktleiter Thies Kr\u00fcger. \u00bbUnser Team ist auf zw\u00f6lf Kolleginnen und Kollegen gewachsen \u2013 sieben davon ganz neu. Damit k\u00f6nnen wir unsere Kunden noch besser beraten\u00ab. Auch Torben Jacobs, Leiter des Baustoffhandels, zieht ein positives Fazit: \u00bbGemeinsam mit zahlreichen F\u00f6hrer Firmen konnten wir dieses Gro\u00dfprojekt verwirklichen \u2013 ein starkes St\u00fcck Teamarbeit f\u00fcr die Insel.\u00ab <br \/>Und noch ein Tipp von Thies Kr\u00fcger: \u00bbLadet euch die hagebau-App herunter, w\u00e4hlt unseren Baumarkt aus und verpasst kein Angebot und neuerdings auch keinen Coupon mehr. Mit der Partnercard spart ihr sogar jedes Mal drei Prozent\u00ab. Die neuen regul\u00e4ren \u00d6ffnungszeiten sind ab dem 6. Oktober Montag bis Freitag von 7 bis 18 Uhr und Sonnabend von 8 bis 13 Uhr.<\/p>\n<p>[\/et_pb_text][et_pb_image src=&#8220;https:\/\/wirinsulaner.de\/wp-content\/uploads\/2025\/09\/CG-4-.jpg&#8220; _builder_version=&#8220;4.27.4&#8243; _module_preset=&#8220;default&#8220; theme_builder_area=&#8220;post_content&#8220; hover_enabled=&#8220;0&#8243; sticky_enabled=&#8220;0&#8243; title_text=&#8220;CG 4&#8243;][\/et_pb_image][et_pb_text _builder_version=&#8220;4.27.4&#8243; _module_preset=&#8220;default&#8220; theme_builder_area=&#8220;post_content&#8220; hover_enabled=&#8220;0&#8243; sticky_enabled=&#8220;0&#8243;]<\/p>\n<p><em>Baumarktleiter Thies Kr\u00fcger (li.) und Torben Jacobs, Standortleiter Fachhandel, im neuen Baumarkt.<\/em><\/p>\n<p>[\/et_pb_text][et_pb_gallery _builder_version=&#8220;4.27.4&#8243; _module_preset=&#8220;default&#8220; theme_builder_area=&#8220;post_content&#8220; gallery_ids=&#8220;5862,5861,5860,5859,5863&#8243; posts_number=&#8220;5&#8243; show_title_and_caption=&#8220;off&#8220; show_pagination=&#8220;off&#8220; hover_enabled=&#8220;0&#8243; sticky_enabled=&#8220;0&#8243;][\/et_pb_gallery][\/et_pb_column][\/et_pb_row][\/et_pb_section]<\/p>\n","protected":false},"excerpt":{"rendered":"<p>Die Geschichte der F\u00f6hrer Filiale von \u00bbC.G. Christiansen\u00ab geht auf das Jahr 1965 zur\u00fcck. Zuerst in der Boldixumer Stra\u00dfe und seit den 1980er Jahren im am Hemkweg im Wyker Gewerbegebiet, erfolgte jetzt ein richtiger Quantensprung mit einem Markt, der jetzt sechsmal gr\u00f6\u00dfer ist als zuvor.<\/p>\n","protected":false},"author":2,"featured_media":5857,"comment_status":"closed","ping_status":"open","sticky":false,"template":"","format":"standard","meta":{"_et_pb_use_builder":"on","_et_pb_old_content":"","_et_gb_content_width":"","footnotes":""},"categories":[16,5],"tags":[],"class_list":["post-5893","post","type-post","status-publish","format-standard","has-post-thumbnail","hentry","category-nachrichten","category-wyk"],"_links":{"self":[{"href":"https:\/\/wirinsulaner.de\/index.php?rest_route=\/wp\/v2\/posts\/5893","targetHints":{"allow":["GET"]}}],"collection":[{"href":"https:\/\/wirinsulaner.de\/index.php?rest_route=\/wp\/v2\/posts"}],"about":[{"href":"https:\/\/wirinsulaner.de\/index.php?rest_route=\/wp\/v2\/types\/post"}],"author":[{"embeddable":true,"href":"https:\/\/wirinsulaner.de\/index.php?rest_route=\/wp\/v2\/users\/2"}],"replies":[{"embeddable":true,"href":"https:\/\/wirinsulaner.de\/index.php?rest_route=%2Fwp%2Fv2%2Fcomments&post=5893"}],"version-history":[{"count":2,"href":"https:\/\/wirinsulaner.de\/index.php?rest_route=\/wp\/v2\/posts\/5893\/revisions"}],"predecessor-version":[{"id":5895,"href":"https:\/\/wirinsulaner.de\/index.php?rest_route=\/wp\/v2\/posts\/5893\/revisions\/5895"}],"wp:featuredmedia":[{"embeddable":true,"href":"https:\/\/wirinsulaner.de\/index.php?rest_route=\/wp\/v2\/media\/5857"}],"wp:attachment":[{"href":"https:\/\/wirinsulaner.de\/index.php?rest_route=%2Fwp%2Fv2%2Fmedia&parent=5893"}],"wp:term":[{"taxonomy":"category","embeddable":true,"href":"https:\/\/wirinsulaner.de\/index.php?rest_route=%2Fwp%2Fv2%2Fcategories&post=5893"},{"taxonomy":"post_tag","embeddable":true,"href":"https:\/\/wirinsulaner.de\/index.php?rest_route=%2Fwp%2Fv2%2Ftags&post=5893"}],"curies":[{"name":"wp","href":"https:\/\/api.w.org\/{rel}","templated":true}]}}