{"id":5926,"date":"2025-10-14T12:06:00","date_gmt":"2025-10-14T10:06:00","guid":{"rendered":"https:\/\/wirinsulaner.de\/?p=5926"},"modified":"2025-10-13T10:21:55","modified_gmt":"2025-10-13T08:21:55","slug":"die-ganze-insel-in-einem-anderen-licht","status":"publish","type":"post","link":"https:\/\/wirinsulaner.de\/?p=5926","title":{"rendered":"Die ganze Insel in einem anderen Licht"},"content":{"rendered":"<p>[et_pb_section fb_built=&#8220;1&#8243; theme_builder_area=&#8220;post_content&#8220; _builder_version=&#8220;4.27.4&#8243; _module_preset=&#8220;default&#8220;][et_pb_row _builder_version=&#8220;4.27.4&#8243; _module_preset=&#8220;default&#8220; theme_builder_area=&#8220;post_content&#8220;][et_pb_column _builder_version=&#8220;4.27.4&#8243; _module_preset=&#8220;default&#8220; type=&#8220;4_4&#8243; theme_builder_area=&#8220;post_content&#8220;][et_pb_text _builder_version=&#8220;4.27.4&#8243; _module_preset=&#8220;default&#8220; theme_builder_area=&#8220;post_content&#8220; hover_enabled=&#8220;0&#8243; sticky_enabled=&#8220;0&#8243;]<\/p>\n<p><em>Illuminierte Jens-Jacob-Eschel-Stra\u00dfe in Nieblum\u00a0 \u00a0Foto: Kystlys.eu<\/em><\/p>\n<p>Wenn die Tage k\u00fcrzer werden, beginnt auf der Insel F\u00f6hr ein besonderes Schauspiel: Vom 23. bis 27. Oktober l\u00e4dt die F\u00f6hr Tourismus GmbH (FTG) mit der \u00bbF\u00f6hrer Lichterwoche\u00ab dazu ein, die Insel in einem v\u00f6llig neuen Licht zu erleben. Das Lichtk\u00fcnstlerduo \u00bbKystlys\u00ab verwandelt an f\u00fcnf aufeinanderfolgenden Abenden jeweils einen anderen Ort der Insel mit seinen Lichtprojektionen in ein tempor\u00e4res Kunstwerk. Die Besucher und Besucherinnen d\u00fcrfen sich t\u00e4glich zwischen 19 und 21.30 Uhr auf eine Kombination aus illuminierten Architektur- und Landschaftselementen sowie ein erg\u00e4nzendes Rahmenprogramm freuen. Der Eintritt ist frei. \u00bbWir freuen uns sehr, dass wir in diesem Jahr f\u00fcnf neue, noch nie bespielte Orte auf der Insel gewinnen konnten. Die ersten, vielversprechenden Probeleuchtungen im September haben unsere Vorfreude auf die f\u00fcnf Abende nur noch gesteigert.\u00ab, erkl\u00e4rt FTG-Veranstaltungsmitarbeiter Zag Below.<\/p>\n<p style=\"text-align: center;\"><strong>23. Oktober, <\/strong><br \/><strong>Gr\u00fcffelo-Pfad, <\/strong><br \/><strong>Wrixum<\/strong><br \/>Die \u00bbF\u00f6hrer Lichterwoche\u00ab startet am Donnerstag, 23. Oktober, mit einem besonderen Highlight: Der Auftakt findet auf dem Gr\u00fcffelo-Pfad im Wrixumer Forst statt. Zum Start der Lichtinstallationen gibt es um 19 Uhr einen Laternenumzug. Die Route beginnt am Birkenweg und f\u00fchrt vorbei an den Gr\u00fcffelo-Stationen \u00bbMaus\u00ab und \u00bbFuchs\u00ab bis hin zum Grubenhaus. Nach dem Umzug sorgt die Freiwillige Feuerwehr Wrixum f\u00fcr das leibliche Wohl mit Grillwurst und Getr\u00e4nken.<\/p>\n<p style=\"text-align: center;\"><strong>24. Oktober, <\/strong><br \/><strong>Jens-Jacob-Eschel-Stra\u00dfe, Nieblum<\/strong><br \/>Am 24. Oktober geht es im Dorfkern von Nieblum weiter. Hier r\u00fcckt die Jens-Jacob-Eschel-Stra\u00dfe in den Fokus der Lichtkunst. Thorsten J\u00e4hne sorgt mit den Kl\u00e4ngen seiner Handpan zus\u00e4tzlich f\u00fcr eine stimmungsvolle Atmosph\u00e4re. F\u00fcr das leibliche Wohl ist ebenfalls gesorgt: Neben einem Getr\u00e4nkewagen steht der Foodtruck \u00bbL\u00fctt Mats\u00ab mit Burgern und frittierten Fischst\u00fcckchen in Backteig bereit.<\/p>\n<p style=\"text-align: center;\"><strong>25. Oktober, <\/strong><br \/><strong>Huchstig (ab Kreuzung B\u00fc\u00fcrjaat bis Uaster Jaat), Oldsum<\/strong><br \/>N\u00e4chste Station der diesj\u00e4hrigen \u00bbF\u00f6hrer Lichterwoche\u00ab ist am Sonnabend, 25. Oktober, in Oldsum. Die Lichtprojektionen von \u00bbKystlys\u00ab sind am Huchstig zwischen der Kreuzung B\u00fc\u00fcrjaat und Uaster Jaat zu sehen. F\u00fcr eine zus\u00e4tzliche, stimmungsvolle Atmosph\u00e4re sorgt Thorsten J\u00e4hne mit den Kl\u00e4ngen seiner Handpan. Die Freiwillige Feuerwehr Oldsum bietet zudem einen Grillstand sowie verschiedene Getr\u00e4nke an.<\/p>\n<p style=\"text-align: center;\"><strong>26. Oktober, <\/strong><br \/><strong>Containertankstelle, <\/strong><br \/><strong>Wyk auf F\u00f6hr<\/strong><br \/>Am Sonntag, 26. Oktober, erwartet die Besucherinnen und Besucher an der Containertankstelle in Wyk auf F\u00f6hr ein schaurig-sch\u00f6nes Spektakel: Die gesamte Tankstelle wird in ein Meer aus Lichtern getaucht und erstrahlt in einem gruseligen Halloween-Look. Passend dazu verwandelt sich die angrenzende Gr\u00fcnfl\u00e4che in einen Friedhof. F\u00fcr die j\u00fcngsten G\u00e4ste gibt es s\u00fc\u00dfe Halloween-Leckereien. Vor Ort gibt es au\u00dferdem eine Punschbude und der \u00bbPhinas Streetfoodbus\u00ab bietet Tacos, Burritos und vieles mehr an.<\/p>\n<p style=\"text-align: center;\"><strong>27. Oktober, <\/strong><br \/><strong>Mittelbr\u00fccke, Wyk auf F\u00f6hr<\/strong><br \/>Der Abschluss der \u00bbF\u00f6hrer Lichterwoche\u00ab findet am Sonntag, 27. Oktober, schlie\u00dflich auf der Mittelbr\u00fccke in Wyk auf F\u00f6hr statt. F\u00fcr den passenden musikalischen Rahmen sorgen gleich zwei K\u00fcnstler. Auf der Br\u00fccke selbst spielt Thorsten J\u00e4hne auf seiner Handpan. Direkt vor der Br\u00fccke am Gezeitenbrunnen spielt der F\u00f6hrer Singer-Songwriter Michael Dwyer auf seiner Gitarre. F\u00fcr eine Erfrischung stehen die \u00bbConfiserie F\u00f6hr\u00ab und das Caf\u00e9 \u00bbDie Insel\u00ab mit einer Auswahl an Getr\u00e4nken zur Verf\u00fcgung. Wer es herzhaft mag, findet an einem Currywurststand die passende St\u00e4rkung.<\/p>\n<p>Die Lichtprojektionen sind an den f\u00fcnf Orten jeweils von 19 bis 21.30 Uhr zu sehen. Da vor Ort nur begrenzte Parkm\u00f6glichkeiten f\u00fcr Pkw zur Verf\u00fcgung stehen, empfiehlt die FTG, die \u00bbF\u00f6hrer Lichterwoche\u00ab zu Fu\u00df oder mit dem Fahrrad zu besuchen. So k\u00f6nnen G\u00e4ste und Einheimische die Kunstwerke nicht nur stressfrei genie\u00dfen, sondern reisen auch besonders klimafreundlich an, hei\u00dft es.<\/p>\n<p>Die FTG l\u00e4dt G\u00e4ste und Einheimische herzlich ein, die sch\u00f6nsten Eindr\u00fccke der \u00bbF\u00f6hrer Lichterwoche\u00ab auf Instagram zu teilen. F\u00fcr eine m\u00f6gliche Repost-Funktion durch die FTG ist die Erw\u00e4hnung von @inselfoehr sowie die Nutzung des Hashtags #F\u00f6hrerLichterwoche erforderlich.<\/p>\n<p>[\/et_pb_text][\/et_pb_column][\/et_pb_row][\/et_pb_section]<\/p>\n","protected":false},"excerpt":{"rendered":"<p>Wenn die Tage k\u00fcrzer werden, beginnt auf der Insel F\u00f6hr ein besonderes Schauspiel: Vom 23. bis 27. Oktober l\u00e4dt die F\u00f6hr Tourismus GmbH (FTG) mit der \u00bbF\u00f6hrer Lichterwoche\u00ab dazu ein, die Insel in einem v\u00f6llig neuen Licht zu erleben. Das Lichtk\u00fcnstlerduo \u00bbKystlys\u00ab verwandelt an f\u00fcnf aufeinanderfolgenden Abenden jeweils einen anderen Ort der Insel mit seinen Lichtprojektionen in ein tempor\u00e4res Kunstwerk. <\/p>\n","protected":false},"author":2,"featured_media":5910,"comment_status":"closed","ping_status":"open","sticky":false,"template":"","format":"standard","meta":{"_et_pb_use_builder":"on","_et_pb_old_content":"","_et_gb_content_width":"","footnotes":""},"categories":[16],"tags":[],"class_list":["post-5926","post","type-post","status-publish","format-standard","has-post-thumbnail","hentry","category-nachrichten"],"_links":{"self":[{"href":"https:\/\/wirinsulaner.de\/index.php?rest_route=\/wp\/v2\/posts\/5926","targetHints":{"allow":["GET"]}}],"collection":[{"href":"https:\/\/wirinsulaner.de\/index.php?rest_route=\/wp\/v2\/posts"}],"about":[{"href":"https:\/\/wirinsulaner.de\/index.php?rest_route=\/wp\/v2\/types\/post"}],"author":[{"embeddable":true,"href":"https:\/\/wirinsulaner.de\/index.php?rest_route=\/wp\/v2\/users\/2"}],"replies":[{"embeddable":true,"href":"https:\/\/wirinsulaner.de\/index.php?rest_route=%2Fwp%2Fv2%2Fcomments&post=5926"}],"version-history":[{"count":2,"href":"https:\/\/wirinsulaner.de\/index.php?rest_route=\/wp\/v2\/posts\/5926\/revisions"}],"predecessor-version":[{"id":5928,"href":"https:\/\/wirinsulaner.de\/index.php?rest_route=\/wp\/v2\/posts\/5926\/revisions\/5928"}],"wp:featuredmedia":[{"embeddable":true,"href":"https:\/\/wirinsulaner.de\/index.php?rest_route=\/wp\/v2\/media\/5910"}],"wp:attachment":[{"href":"https:\/\/wirinsulaner.de\/index.php?rest_route=%2Fwp%2Fv2%2Fmedia&parent=5926"}],"wp:term":[{"taxonomy":"category","embeddable":true,"href":"https:\/\/wirinsulaner.de\/index.php?rest_route=%2Fwp%2Fv2%2Fcategories&post=5926"},{"taxonomy":"post_tag","embeddable":true,"href":"https:\/\/wirinsulaner.de\/index.php?rest_route=%2Fwp%2Fv2%2Ftags&post=5926"}],"curies":[{"name":"wp","href":"https:\/\/api.w.org\/{rel}","templated":true}]}}