{"id":5932,"date":"2025-10-14T12:10:00","date_gmt":"2025-10-14T10:10:00","guid":{"rendered":"https:\/\/wirinsulaner.de\/?p=5932"},"modified":"2025-10-13T10:31:46","modified_gmt":"2025-10-13T08:31:46","slug":"traumatisches-erlebnis-auf-einer-kleinen-insel","status":"publish","type":"post","link":"https:\/\/wirinsulaner.de\/?p=5932","title":{"rendered":"Traumatisches Erlebnis auf einer kleinen Insel"},"content":{"rendered":"<p>[et_pb_section fb_built=&#8220;1&#8243; theme_builder_area=&#8220;post_content&#8220; _builder_version=&#8220;4.27.4&#8243; _module_preset=&#8220;default&#8220;][et_pb_row _builder_version=&#8220;4.27.4&#8243; _module_preset=&#8220;default&#8220; theme_builder_area=&#8220;post_content&#8220;][et_pb_column _builder_version=&#8220;4.27.4&#8243; _module_preset=&#8220;default&#8220; type=&#8220;4_4&#8243; theme_builder_area=&#8220;post_content&#8220;][et_pb_text _builder_version=&#8220;4.27.4&#8243; _module_preset=&#8220;default&#8220; theme_builder_area=&#8220;post_content&#8220; hover_enabled=&#8220;0&#8243; sticky_enabled=&#8220;0&#8243;]<\/p>\n<p>\u00bbDie Saison 2025 ist so gut wie gelaufen \u2013 aber das Beste kommt zum Schluss\u00ab, so J\u00fcrgen \u00bbbu-bu\u00ab Hu\u00df von \u00bbder bunte buchladen\u00ab in Wyk. Damit meint er Tim Pieper, der im Rahmen seiner Lesereise die Insel besucht. Auf seiner Homepage stellt sich der Autor bescheiden mit folgenden Worten vor: \u00bbMein Name ist Tim Pieper und ich schreibe Unterhaltungsromane \u2026\u00ab Er ist Mitglied in der Autorengruppe deutschsprachiger Kriminalliteratur \u00bbSyndikat\u00ab, womit sein Genre feststeht. Mit seiner Familie lebt er im Havelland, nur wenige Kilometer vor den Toren Potsdams. Seine Krimis zeichnen sich immer als grundsolide und sehr gut recherchierte Geschichten mit lokalem Hintergrund aus, die immer mit schnellen Plots und schier atemloser Spannung daherkommen. <br \/>Mit seinem neuen Roman \u00bbDie M\u00fcndung\u00ab hat er zum ersten Mal seine brandenburgische Heimat verlassen und erz\u00e4hlt die Geschichte von der Kommissarin Lena Funk, welche eine freiwillige Auszeit nach einem traumatischen Erlebnis auf einer kleinen Insel in der Nordsee nimmt. Doch in einer st\u00fcrmischen Nacht wird in den D\u00fcnen ein Toter freigesp\u00fclt. Irgendjemand spielt mit der jungen Frau ganz perfide Katz und Maus.<br \/>Am Freitag, 24. Oktober, liest Pieper aus seinem Thriller \u00bbDie M\u00fcndung\u00ab im Veranstaltungszentrum in Wyk am Sandwall. Vielleicht wird an diesem Abend f\u00fcr das Publikum das Geheimnis des Gezeitenm\u00f6rders gel\u00fcftet. Auf jeden Fall wird ein spannender Abend garantiert. Beginn der Lesung um 20 Uhr. Der Eintrittspreis im Vorverkauf betr\u00e4gt 10 sowie an der Abendkasse 12 Euro. Der Kartenvorverkauf erfolgt bei \u00bbder bunte buchladen\u00ab, wo auch Reservierungen per Mail, telefonisch oder pers\u00f6nlich (www.bu-bu.de) m\u00f6glich sind. Im Vorverkauf sind die Karten auch bei allen Tourist-Informationen erh\u00e4ltlich.<\/p>\n<p>[\/et_pb_text][\/et_pb_column][\/et_pb_row][\/et_pb_section]<\/p>\n","protected":false},"excerpt":{"rendered":"<p>\u00bbDie Saison 2025 ist so gut wie gelaufen \u2013 aber das Beste kommt zum Schluss\u00ab, so J\u00fcrgen \u00bbbu-bu\u00ab Hu\u00df von \u00bbder bunte buchladen\u00ab in Wyk. Damit meint er Tim Pieper, der im Rahmen seiner Lesereise die Insel besucht. Auf seiner Homepage stellt sich der Autor bescheiden mit folgenden Worten vor: \u00bbMein Name ist Tim Pieper und ich schreibe Unterhaltungsromane \u2026\u00ab Er ist Mitglied in der Autorengruppe deutschsprachiger Kriminalliteratur \u00bbSyndikat\u00ab, womit sein Genre feststeht. Mit seiner Familie lebt er im Havelland, nur wenige Kilometer vor den Toren Potsdams. Seine Krimis zeichnen sich immer als grundsolide und sehr gut recherchierte Geschichten mit lokalem Hintergrund aus, die immer mit schnellen Plots und schier atemloser Spannung daherkommen. <\/p>\n","protected":false},"author":4,"featured_media":0,"comment_status":"closed","ping_status":"open","sticky":false,"template":"","format":"standard","meta":{"_et_pb_use_builder":"on","_et_pb_old_content":"","_et_gb_content_width":"","footnotes":""},"categories":[16,5],"tags":[],"class_list":["post-5932","post","type-post","status-publish","format-standard","hentry","category-nachrichten","category-wyk"],"_links":{"self":[{"href":"https:\/\/wirinsulaner.de\/index.php?rest_route=\/wp\/v2\/posts\/5932","targetHints":{"allow":["GET"]}}],"collection":[{"href":"https:\/\/wirinsulaner.de\/index.php?rest_route=\/wp\/v2\/posts"}],"about":[{"href":"https:\/\/wirinsulaner.de\/index.php?rest_route=\/wp\/v2\/types\/post"}],"author":[{"embeddable":true,"href":"https:\/\/wirinsulaner.de\/index.php?rest_route=\/wp\/v2\/users\/4"}],"replies":[{"embeddable":true,"href":"https:\/\/wirinsulaner.de\/index.php?rest_route=%2Fwp%2Fv2%2Fcomments&post=5932"}],"version-history":[{"count":2,"href":"https:\/\/wirinsulaner.de\/index.php?rest_route=\/wp\/v2\/posts\/5932\/revisions"}],"predecessor-version":[{"id":5934,"href":"https:\/\/wirinsulaner.de\/index.php?rest_route=\/wp\/v2\/posts\/5932\/revisions\/5934"}],"wp:attachment":[{"href":"https:\/\/wirinsulaner.de\/index.php?rest_route=%2Fwp%2Fv2%2Fmedia&parent=5932"}],"wp:term":[{"taxonomy":"category","embeddable":true,"href":"https:\/\/wirinsulaner.de\/index.php?rest_route=%2Fwp%2Fv2%2Fcategories&post=5932"},{"taxonomy":"post_tag","embeddable":true,"href":"https:\/\/wirinsulaner.de\/index.php?rest_route=%2Fwp%2Fv2%2Ftags&post=5932"}],"curies":[{"name":"wp","href":"https:\/\/api.w.org\/{rel}","templated":true}]}}