{"id":5935,"date":"2025-10-14T12:12:00","date_gmt":"2025-10-14T10:12:00","guid":{"rendered":"https:\/\/wirinsulaner.de\/?p=5935"},"modified":"2025-10-13T10:34:13","modified_gmt":"2025-10-13T08:34:13","slug":"bunter-krabbensalat-im-flaggenhaeuschen","status":"publish","type":"post","link":"https:\/\/wirinsulaner.de\/?p=5935","title":{"rendered":"Bunter \u00bbKrabbensalat\u00ab im Flaggenh\u00e4uschen"},"content":{"rendered":"<p>[et_pb_section fb_built=&#8220;1&#8243; theme_builder_area=&#8220;post_content&#8220; _builder_version=&#8220;4.27.4&#8243; _module_preset=&#8220;default&#8220;][et_pb_row _builder_version=&#8220;4.27.4&#8243; _module_preset=&#8220;default&#8220; theme_builder_area=&#8220;post_content&#8220;][et_pb_column _builder_version=&#8220;4.27.4&#8243; _module_preset=&#8220;default&#8220; type=&#8220;4_4&#8243; theme_builder_area=&#8220;post_content&#8220;][et_pb_text _builder_version=&#8220;4.27.4&#8243; _module_preset=&#8220;default&#8220; theme_builder_area=&#8220;post_content&#8220; hover_enabled=&#8220;0&#8243; sticky_enabled=&#8220;0&#8243;]<\/p>\n<p><em>Krabben sind das Thema von Andreas Petzold in diesem Monat.<\/em><\/p>\n<p>Viele gehen eher achtlos an dem kleinen Backsteinhaus vorbei, wenn sie von der Fischmarktkaje \u00fcber die Treppe zum W.D.R.-Geb\u00e4ude wollen oder umgekehrt. Und machen sich meist keine Gedanken \u00fcber Sinn und Zweck dieses Geb\u00e4udes, wobei es einige \u2013 meist Insulaner \u2013 wissen, dass es sich hierbei um das ehemalige W.D.R.-Flaggenh\u00e4uschen handelt. Der Multi-Media-K\u00fcnstler Andreas Petzold, bekannt unter seinem K\u00fcnstlernamen PAN, der in Nieblum das Atelier \u00bbKunsteins\u00ab betreibt, hat es jetzt f\u00fcr Kunst und Kultur auf kleinstem Raum entdeckt.<\/p>\n<p>Das f\u00fcnf Quadratmeter gro\u00dfe Areal, das vom Kooperationspartner W.D.R. zur Verf\u00fcgung gestellt wird, kann sich mit der \u00bbHummer-Bude 36\u00ab auf Helgoland, dem \u00bbTrafoh\u00e4uschen\u00ab im Ort Regenmantel, 20 Kilometer nordwestlich von Frankfurt an der Oder, der \u00bbJames Art Wall\u00ab in Flensburg oder der \u00bbKunstvitrine\u00ab in D\u00fcsseldorf messen lassen. Alle werden bei der Googlesuche als \u00bbKleinste Galerien Deutschlands\u00ab genannt. Die F\u00f6hrer Galerie, die durch die Fenster 24 Stunden am Tag kostenlos Einblicke gew\u00e4hrt, reiht sich hier nun ein. Und was war zur Ausstellungspremiere zu sehen? Das waren \u00bbGeisterschiffe \u2013 Made on F\u00f6hr\u00ab. Inspiriert von Geisterschiffen wie der \u00bbMary Celeste\u00ab oder dem \u00bbFliegenden Holl\u00e4nder\u00ab hatte der K\u00fcnstler der Dada- und Fluxus-Bewegung daf\u00fcr im vergangenen Jahr 500 ganz unterschiedliche Unikate geschaffen. Dass die Galerie eigentlich geschlossen ist, wollten viele nicht verstehen. Der Arbeitstitel \u00bb5m\u00b2 Einblicke in Kunst und Kultur\u00ab musste deshalb mehrfach in den Blickfeld der Betrachter ger\u00fcckt werden. <br \/>Deutschlands Aufzuchtstation f\u00fcr kreative Krustentiere liegt nun auf der nordfriesischen Insel F\u00f6hr! Unter dem Motto \u00bbKrabbensalat\u00ab ist das die neue Ausstellung in einer der kleinsten Galerien Deutschlands. \u00bbKrabben (Crabs) sind die h\u00f6chst entwickelten Krebse\u00ab, so Andreas Petzold. Sie geh\u00f6rten zu den Krustentieren, denn ihre K\u00f6rper w\u00fcrden von harten Schalen gesch\u00fctzt. Man unterscheide \u00bbEchte Krabben\u00ab und \u00bbScheinkrabben\u00ab. In Europa am weitesten verbreitet seien Taschenkrebse und Strandkrabben, erkl\u00e4rt er.<\/p>\n<p>CRABS BY PAN \u2013 und da gezielt die gemeine Dada- oder Fluxus-Krabbe \u2013 kommen ausschlie\u00dflich rund um die nordfriesische Insel F\u00f6hr vor. Ihre Zuchtstation ist das Atelier \u00bbKunsteins\u00ab. So vielf\u00e4ltig ihre Gattungen in der Natur auch vorkommen, so vielf\u00e4ltig werden sie dort kreativ verarbeitet. Genauer formuliert: Als \u00bbk\u00fcnstlerisches Produkt designed, created, printed and finished on F\u00f6hr\u00ab. \u00bbDie Welt der sch\u00f6nen K\u00fcnste nimmt sich heraus, sie sichtbar zu machen\u00ab, sagt Petzold frei nach Paul Klee.<br \/>Ihre Silhouette erschrickt dabei allerdings nicht nur Wattwanderer, sondern an Land auch Museums- und Galeriebesucher. Vereinzelt wurden Schmarotzer-Raubm\u00f6ven beobachtet, die ihren Angriff aus der Luft wegen martialischer Drohgeb\u00e4rden der Dada- oder Fluxus-Krabbe fr\u00fchzeitig abbrechen mussten. Auch Artverwandte aus der zeitgen\u00f6ssischen Kunstszene sind vor den Attacken dieser gemeinen Krabbenart nicht sicher. Mit ihren messerscharfen Scheren h\u00e4lt sie nicht nur ihre Fressfeinde fern, sondern verarbeitet sie und andere unliebsame Gesellen auch sehr gern zu einer Form Materialcollage auf friesische Art.<br \/>Wie bei vielen anderen Konzepten, dem Musikpavillon am Sandwall in Kooperation mit der F\u00f6hr Tourismus GmbH, \u00bbDer blaue Stuhl\u00ab auf F\u00f6hr, der 2024 pl\u00f6tzlich zum Highlight bei den deutsch-d\u00e4nischen Kulturtagen und schlie\u00dflich in Hamburg und im Rhein-Main-Gebiet nicht nur zum Hingucker wurde, sind Partizipation und Kommunikation ein wesentlicher Teil der k\u00fcnstlerischen Arbeit von Petzold, die sich an Fluxus und Dada orientiert und immer wieder f\u00fcr Fragen und Heiterkeit, aber auch f\u00fcr Irritation sorgt. Insbesondere wenn sie gleichzeitig an zwei Orten ihre Spuren hinterl\u00e4sst. In Wyk auf F\u00f6hr und in Wiesbaden, der ehemaligen Heimatstadt von Andreas Petzold. Und wer wei\u00df, vielleicht taucht auch der \u00bbblaue Stuhl\u00ab im Flaggenh\u00e4uschen und in der hessischen Landeshauptstadt eines Tages wieder auf?<\/p>\n<p>[\/et_pb_text][et_pb_image src=&#8220;https:\/\/wirinsulaner.de\/wp-content\/uploads\/2025\/10\/Petzold-1-.jpg&#8220; _builder_version=&#8220;4.27.4&#8243; _module_preset=&#8220;default&#8220; theme_builder_area=&#8220;post_content&#8220; title_text=&#8220;Petzold 1&#8243; hover_enabled=&#8220;0&#8243; sticky_enabled=&#8220;0&#8243;][\/et_pb_image][et_pb_text _builder_version=&#8220;4.27.4&#8243; _module_preset=&#8220;default&#8220; theme_builder_area=&#8220;post_content&#8220; hover_enabled=&#8220;0&#8243; sticky_enabled=&#8220;0&#8243;]<\/p>\n<p><em>Das Flaggenh\u00e4uschen \u2013 jetzt eine der kleinsten Galerien in Deutschland.<\/em><\/p>\n<p>[\/et_pb_text][\/et_pb_column][\/et_pb_row][\/et_pb_section]<\/p>\n","protected":false},"excerpt":{"rendered":"<p>Viele gehen eher achtlos an dem kleinen Backsteinhaus vorbei, wenn sie von der Fischmarktkaje \u00fcber die Treppe zum W.D.R.-Geb\u00e4ude wollen oder umgekehrt. Und machen sich meist keine Gedanken \u00fcber Sinn und Zweck dieses Geb\u00e4udes, wobei es einige \u2013 meist Insulaner \u2013 wissen, dass es sich hierbei um das ehemalige W.D.R.-Flaggenh\u00e4uschen handelt. Der Multi-Media-K\u00fcnstler Andreas Petzold, bekannt unter seinem K\u00fcnstlernamen PAN, der in Nieblum das Atelier \u00bbKunsteins\u00ab betreibt, hat es jetzt f\u00fcr Kunst und Kultur auf kleinstem Raum entdeckt. <\/p>\n","protected":false},"author":4,"featured_media":5913,"comment_status":"closed","ping_status":"open","sticky":false,"template":"","format":"standard","meta":{"_et_pb_use_builder":"on","_et_pb_old_content":"","_et_gb_content_width":"","footnotes":""},"categories":[16,5],"tags":[],"class_list":["post-5935","post","type-post","status-publish","format-standard","has-post-thumbnail","hentry","category-nachrichten","category-wyk"],"_links":{"self":[{"href":"https:\/\/wirinsulaner.de\/index.php?rest_route=\/wp\/v2\/posts\/5935","targetHints":{"allow":["GET"]}}],"collection":[{"href":"https:\/\/wirinsulaner.de\/index.php?rest_route=\/wp\/v2\/posts"}],"about":[{"href":"https:\/\/wirinsulaner.de\/index.php?rest_route=\/wp\/v2\/types\/post"}],"author":[{"embeddable":true,"href":"https:\/\/wirinsulaner.de\/index.php?rest_route=\/wp\/v2\/users\/4"}],"replies":[{"embeddable":true,"href":"https:\/\/wirinsulaner.de\/index.php?rest_route=%2Fwp%2Fv2%2Fcomments&post=5935"}],"version-history":[{"count":2,"href":"https:\/\/wirinsulaner.de\/index.php?rest_route=\/wp\/v2\/posts\/5935\/revisions"}],"predecessor-version":[{"id":5937,"href":"https:\/\/wirinsulaner.de\/index.php?rest_route=\/wp\/v2\/posts\/5935\/revisions\/5937"}],"wp:featuredmedia":[{"embeddable":true,"href":"https:\/\/wirinsulaner.de\/index.php?rest_route=\/wp\/v2\/media\/5913"}],"wp:attachment":[{"href":"https:\/\/wirinsulaner.de\/index.php?rest_route=%2Fwp%2Fv2%2Fmedia&parent=5935"}],"wp:term":[{"taxonomy":"category","embeddable":true,"href":"https:\/\/wirinsulaner.de\/index.php?rest_route=%2Fwp%2Fv2%2Fcategories&post=5935"},{"taxonomy":"post_tag","embeddable":true,"href":"https:\/\/wirinsulaner.de\/index.php?rest_route=%2Fwp%2Fv2%2Ftags&post=5935"}],"curies":[{"name":"wp","href":"https:\/\/api.w.org\/{rel}","templated":true}]}}