{"id":5938,"date":"2025-10-14T12:14:00","date_gmt":"2025-10-14T10:14:00","guid":{"rendered":"https:\/\/wirinsulaner.de\/?p=5938"},"modified":"2025-10-13T10:37:35","modified_gmt":"2025-10-13T08:37:35","slug":"jahrmarkt-mit-vielen-neuen-highlights","status":"publish","type":"post","link":"https:\/\/wirinsulaner.de\/?p=5938","title":{"rendered":"Jahrmarkt mit vielen neuen Highlights"},"content":{"rendered":"\n[et_pb_section fb_built=&#8220;1&#8243; _builder_version=&#8220;4.27.4&#8243; _module_preset=&#8220;default&#8220; global_colors_info=&#8220;{}&#8220;][et_pb_row _builder_version=&#8220;4.27.4&#8243; _module_preset=&#8220;default&#8220; global_colors_info=&#8220;{}&#8220;][et_pb_column type=&#8220;4_4&#8243; _builder_version=&#8220;4.27.4&#8243; _module_preset=&#8220;default&#8220; global_colors_info=&#8220;{}&#8220;][et_pb_text _builder_version=&#8220;4.27.4&#8243; _module_preset=&#8220;default&#8220; hover_enabled=&#8220;0&#8243; global_colors_info=&#8220;{}&#8220; sticky_enabled=&#8220;0&#8243;]<p>Highlight des Jahrmarkts 2025: Das 18 Meter hohe Riesenrad\u00a0 \u00a0 Foto: Timo Klein<\/p>\n<p>Von Donnerstag bis Montag, 16. bis 20. Oktober, wird auf F\u00f6hr wieder die \u00bbf\u00fcnfte Jahreszeit\u00ab gefeiert. So wird der F\u00f6hrer Jahrmarkt genannt, seitdem ihn der letzte hauptamtliche Wyker B\u00fcrgermeister so bezeichnet hat. \u00dcber 40 Schausteller laden auf dem Wyker Heymannsparkplatz t\u00e4glich ab 14 Uhr zu rasanten Fahrten und vergn\u00fcglichen Stunden ein. In diesem Jahr darf man sich zudem auf ein Riesenrad sowie \u00bbPAW Patrol\u00ab-Walking Acts freuen. Eine weitere Neuerung ist die musikalische Begleitung des Laternenumzugs, der am 16. Oktober, ab 18 Uhr, durch die Wyker Innenstadt zieht. Der letzte Tag ist traditionell der Familientag. <br \/>Bei der F\u00f6hr Tourismus GmbH (FTG) laufen die Vorbereitungen f\u00fcr den Jahrmarkt bereits seit Anfang des Jahres auf Hochtouren. Das Ziel: G\u00e4sten und Einheimischen der Insel F\u00f6hr kontinuierlich neue Attraktionen zu bieten. \u00bbDieses Jahr lag unser Schwerpunkt darauf, das Angebot f\u00fcr Familien und Kinder zu erweitern. Dazu z\u00e4hlt neben dem Riesenrad beispielsweise, dass der Laternenumzug zum Jahrmarkt in diesem Jahr durch die Musikfreunde Osterland-F\u00f6hr eine musikalische Begleitung bekommt.\u00ab, erkl\u00e4rt FTG-Veranstaltungsmitarbeiterin Julia Matthias. Der Umzug, der im letzten Jahr seine Premiere feierte, beginnt um 18 Uhr am Jugendzentrum (Heymannsweg 1) in Wyk. Die Route f\u00fchrt durch die Innenstadt und endet direkt auf dem Jahrmarkt am Heymannsparkplatz. Als Vorbereitung auf den Laternenumzug k\u00f6nnen Kinder ihre eigene Laterne basteln. Von 14. bis 16. Oktober findet dazu t\u00e4glich eine Bastelaktion mit \u00bbMaikeMoin\u00ab in der kleinen Werkstatt im Veranstaltungszentrum (1.OG, Sandwall 38, Wyk) statt, am 14. Oktober von 15 bis 17 Uhr sowie am 15. und 16. Oktober von 10 bis 12 Uhr.<br \/>Ein weiteres neues Highlight f\u00fcr Kinder auf dem Jahrmarkt: Am Sonntagnachmittag, 19. Oktober, schlendern einige Charaktere aus der Animationsserie \u00bbPAW Patrol\u00ab als Walking Acts \u00fcber den Jahrmarkt. Der letzte Tag am 20. Oktober ist traditionell ein Familientag mit erm\u00e4\u00dfigten Preisen und Sonderaktionen.<\/p>\n<p>Auch f\u00fcr das leibliche Wohl gibt es Neues zu entdecken. Erstmals dabei ist ein Stand mit herzhaften und s\u00fc\u00dfen Langos. Zus\u00e4tzlich sorgt der F\u00f6hrer Imbissstand \u00bbPHiNAs\u00ab und \u00bbNamines Deli\u00ab f\u00fcr Abwechslung und bietet Nachos, Churros, Sandwiches und Softdrinks an.<\/p>[\/et_pb_text][et_pb_image src=&#8220;https:\/\/wirinsulaner.de\/wp-content\/uploads\/2025\/10\/PawPatrol.jpg&#8220; _builder_version=&#8220;4.27.4&#8243; _module_preset=&#8220;default&#8220; hover_enabled=&#8220;0&#8243; global_colors_info=&#8220;{}&#8220; title_text=&#8220;PawPatrol&#8220; sticky_enabled=&#8220;0&#8243;][\/et_pb_image][et_pb_text _builder_version=&#8220;4.27.4&#8243; _module_preset=&#8220;default&#8220; hover_enabled=&#8220;0&#8243; global_colors_info=&#8220;{}&#8220; sticky_enabled=&#8220;0&#8243;]<p><em>Die \u00bbPAW Patrol\u00ab-Walking Acts feiern ihre Premiere auf dem Jahrmarkt\u00a0 \u00a0 Foto: Schaustellerbetrieb Reinhard<\/em><\/p>[\/et_pb_text][\/et_pb_column][\/et_pb_row][\/et_pb_section]\n","protected":false},"excerpt":{"rendered":"<p>Von Donnerstag bis Montag, 16. bis 20. Oktober, wird auf F\u00f6hr wieder die \u00bbf\u00fcnfte Jahreszeit\u00ab gefeiert. So wird der F\u00f6hrer Jahrmarkt genannt, seitdem ihn der letzte hauptamtliche Wyker B\u00fcrgermeister so bezeichnet hat. \u00dcber 40 Schausteller laden auf dem Wyker Heymannsparkplatz t\u00e4glich ab 14 Uhr zu rasanten Fahrten und vergn\u00fcglichen Stunden ein. In diesem Jahr darf man sich zudem auf ein Riesenrad sowie \u00bbPAW Patrol\u00ab-Walking Acts freuen. Eine weitere Neuerung ist die musikalische Begleitung des Laternenumzugs, der am 16. Oktober, ab 18 Uhr, durch die Wyker Innenstadt zieht. Der letzte Tag ist traditionell der Familientag. <\/p>\n","protected":false},"author":4,"featured_media":5906,"comment_status":"closed","ping_status":"open","sticky":false,"template":"","format":"standard","meta":{"_et_pb_use_builder":"on","_et_pb_old_content":"","_et_gb_content_width":"","footnotes":""},"categories":[16,5],"tags":[],"class_list":["post-5938","post","type-post","status-publish","format-standard","has-post-thumbnail","hentry","category-nachrichten","category-wyk"],"_links":{"self":[{"href":"https:\/\/wirinsulaner.de\/index.php?rest_route=\/wp\/v2\/posts\/5938","targetHints":{"allow":["GET"]}}],"collection":[{"href":"https:\/\/wirinsulaner.de\/index.php?rest_route=\/wp\/v2\/posts"}],"about":[{"href":"https:\/\/wirinsulaner.de\/index.php?rest_route=\/wp\/v2\/types\/post"}],"author":[{"embeddable":true,"href":"https:\/\/wirinsulaner.de\/index.php?rest_route=\/wp\/v2\/users\/4"}],"replies":[{"embeddable":true,"href":"https:\/\/wirinsulaner.de\/index.php?rest_route=%2Fwp%2Fv2%2Fcomments&post=5938"}],"version-history":[{"count":5,"href":"https:\/\/wirinsulaner.de\/index.php?rest_route=\/wp\/v2\/posts\/5938\/revisions"}],"predecessor-version":[{"id":5943,"href":"https:\/\/wirinsulaner.de\/index.php?rest_route=\/wp\/v2\/posts\/5938\/revisions\/5943"}],"wp:featuredmedia":[{"embeddable":true,"href":"https:\/\/wirinsulaner.de\/index.php?rest_route=\/wp\/v2\/media\/5906"}],"wp:attachment":[{"href":"https:\/\/wirinsulaner.de\/index.php?rest_route=%2Fwp%2Fv2%2Fmedia&parent=5938"}],"wp:term":[{"taxonomy":"category","embeddable":true,"href":"https:\/\/wirinsulaner.de\/index.php?rest_route=%2Fwp%2Fv2%2Fcategories&post=5938"},{"taxonomy":"post_tag","embeddable":true,"href":"https:\/\/wirinsulaner.de\/index.php?rest_route=%2Fwp%2Fv2%2Ftags&post=5938"}],"curies":[{"name":"wp","href":"https:\/\/api.w.org\/{rel}","templated":true}]}}