{"id":595,"date":"2022-11-16T22:57:25","date_gmt":"2022-11-16T21:57:25","guid":{"rendered":"https:\/\/wirinsulaner.de\/?p=595"},"modified":"2022-11-23T13:43:39","modified_gmt":"2022-11-23T12:43:39","slug":"kunshandwerk-und-schoene-geschenkideen","status":"publish","type":"post","link":"https:\/\/wirinsulaner.de\/?p=595","title":{"rendered":"Kunsthandwerk und sch\u00f6ne Geschenkideen"},"content":{"rendered":"\n\n[et_pb_section fb_built=&#8220;1&#8243; theme_builder_area=&#8220;post_content&#8220; _builder_version=&#8220;4.19.0&#8243; _module_preset=&#8220;default&#8220;][et_pb_row _builder_version=&#8220;4.19.0&#8243; _module_preset=&#8220;default&#8220; theme_builder_area=&#8220;post_content&#8220;][et_pb_column _builder_version=&#8220;4.19.0&#8243; _module_preset=&#8220;default&#8220; type=&#8220;4_4&#8243; theme_builder_area=&#8220;post_content&#8220;][et_pb_text _builder_version=&#8220;4.19.0&#8243; _module_preset=&#8220;default&#8220; theme_builder_area=&#8220;post_content&#8220; hover_enabled=&#8220;0&#8243; sticky_enabled=&#8220;0&#8243;]<p><strong><em>Traditioneller Weihnachtsmarkt in Nieblum:<\/em><\/strong><\/p>\n<h1>Kunsthandwerk und sch\u00f6ne Geschenkideen<\/h1>\n<p>Weihnachten kommt gar nicht so pl\u00f6tzlich, wie immer behauptet wird. Advents- und Weihnachtsm\u00e4rkte sowie lebendige Adventskalender und Kirchenkonzerte k\u00fcndigen das Fest der Feste schon lange vorher an. So auch der traditionelle Weihnachtsmarkt im Haus des Gastes in Nieblum, der in diesem Jahr am Sonnabend und Sonntag, 26. und 27. November, jeweils in der Zeit von 13 bis 17 Uhr, dieses Jahr wieder veranstaltet wird. Es werden kunsthandwerkliche Weihnachtsartikel angeboten und viele sch\u00f6ne Geschenkideen pr\u00e4sentiert.<\/p>[\/et_pb_text][\/et_pb_column][\/et_pb_row][\/et_pb_section]\n\n","protected":false},"excerpt":{"rendered":"<p>Traditioneller Weihnachtsmarkt in Nieblum: Kunsthandwerk und sch\u00f6ne Geschenkideen Weihnachten kommt gar nicht so pl\u00f6tzlich, wie immer behauptet wird. Advents- und Weihnachtsm\u00e4rkte sowie lebendige Adventskalender und Kirchenkonzerte k\u00fcndigen das Fest der Feste schon lange vorher an. So auch der traditionelle Weihnachtsmarkt im Haus des Gastes in Nieblum, der in diesem Jahr am Sonnabend und Sonntag, 26. [&hellip;]<\/p>\n","protected":false},"author":4,"featured_media":0,"comment_status":"closed","ping_status":"open","sticky":false,"template":"","format":"standard","meta":{"_et_pb_use_builder":"on","_et_pb_old_content":"","_et_gb_content_width":"","footnotes":""},"categories":[16,15],"tags":[],"class_list":["post-595","post","type-post","status-publish","format-standard","hentry","category-nachrichten","category-nieblum"],"_links":{"self":[{"href":"https:\/\/wirinsulaner.de\/index.php?rest_route=\/wp\/v2\/posts\/595","targetHints":{"allow":["GET"]}}],"collection":[{"href":"https:\/\/wirinsulaner.de\/index.php?rest_route=\/wp\/v2\/posts"}],"about":[{"href":"https:\/\/wirinsulaner.de\/index.php?rest_route=\/wp\/v2\/types\/post"}],"author":[{"embeddable":true,"href":"https:\/\/wirinsulaner.de\/index.php?rest_route=\/wp\/v2\/users\/4"}],"replies":[{"embeddable":true,"href":"https:\/\/wirinsulaner.de\/index.php?rest_route=%2Fwp%2Fv2%2Fcomments&post=595"}],"version-history":[{"count":4,"href":"https:\/\/wirinsulaner.de\/index.php?rest_route=\/wp\/v2\/posts\/595\/revisions"}],"predecessor-version":[{"id":667,"href":"https:\/\/wirinsulaner.de\/index.php?rest_route=\/wp\/v2\/posts\/595\/revisions\/667"}],"wp:attachment":[{"href":"https:\/\/wirinsulaner.de\/index.php?rest_route=%2Fwp%2Fv2%2Fmedia&parent=595"}],"wp:term":[{"taxonomy":"category","embeddable":true,"href":"https:\/\/wirinsulaner.de\/index.php?rest_route=%2Fwp%2Fv2%2Fcategories&post=595"},{"taxonomy":"post_tag","embeddable":true,"href":"https:\/\/wirinsulaner.de\/index.php?rest_route=%2Fwp%2Fv2%2Ftags&post=595"}],"curies":[{"name":"wp","href":"https:\/\/api.w.org\/{rel}","templated":true}]}}