{"id":5981,"date":"2025-10-28T12:00:00","date_gmt":"2025-10-28T11:00:00","guid":{"rendered":"https:\/\/wirinsulaner.de\/?p=5981"},"modified":"2025-10-24T07:55:25","modified_gmt":"2025-10-24T05:55:25","slug":"wir-insulaner-wurde-jetzt-zum-kunstwerk","status":"publish","type":"post","link":"https:\/\/wirinsulaner.de\/?p=5981","title":{"rendered":"\u00bbWIR Insulaner\u00ab wurde jetzt zum Kunstwerk"},"content":{"rendered":"<p>[et_pb_section fb_built=&#8220;1&#8243; theme_builder_area=&#8220;post_content&#8220; _builder_version=&#8220;4.27.4&#8243; _module_preset=&#8220;default&#8220;][et_pb_row _builder_version=&#8220;4.27.4&#8243; _module_preset=&#8220;default&#8220; theme_builder_area=&#8220;post_content&#8220;][et_pb_column _builder_version=&#8220;4.27.4&#8243; _module_preset=&#8220;default&#8220; type=&#8220;4_4&#8243; theme_builder_area=&#8220;post_content&#8220;][et_pb_text _builder_version=&#8220;4.27.4&#8243; _module_preset=&#8220;default&#8220; theme_builder_area=&#8220;post_content&#8220; hover_enabled=&#8220;0&#8243; sticky_enabled=&#8220;0&#8243;]<\/p>\n<p><em>\u00bbWIR Insulaner\u00ab k\u00fcnstlerisch gestaltet<\/em><\/p>\n<p>Der Multi-Media-K\u00fcnstler Andreas Petzold vom Atelier \u00bbKunsteins\u00ab in Nieblum, bekannt unter seinem K\u00fcnstlernamen PAN, hat das ehemalige Flaggenh\u00e4uschen der W.D.R am Binnenhafen f\u00fcr Kunst und Kultur auf kleinstem Raum entdeckt. Schaute man im September durch eines der Fenster, waren in einer der kleinsten Galerien Deutschlands \u00bbGeisterschiffe \u2013 Made on F\u00f6hr\u00ab zu entdecken. Jetzt sind es CRABS BY PAN, die der K\u00fcnstler aus dem Bereich der Fluxus- und Dada-Bewegung dort ausstellt (wir berichteten).<br \/>In diesem Rahmen sollte auch \u00bbWIR Insulaner\u00ab ein Kunstwerk werden. Jedenfalls 25 nummerierte Exemplare, die von PAN signiert, \u00fcberarbeitet, nachkoloriert und beklebt werden sollten. Die ersten Arbeiten sind verteilt. Mit seinem mobilen Atelier \u00bbKunsteins\u00ab hatte Petzold kurzfristig beim Frischemarkt H\u00fcckst\u00e4dt, in der B\u00e4ckerei Hansen und der Gemeindeverwaltung im D\u00f6rpshus in Nieblum Station gemacht, um \u00bbWIR Insulaner\u00ab k\u00fcnstlerisch zu bearbeiten und den bereits ausgelegten Exemplaren heimlich wieder beizulegen. Mal sehen, was passiert.<br \/>Ein Teil der CRABS ging anschlie\u00dfend ins W.D.R.-Flaggenh\u00e4uschen am Wyker Hafen und ein Gro\u00dfteil geht zum Schluss nach Wiesbaden zu \u00bbTatorte Kunst Wiesbaden\u00ab, um dort f\u00fcr kreative Unruhe zu sorgen.<\/p>\n<p>[\/et_pb_text][et_pb_gallery _builder_version=&#8220;4.27.4&#8243; _module_preset=&#8220;default&#8220; theme_builder_area=&#8220;post_content&#8220; gallery_ids=&#8220;5972,5969&#8243; posts_number=&#8220;2&#8243; show_title_and_caption=&#8220;off&#8220; show_pagination=&#8220;off&#8220; hover_enabled=&#8220;0&#8243; sticky_enabled=&#8220;0&#8243;][\/et_pb_gallery][\/et_pb_column][\/et_pb_row][\/et_pb_section]<\/p>\n","protected":false},"excerpt":{"rendered":"<p>Der Multi-Media-K\u00fcnstler Andreas Petzold vom Atelier \u00bbKunsteins\u00ab in Nieblum, bekannt unter seinem K\u00fcnstlernamen PAN, hat das ehemalige Flaggenh\u00e4uschen der W.D.R am Binnenhafen f\u00fcr Kunst und Kultur auf kleinstem Raum entdeckt. Schaute man im September durch eines der Fenster, waren in einer der kleinsten Galerien Deutschlands \u00bbGeisterschiffe \u2013 Made on F\u00f6hr\u00ab zu entdecken. Jetzt sind es CRABS BY PAN, die der K\u00fcnstler aus dem Bereich der Fluxus- und Dada-Bewegung d<\/p>\n","protected":false},"author":2,"featured_media":5968,"comment_status":"closed","ping_status":"open","sticky":false,"template":"","format":"standard","meta":{"_et_pb_use_builder":"on","_et_pb_old_content":"","_et_gb_content_width":"","footnotes":""},"categories":[16],"tags":[],"class_list":["post-5981","post","type-post","status-publish","format-standard","has-post-thumbnail","hentry","category-nachrichten"],"_links":{"self":[{"href":"https:\/\/wirinsulaner.de\/index.php?rest_route=\/wp\/v2\/posts\/5981","targetHints":{"allow":["GET"]}}],"collection":[{"href":"https:\/\/wirinsulaner.de\/index.php?rest_route=\/wp\/v2\/posts"}],"about":[{"href":"https:\/\/wirinsulaner.de\/index.php?rest_route=\/wp\/v2\/types\/post"}],"author":[{"embeddable":true,"href":"https:\/\/wirinsulaner.de\/index.php?rest_route=\/wp\/v2\/users\/2"}],"replies":[{"embeddable":true,"href":"https:\/\/wirinsulaner.de\/index.php?rest_route=%2Fwp%2Fv2%2Fcomments&post=5981"}],"version-history":[{"count":2,"href":"https:\/\/wirinsulaner.de\/index.php?rest_route=\/wp\/v2\/posts\/5981\/revisions"}],"predecessor-version":[{"id":5983,"href":"https:\/\/wirinsulaner.de\/index.php?rest_route=\/wp\/v2\/posts\/5981\/revisions\/5983"}],"wp:featuredmedia":[{"embeddable":true,"href":"https:\/\/wirinsulaner.de\/index.php?rest_route=\/wp\/v2\/media\/5968"}],"wp:attachment":[{"href":"https:\/\/wirinsulaner.de\/index.php?rest_route=%2Fwp%2Fv2%2Fmedia&parent=5981"}],"wp:term":[{"taxonomy":"category","embeddable":true,"href":"https:\/\/wirinsulaner.de\/index.php?rest_route=%2Fwp%2Fv2%2Fcategories&post=5981"},{"taxonomy":"post_tag","embeddable":true,"href":"https:\/\/wirinsulaner.de\/index.php?rest_route=%2Fwp%2Fv2%2Ftags&post=5981"}],"curies":[{"name":"wp","href":"https:\/\/api.w.org\/{rel}","templated":true}]}}