{"id":6048,"date":"2025-11-25T08:59:13","date_gmt":"2025-11-25T07:59:13","guid":{"rendered":"https:\/\/wirinsulaner.de\/?p=6048"},"modified":"2025-11-21T09:01:32","modified_gmt":"2025-11-21T08:01:32","slug":"neuer-trikotsatz-fuer-die-a-jugend-des-fsv","status":"publish","type":"post","link":"https:\/\/wirinsulaner.de\/?p=6048","title":{"rendered":"Neuer Trikotsatz f\u00fcr die A-Jugend des FSV"},"content":{"rendered":"<p>[et_pb_section fb_built=&#8220;1&#8243; theme_builder_area=&#8220;post_content&#8220; _builder_version=&#8220;4.27.4&#8243; _module_preset=&#8220;default&#8220;][et_pb_row _builder_version=&#8220;4.27.4&#8243; _module_preset=&#8220;default&#8220; theme_builder_area=&#8220;post_content&#8220;][et_pb_column _builder_version=&#8220;4.27.4&#8243; _module_preset=&#8220;default&#8220; type=&#8220;4_4&#8243; theme_builder_area=&#8220;post_content&#8220;][et_pb_text _builder_version=&#8220;4.27.4&#8243; _module_preset=&#8220;default&#8220; theme_builder_area=&#8220;post_content&#8220; hover_enabled=&#8220;0&#8243; sticky_enabled=&#8220;0&#8243;]<\/p>\n<p><em>Die Mannschaft mit Trainer Marvin Niederau (li.) sowie Trainer Torben Nickelsen und Johanna Niederau vom \u00bbItzehoer Serviceteam\u00ab (re.).<\/em><\/p>\n<p>Das Itzehoer Serviceteam F\u00f6hr, unter der engagierten Leitung von Johanna Niederau und Hellen Nielsen, zeigt erneut Herz f\u00fcr den Inselsport: Mit gro\u00dfer Freude haben sie der A-Jugend des FSV Wyk einen kompletten neuen Trikotsatz gespendet. Trainiert wird die Mannschaft von Torben Nickelsen, Marvin Niederau und Jan Niklas Jacobs, die sich gemeinsam mit dem Team \u00fcber die gro\u00dfz\u00fcgige Unterst\u00fctzung freuen.<\/p>\n<p>[\/et_pb_text][\/et_pb_column][\/et_pb_row][\/et_pb_section]<\/p>\n","protected":false},"excerpt":{"rendered":"<p>Das Itzehoer Serviceteam F\u00f6hr, unter der engagierten Leitung von Johanna Niederau und Hellen Nielsen, zeigt erneut Herz f\u00fcr den Inselsport: Mit gro\u00dfer Freude haben sie der A-Jugend des FSV Wyk einen kompletten neuen Trikotsatz gespendet. Trainiert wird die Mannschaft von Torben<br \/>\nNickelsen, Marvin Niederau und Jan Niklas Jacobs, die sich gemeinsam mit dem Team \u00fcber die gro\u00dfz\u00fcgige Unterst\u00fctzung freuen.<\/p>\n","protected":false},"author":4,"featured_media":6031,"comment_status":"closed","ping_status":"open","sticky":false,"template":"","format":"standard","meta":{"_et_pb_use_builder":"on","_et_pb_old_content":"","_et_gb_content_width":"","footnotes":""},"categories":[16],"tags":[],"class_list":["post-6048","post","type-post","status-publish","format-standard","has-post-thumbnail","hentry","category-nachrichten"],"_links":{"self":[{"href":"https:\/\/wirinsulaner.de\/index.php?rest_route=\/wp\/v2\/posts\/6048","targetHints":{"allow":["GET"]}}],"collection":[{"href":"https:\/\/wirinsulaner.de\/index.php?rest_route=\/wp\/v2\/posts"}],"about":[{"href":"https:\/\/wirinsulaner.de\/index.php?rest_route=\/wp\/v2\/types\/post"}],"author":[{"embeddable":true,"href":"https:\/\/wirinsulaner.de\/index.php?rest_route=\/wp\/v2\/users\/4"}],"replies":[{"embeddable":true,"href":"https:\/\/wirinsulaner.de\/index.php?rest_route=%2Fwp%2Fv2%2Fcomments&post=6048"}],"version-history":[{"count":2,"href":"https:\/\/wirinsulaner.de\/index.php?rest_route=\/wp\/v2\/posts\/6048\/revisions"}],"predecessor-version":[{"id":6050,"href":"https:\/\/wirinsulaner.de\/index.php?rest_route=\/wp\/v2\/posts\/6048\/revisions\/6050"}],"wp:featuredmedia":[{"embeddable":true,"href":"https:\/\/wirinsulaner.de\/index.php?rest_route=\/wp\/v2\/media\/6031"}],"wp:attachment":[{"href":"https:\/\/wirinsulaner.de\/index.php?rest_route=%2Fwp%2Fv2%2Fmedia&parent=6048"}],"wp:term":[{"taxonomy":"category","embeddable":true,"href":"https:\/\/wirinsulaner.de\/index.php?rest_route=%2Fwp%2Fv2%2Fcategories&post=6048"},{"taxonomy":"post_tag","embeddable":true,"href":"https:\/\/wirinsulaner.de\/index.php?rest_route=%2Fwp%2Fv2%2Ftags&post=6048"}],"curies":[{"name":"wp","href":"https:\/\/api.w.org\/{rel}","templated":true}]}}