{"id":6249,"date":"2026-02-10T12:00:00","date_gmt":"2026-02-10T11:00:00","guid":{"rendered":"https:\/\/wirinsulaner.de\/?p=6249"},"modified":"2026-02-09T10:46:23","modified_gmt":"2026-02-09T09:46:23","slug":"auf-foehr-lodern-dieses-jahr-zwoelf-feuer","status":"publish","type":"post","link":"https:\/\/wirinsulaner.de\/?p=6249","title":{"rendered":"Auf F\u00f6hr lodern dieses Jahr zw\u00f6lf Feuer"},"content":{"rendered":"\n[et_pb_section fb_built=&#8220;1&#8243; theme_builder_area=&#8220;post_content&#8220; _builder_version=&#8220;4.27.5&#8243; _module_preset=&#8220;default&#8220;][et_pb_row _builder_version=&#8220;4.27.5&#8243; _module_preset=&#8220;default&#8220; theme_builder_area=&#8220;post_content&#8220;][et_pb_column _builder_version=&#8220;4.27.5&#8243; _module_preset=&#8220;default&#8220; type=&#8220;4_4&#8243; theme_builder_area=&#8220;post_content&#8220;][et_pb_text _builder_version=&#8220;4.27.5&#8243; _module_preset=&#8220;default&#8220; theme_builder_area=&#8220;post_content&#8220; hover_enabled=&#8220;0&#8243; sticky_enabled=&#8220;0&#8243;]<p><em>Das Biikebrennen bringt jedes Jahr G\u00e4ste und Einheimische zusammen.\u00a0 \u00a0 Foto: F\u00f6hr Tourismus GmbH\/Ina Bausenei<\/em><\/p>\n<p>Der Gr\u00fcnkohl dampft bereits in den T\u00f6pfen, der Manhattan steht parat. Am 21. Februar bewegen sich wieder Menschenstr\u00f6me zu den sonst insgesamt 13 Feuern auf F\u00f6hr \u2013 so viele wie auf keiner anderen Insel. Wegen Br\u00fcckenbauarbeiten f\u00e4llt das in Witsum dieses Jahr allerdings aus. <br \/>Es ist Biikebrennen, der \u00bbNationalfeiertag der Nordfriesen\u00ab, wie es hei\u00dft. Und immer mehr G\u00e4ste kommen Jahr f\u00fcr Jahr hinzu, um gemeinsam mit den Insulanern an diesem Tag den Winter auszutreiben. Bereits in den Tagen zuvor stimmt ein abwechslungsreiches Rahmenprogramm f\u00fcr die gesamte Familie auf das Biikebrennen ein.<br \/>Nach Einbruch der Dunkelheit treffen sich am 21. Februar G\u00e4ste und Einheimische ab etwa 18.30 Uhr an den zw\u00f6lf Biikefeuern auf der Insel. Ein besonderes Erlebnis nicht nur f\u00fcr Kinder ist der Fackelumzug zum Wyker Biikefeuer. Gemeinsam mit der Wyker Jugendfeuerwehr geht es um 17.45 Uhr vom Veranstaltungszentrum am Sandwall in Wyk zum Biikefeuer am Fehrstieg. Dort wird der Biikehaufen gegen 18.30 Uhr angez\u00fcndet. Fackeln sind am Veranstaltungszentrum erh\u00e4ltlich. Das gemeinsame Anz\u00fcnden der Fackeln erfolgt etwa auf halber Strecke.<br \/>Nach den Biikefeuern geht es zum traditionellen Gr\u00fcnkohlessen in eines der Restaurants auf der Insel. Das geh\u00f6rt einfach dazu. Aufgrund der hohen Nachfrage empfiehlt es sich, rechtzeitig einen Tisch zu reservieren.<\/p>\n<p>Vor dem Biikebrennen sorgt ein buntes Veranstaltungsprogramm f\u00fcr die richtige Einstimmung auf das traditionelle Winterfest. Am 19. Februar, von 11 bis 12 Uhr, sowie am 20. Februar, von 15 bis 16 Uhr, k\u00f6nnen Kinder bei der Bastelaktion mit \u00bbMaikeMoin\u00ab von der Tourismus GmbH beispielsweise kleine Biikefeuer basteln. Weitere Veranstaltungshighlights in der Biikewoche sind der \u00bbFriesische Abend\u00ab am 18. Februar, um 19.30 Uhr, im Reha-Zentrum in Utersum (Uaster J\u00fcgem 1), das Live-H\u00f6rspiel \u00bbF\u00f6hr nach New York \u2013 eine Auswanderergeschichte\u00ab von \u00bbHonig&amp;Gold\u00ab am 19. Februar, um 20 Uhr, im Kurgartensaal in Wyk auf F\u00f6hr sowie das \u00bbOrgelkonzert bei Kerzenschein\u00ab am 20. Februar, um 16 Uhr, in der St. Johannis-Kirche in Nieblum. Passend zum traditionsreichen Biikebrennen kehrt am 20. Februar, um 20 Uhr, zudem der \u00bbHeimatabend \u2013 Musik und Tanz von F\u00f6hr\u00ab in den Wyker Kurgartensaal zur\u00fcck. Der Eintritt hierf\u00fcr ist frei.<br \/>Das Biikebrennen hat auf den nordfriesischen Inseln und der K\u00fcste eine lange Tradition und findet immer am 21. Februar, dem Vorabend des Petritags, statt. Das friesische Wort \u00bbBiike\u00ab leitet sich von \u00bbBake\u00ab ab und bedeutet auf Hochdeutsch \u00bbFeuermal\u00ab. Der \u00dcberlieferung nach wurden die Biikefeuer ab dem 17. Jahrhundert zu Ehren der ausfahrenden Seefahrer und Walf\u00e4nger entz\u00fcndet. Die Lichter sollten den M\u00e4nnern, die f\u00fcr mehrere Monate fernab der Insel ihren Lebensunterhalt verdienen mussten, Gl\u00fcck und Mut bringen und ihnen den Weg in die weite Welt weisen.<\/p>\n<p>In seiner heutigen Form entflammte das Feuer im 19. Jahrhundert und geht auf die alten Fastnachtsfeuer zur\u00fcck, die den Winter vertreiben sollten. Symbol f\u00fcr den Winter ist seit dieser Zeit die Strohpuppe \u00bbPiader\u00ab, die symbolisch verbrannt wird. F\u00fcr den Zusammenhalt der Gemeinschaft im hohen Norden hatten Br\u00e4uche wie das Biikebrennen immer auch einen sozialen Charakter, der sich bis heute erhalten hat. Seit 2014 steht das Biikebrennen auf der Liste des immateriellen Kulturerbes der Deutschen UNESCO-Kommission.<\/p>[\/et_pb_text][\/et_pb_column][\/et_pb_row][\/et_pb_section]\n","protected":false},"excerpt":{"rendered":"<p>Der Gr\u00fcnkohl dampft bereits in den T\u00f6pfen, der Manhattan steht parat. Am 21. Februar bewegen sich wieder Menschenstr\u00f6me zu den sonst insgesamt 13 Feuern auf F\u00f6hr \u2013 so viele wie auf keiner anderen Insel. Wegen Br\u00fcckenbauarbeiten f\u00e4llt das in Witsum dieses Jahr allerdings aus. <\/p>\n","protected":false},"author":4,"featured_media":6238,"comment_status":"closed","ping_status":"open","sticky":false,"template":"","format":"standard","meta":{"_et_pb_use_builder":"on","_et_pb_old_content":"","_et_gb_content_width":"","footnotes":""},"categories":[16],"tags":[],"class_list":["post-6249","post","type-post","status-publish","format-standard","has-post-thumbnail","hentry","category-nachrichten"],"_links":{"self":[{"href":"https:\/\/wirinsulaner.de\/index.php?rest_route=\/wp\/v2\/posts\/6249","targetHints":{"allow":["GET"]}}],"collection":[{"href":"https:\/\/wirinsulaner.de\/index.php?rest_route=\/wp\/v2\/posts"}],"about":[{"href":"https:\/\/wirinsulaner.de\/index.php?rest_route=\/wp\/v2\/types\/post"}],"author":[{"embeddable":true,"href":"https:\/\/wirinsulaner.de\/index.php?rest_route=\/wp\/v2\/users\/4"}],"replies":[{"embeddable":true,"href":"https:\/\/wirinsulaner.de\/index.php?rest_route=%2Fwp%2Fv2%2Fcomments&post=6249"}],"version-history":[{"count":3,"href":"https:\/\/wirinsulaner.de\/index.php?rest_route=\/wp\/v2\/posts\/6249\/revisions"}],"predecessor-version":[{"id":6255,"href":"https:\/\/wirinsulaner.de\/index.php?rest_route=\/wp\/v2\/posts\/6249\/revisions\/6255"}],"wp:featuredmedia":[{"embeddable":true,"href":"https:\/\/wirinsulaner.de\/index.php?rest_route=\/wp\/v2\/media\/6238"}],"wp:attachment":[{"href":"https:\/\/wirinsulaner.de\/index.php?rest_route=%2Fwp%2Fv2%2Fmedia&parent=6249"}],"wp:term":[{"taxonomy":"category","embeddable":true,"href":"https:\/\/wirinsulaner.de\/index.php?rest_route=%2Fwp%2Fv2%2Fcategories&post=6249"},{"taxonomy":"post_tag","embeddable":true,"href":"https:\/\/wirinsulaner.de\/index.php?rest_route=%2Fwp%2Fv2%2Ftags&post=6249"}],"curies":[{"name":"wp","href":"https:\/\/api.w.org\/{rel}","templated":true}]}}