{"id":6312,"date":"2026-02-24T12:02:00","date_gmt":"2026-02-24T11:02:00","guid":{"rendered":"https:\/\/wirinsulaner.de\/?p=6312"},"modified":"2026-02-20T10:58:28","modified_gmt":"2026-02-20T09:58:28","slug":"jeder-wochentag-ein-besonderes-angebot","status":"publish","type":"post","link":"https:\/\/wirinsulaner.de\/?p=6312","title":{"rendered":"Jeder Wochentag ein besonderes Angebot"},"content":{"rendered":"<p>[et_pb_section fb_built=&#8220;1&#8243; theme_builder_area=&#8220;post_content&#8220; _builder_version=&#8220;4.27.5&#8243; _module_preset=&#8220;default&#8220;][et_pb_row _builder_version=&#8220;4.27.5&#8243; _module_preset=&#8220;default&#8220; theme_builder_area=&#8220;post_content&#8220;][et_pb_column _builder_version=&#8220;4.27.5&#8243; _module_preset=&#8220;default&#8220; type=&#8220;4_4&#8243; theme_builder_area=&#8220;post_content&#8220;][et_pb_text _builder_version=&#8220;4.27.5&#8243; _module_preset=&#8220;default&#8220; theme_builder_area=&#8220;post_content&#8220; hover_enabled=&#8220;0&#8243; sticky_enabled=&#8220;0&#8243;]<\/p>\n<p><em>Das Wyker Jugendzentrum\u00a0 \u00a0 Foto: Andreas Hansen<\/em><\/p>\n<p>Alles, was das junge Herz begehrt. Das Angebot des Wyker Jugendzentrums kann sich wirklich sehen lassen, wie es in der Pressemitteilung hei\u00dft. \u00bbTats\u00e4chlich sind andere Jugendzentren oft neidisch, wenn sie zu Besuch kommen\u00ab, sagt Petra Christiansen, Leiterin der st\u00e4dtischen Einrichtung stolz. Schon beim Betreten f\u00e4llt einem ein sch\u00f6ner Billardtisch, ein Tischfu\u00dfball und kuschlige Sitzecken ins Auge. An den W\u00e4nden sind in Regalen unz\u00e4hlige B\u00fccher, Comics, CDs, DVDs und Gesellschaftsspiele \u00fcbersichtlich einsortiert. Rechts daneben eine neue K\u00fcche, die die Kinder und Jugendlichen mitgeplant haben. Sie wird oft als Pausenraum und zur Mittagsbetreuung (t\u00e4glich zwischen 11.30 und 15 Uhr) genutzt. Die Kinder k\u00f6nnen sich hier selbst etwas zubereiten.<br \/>Nachmittags steht das Jugendzentrum allen Kindern von 14 Uhr bis 18 Uhr offen. Sch\u00fc\u00adlerinnen und Sch\u00fcler von der 3. Klasse bis zur 10. Klasse kommen regelm\u00e4\u00dfig vorbei. Auch in den Ferien. Dabei k\u00f6nnte das Angebot kaum vielf\u00e4ltiger sein. W\u00e4hrend Erzieher Sven Schunke die Kinder in der Werkstatt in Holzarbeit oder Graffiti-Kunst einweist, k\u00f6nnen sie nebenan im Tischtennisraum unter sich sein. Im Keller befinden sich zwei \u00bblegend\u00e4re\u00ab Prober\u00e4ume mit Musikinstrumenten. Alles Leihgaben der Kirche in S\u00fcderende.<br \/>Im ersten Obergeschoss befindet sich ein Aufenthaltsraum mit neuer Sitzgarnitur. Wo fr\u00fcher noch eine Theatergruppe \u00fcbte, besteht heute mit Leinwand und Beamer die M\u00f6glichkeit f\u00fcr Kinoauff\u00fchrungen. Nebenan liegt eine zweite K\u00fcche zum gemeinsamen Kochen (und Abwaschen). Im Obergeschoss dar\u00fcber gibt es noch einen Raum zum Ausprobieren von Musikinstrumenten. Hier stehen sowohl Kinderschlagzeug, Percussion, Gitarre als auch eine Gesangsanlage zum \u00dcben bereit.<br \/>Seit 2017 gibt es einen Kooperationsvertrag zwischen dem Jugendzentrum und allen F\u00f6hrer Schulen, der Stadt Wyk und dem Amt F\u00f6hr-Amrum. Seither ist das Wyker JUZ zu einer wichtigen Schnittstelle f\u00fcr die Schulen geworden. \u00bbKinder finden hier eine andere Form der Anerkennung\u00ab, sagt Ingo Langhans, Schuldirektor der Eilun Feer Skuul. \u00bbDoch auch schon in den Jahren davor haben wir gute Erfolge mit der Integration sogenannter Problemf\u00e4lle erzielt\u00ab, so Leiterin Petra Christiansen. \u00bbEltern von Fl\u00fcchtlingskindern informieren sich oft vorab pers\u00f6nlich, ob zum Beispiel die M\u00e4dchen hier sicher sind und beruhigt hergeschickt werden k\u00f6nnen,\u00ab f\u00fcgt Sven Schunke hinzu.<\/p>\n<p>Das wiederkehrende Wochenprogramm des Wyker Jugendzentrums (14 bis 18 Uhr) sieht wie folgt aus: Montags Nintendo-Switch-Spiele, dienstags Werkstatt (nur Offene Ganztagsschule), mittwochs Werkstatt (\u00f6ffentlich), donnerstags Kochen und Backen sowie freitags Dungeons- und Dragons- sowie Pen- und Paper-Rollenspiele f\u00fcr Sch\u00fcler und Filmnachmittag.<\/p>\n<p>[\/et_pb_text][\/et_pb_column][\/et_pb_row][\/et_pb_section]<\/p>\n","protected":false},"excerpt":{"rendered":"<p>Alles, was das junge Herz begehrt. Das Angebot des Wyker Jugendzentrums kann sich wirklich sehen lassen, wie es in der Pressemitteilung hei\u00dft. \u00bbTats\u00e4chlich sind andere Jugendzentren oft neidisch, wenn sie zu Besuch kommen\u00ab, sagt Petra Christiansen, Leiterin der st\u00e4dtischen Einrichtung stolz. Schon beim Betreten f\u00e4llt einem ein sch\u00f6ner Billardtisch, ein Tischfu\u00dfball und kuschlige Sitzecken ins Auge. An den W\u00e4nden sind in Regalen unz\u00e4hlige B\u00fccher, Comics, CDs, DVDs und Gesellschaftsspiele \u00fcbersichtlich einsortiert. Rechts daneben eine neue K\u00fcche, die die Kinder und Jugendlichen mitgeplant haben. Sie wird oft als Pausenraum und zur Mittagsbetreuung (t\u00e4glich zwischen 11.30 und 15 Uhr) genutzt. Die Kinder k\u00f6nnen sich<\/p>\n","protected":false},"author":4,"featured_media":6288,"comment_status":"closed","ping_status":"open","sticky":false,"template":"","format":"standard","meta":{"_et_pb_use_builder":"on","_et_pb_old_content":"","_et_gb_content_width":"","footnotes":""},"categories":[16,5],"tags":[],"class_list":["post-6312","post","type-post","status-publish","format-standard","has-post-thumbnail","hentry","category-nachrichten","category-wyk"],"_links":{"self":[{"href":"https:\/\/wirinsulaner.de\/index.php?rest_route=\/wp\/v2\/posts\/6312","targetHints":{"allow":["GET"]}}],"collection":[{"href":"https:\/\/wirinsulaner.de\/index.php?rest_route=\/wp\/v2\/posts"}],"about":[{"href":"https:\/\/wirinsulaner.de\/index.php?rest_route=\/wp\/v2\/types\/post"}],"author":[{"embeddable":true,"href":"https:\/\/wirinsulaner.de\/index.php?rest_route=\/wp\/v2\/users\/4"}],"replies":[{"embeddable":true,"href":"https:\/\/wirinsulaner.de\/index.php?rest_route=%2Fwp%2Fv2%2Fcomments&post=6312"}],"version-history":[{"count":2,"href":"https:\/\/wirinsulaner.de\/index.php?rest_route=\/wp\/v2\/posts\/6312\/revisions"}],"predecessor-version":[{"id":6315,"href":"https:\/\/wirinsulaner.de\/index.php?rest_route=\/wp\/v2\/posts\/6312\/revisions\/6315"}],"wp:featuredmedia":[{"embeddable":true,"href":"https:\/\/wirinsulaner.de\/index.php?rest_route=\/wp\/v2\/media\/6288"}],"wp:attachment":[{"href":"https:\/\/wirinsulaner.de\/index.php?rest_route=%2Fwp%2Fv2%2Fmedia&parent=6312"}],"wp:term":[{"taxonomy":"category","embeddable":true,"href":"https:\/\/wirinsulaner.de\/index.php?rest_route=%2Fwp%2Fv2%2Fcategories&post=6312"},{"taxonomy":"post_tag","embeddable":true,"href":"https:\/\/wirinsulaner.de\/index.php?rest_route=%2Fwp%2Fv2%2Ftags&post=6312"}],"curies":[{"name":"wp","href":"https:\/\/api.w.org\/{rel}","templated":true}]}}