{"id":6395,"date":"2026-03-10T12:06:00","date_gmt":"2026-03-10T11:06:00","guid":{"rendered":"https:\/\/wirinsulaner.de\/?p=6395"},"modified":"2026-03-06T10:42:55","modified_gmt":"2026-03-06T09:42:55","slug":"spannende-karrierewege-nach-der-zeit-in-der-schule","status":"publish","type":"post","link":"https:\/\/wirinsulaner.de\/?p=6395","title":{"rendered":"Spannende Karrierewege nach der Zeit in der Schule"},"content":{"rendered":"<p>[et_pb_section fb_built=&#8220;1&#8243; theme_builder_area=&#8220;post_content&#8220; _builder_version=&#8220;4.27.6&#8243; _module_preset=&#8220;default&#8220;][et_pb_row _builder_version=&#8220;4.27.6&#8243; _module_preset=&#8220;default&#8220; theme_builder_area=&#8220;post_content&#8220;][et_pb_column _builder_version=&#8220;4.27.6&#8243; _module_preset=&#8220;default&#8220; type=&#8220;4_4&#8243; theme_builder_area=&#8220;post_content&#8220;][et_pb_text _builder_version=&#8220;4.27.6&#8243; _module_preset=&#8220;default&#8220; theme_builder_area=&#8220;post_content&#8220; hover_enabled=&#8220;0&#8243; sticky_enabled=&#8220;0&#8243;]<\/p>\n<p><em>Am Stand vom Parit\u00e4tische Haus Sch\u00f6neberg konnte man ausprobieren, wie ein Schwerstbehinderter mit einem Lifter aus der Pflegewanne in den Rollstuhl gehoben wird.<\/em><\/p>\n<p>Gemeinsam organisiert von Beate Sachs und Erik Martensen von der F\u00f6hr-Amrumer Bank sowie den beiden Lehrkr\u00e4ften Dorota Scherer und Daniel Brauer, fand in der Aula der Eilun Feer Skuul nunmehr zum neunten Mal der Tag des Berufs statt. Vom Handwerk bis hin zu den Bereichen Dienstleitung und Soziales wurden von 30 Betrieben, Firmen und Einrichtungen die jeweiligen Ausbildungsberufe vorgestellt. \u00bbWo sonst kann man vielen Sch\u00fclerinnen und Sch\u00fclern in Gespr\u00e4chen so nah kommen, um ihnen bei der Ausbildungs- und Studiensuche beratend zur Seite zu stehen\u00ab, so Beate Sachs, die sich \u00fcber den erneuten Erfolg dieses Angebots sehr freute. Dabei waren auch die Polizei, die Agentur f\u00fcr Arbeit und die Kreishandwerkerschaft.<br \/>Ungef\u00e4hr 120 Jugendliche der 8. bis 11. Klassen hatten die Gelegenheit zu entdecken, welche spannenden Karrierewege sie nach der Schule einschlagen k\u00f6nnten. Und das in zwei Gruppen, da der Unterricht auch an diesem Tag weiterlief. Jede Gruppe wurde von Schuldirektor Ingo Langhans begr\u00fc\u00dft und motiviert, das Informationsangebot anzunehmen. Und das taten die Sch\u00fclerinnen und Sch\u00fcler sowie einige Eltern auch. Die Resonanz auf die einzelnen Infost\u00e4nde war immer sehr gro\u00df. Auf gro\u00dfes Interesse stie\u00df ebenfalls der Rettungswagen, mit dem der Rettungsdienst drau\u00dfen vertreten war. <br \/>Die Vorstellung der Berufe erfolgte nicht nur auf theoretischer Basis. Konnte beim Tischler ein Nagel mit einem Hammer in einen Balken geschlagen und beim Maler einmal ein Pinsel mit Farbe geh\u00e4ndelt werden, zog das Care Table vom Johanniter-Haus Wyk auf F\u00f6hr die Sch\u00fclerinnen und Sch\u00fcler magisch an. Denn die Bewohnerinnen und Bewohner in dem Seniorenzentrum k\u00f6nnen \u00fcber diese Technik nicht nur Zeitung lesen und die Mediathek von ARD und ZDF aufrufen, sondern virtuell Klavier spielen, Malen und beispielsweise \u00bbMensch \u00e4rgere nicht\u00ab und Schach spielen. Sogar ein Quiz k\u00f6nne veranstaltet werden mit dem digitalen Aktivit\u00e4tstisch, der eine gro\u00dfe Hilfe in der t\u00e4glichen Arbeit bedeute, erkl\u00e4rte Besch\u00e4ftigungsassistentin Marie Hinrichsen.<br \/>Au\u00dfer vielleicht in der Lagerlogistik, werden beim Baustoffhandel C.G. Christiansen und f\u00fcr den \u00bbHagebaumarkt\u00ab zurzeit keine Auszubildenden gesucht. Am Tag des Berufs war Torben Jacobs, Standortleiter Fachhandel, trotzdem mit einem Team vertreten, um die Berufe in diesem Unternehmen vorzustellen. \u00bbNachwuchsarbeit sei immer wichtig, zumal in allen Bereichen die M\u00f6glichkeit eines Praktikums besteht\u00ab, berichtete er \u2013 ob in den kaufm\u00e4nnischen Berufen, als Lagerist oder Einzelhandelskaufmann und im Gro\u00dfhandelsmanagement. Praktika werden ebenfalls immer im Handwerk angeboten und auch vom Praktikumsverbund Gesundheit und Soziales, zu dem sich der AWO-Kindergarten, \u00bbAmbulantes Pflegeteam\u00ab, das Klinikum Nordfriesland und das Parit\u00e4tische Haus Sch\u00f6neberg zusammengeschlossen haben. Bei den \u00bbSch\u00f6nebergern\u00ab konnten die jungen Leute einmal ausprobieren, wie ein Schwerstbehinderter mittels eines Lifters aus einer Pflegewanne in einen Rollstuhl gehoben wird. Wer wollte, konnte sich danach am Stand des Klinikums Nordfriesland einen Arm eingipsen lassen.<\/p>\n<p>Komplettiert wurden die Informationsangebote durch verschiedene Vortr\u00e4ge \u2013 von der Agentur f\u00fcr Arbeit, der Landespolizei, dem Parit\u00e4tischen Haus Sch\u00f6neberg, dem Johanniter-Haus und \u00fcber Auslandsreisen im Rahmen von \u00bbWork and Travel\u00ab. Auf den n\u00e4chsten Tag des Berufs muss man nun bis 2027 warten, da er im Zweijahres-Rhythmus stattfindet.<\/p>\n<p>[\/et_pb_text][et_pb_gallery _builder_version=&#8220;4.27.6&#8243; _module_preset=&#8220;default&#8220; theme_builder_area=&#8220;post_content&#8220; gallery_ids=&#8220;6377,6374,6376,6375,6373,6372&#8243; posts_number=&#8220;6&#8243; show_title_and_caption=&#8220;off&#8220; show_pagination=&#8220;off&#8220; hover_enabled=&#8220;0&#8243; sticky_enabled=&#8220;0&#8243;][\/et_pb_gallery][\/et_pb_column][\/et_pb_row][\/et_pb_section]<\/p>\n","protected":false},"excerpt":{"rendered":"<p>Gemeinsam organisiert von Beate Sachs und Erik Martensen von der F\u00f6hr-Amrumer Bank sowie den beiden Lehrkr\u00e4ften Dorota Scherer und Daniel Brauer, fand in der Aula der Eilun Feer Skuul nunmehr zum neunten Mal der Tag des Berufs statt. Vom Handwerk bis hin zu den Bereichen Dienstleitung und Soziales wurden von 30 Betrieben, Firmen und Einrichtungen die jeweiligen Ausbildungsberufe vorgestellt. \u00bbWo sonst kann man vielen Sch\u00fclerinnen und Sch\u00fclern in Gespr\u00e4chen so nah kommen, um ihnen bei der Ausbildungs- und Studiensuche beratend zur Seite zu stehen\u00ab, so Beate Sachs, die sich \u00fcber den erneuten Erfolg dieses Angebots sehr freute. Dabei waren auch die Polizei, die Agentur f\u00fcr Arbeit und die Kreishandwerkerschaft.<\/p>\n","protected":false},"author":2,"featured_media":6371,"comment_status":"closed","ping_status":"open","sticky":false,"template":"","format":"standard","meta":{"_et_pb_use_builder":"on","_et_pb_old_content":"","_et_gb_content_width":"","footnotes":""},"categories":[16,5],"tags":[],"class_list":["post-6395","post","type-post","status-publish","format-standard","has-post-thumbnail","hentry","category-nachrichten","category-wyk"],"_links":{"self":[{"href":"https:\/\/wirinsulaner.de\/index.php?rest_route=\/wp\/v2\/posts\/6395","targetHints":{"allow":["GET"]}}],"collection":[{"href":"https:\/\/wirinsulaner.de\/index.php?rest_route=\/wp\/v2\/posts"}],"about":[{"href":"https:\/\/wirinsulaner.de\/index.php?rest_route=\/wp\/v2\/types\/post"}],"author":[{"embeddable":true,"href":"https:\/\/wirinsulaner.de\/index.php?rest_route=\/wp\/v2\/users\/2"}],"replies":[{"embeddable":true,"href":"https:\/\/wirinsulaner.de\/index.php?rest_route=%2Fwp%2Fv2%2Fcomments&post=6395"}],"version-history":[{"count":2,"href":"https:\/\/wirinsulaner.de\/index.php?rest_route=\/wp\/v2\/posts\/6395\/revisions"}],"predecessor-version":[{"id":6398,"href":"https:\/\/wirinsulaner.de\/index.php?rest_route=\/wp\/v2\/posts\/6395\/revisions\/6398"}],"wp:featuredmedia":[{"embeddable":true,"href":"https:\/\/wirinsulaner.de\/index.php?rest_route=\/wp\/v2\/media\/6371"}],"wp:attachment":[{"href":"https:\/\/wirinsulaner.de\/index.php?rest_route=%2Fwp%2Fv2%2Fmedia&parent=6395"}],"wp:term":[{"taxonomy":"category","embeddable":true,"href":"https:\/\/wirinsulaner.de\/index.php?rest_route=%2Fwp%2Fv2%2Fcategories&post=6395"},{"taxonomy":"post_tag","embeddable":true,"href":"https:\/\/wirinsulaner.de\/index.php?rest_route=%2Fwp%2Fv2%2Ftags&post=6395"}],"curies":[{"name":"wp","href":"https:\/\/api.w.org\/{rel}","templated":true}]}}