{"id":6399,"date":"2026-03-10T12:08:00","date_gmt":"2026-03-10T11:08:00","guid":{"rendered":"https:\/\/wirinsulaner.de\/?p=6399"},"modified":"2026-03-06T10:46:22","modified_gmt":"2026-03-06T09:46:22","slug":"baubeginn-fuer-den-dritten-kreisverkehr","status":"publish","type":"post","link":"https:\/\/wirinsulaner.de\/?p=6399","title":{"rendered":"Baubeginn f\u00fcr den dritten Kreisverkehr"},"content":{"rendered":"<p>[et_pb_section fb_built=&#8220;1&#8243; theme_builder_area=&#8220;post_content&#8220; _builder_version=&#8220;4.27.6&#8243; _module_preset=&#8220;default&#8220;][et_pb_row _builder_version=&#8220;4.27.6&#8243; _module_preset=&#8220;default&#8220; theme_builder_area=&#8220;post_content&#8220;][et_pb_column _builder_version=&#8220;4.27.6&#8243; _module_preset=&#8220;default&#8220; type=&#8220;4_4&#8243; theme_builder_area=&#8220;post_content&#8220;][et_pb_text _builder_version=&#8220;4.27.6&#8243; _module_preset=&#8220;default&#8220; theme_builder_area=&#8220;post_content&#8220; hover_enabled=&#8220;0&#8243; sticky_enabled=&#8220;0&#8243;]<\/p>\n<p><em>An der L214, Bereich Heymannsweg und Koogskuhl, soll bis Ende Juni 2026 ein neuer, dritter Kreisverkehr gebaut werden.\u00a0 \u00a0Foto: Andreas Hansen AmtFA<\/em><\/p>\n<p>Am 2. M\u00e4rz war Baubeginn f\u00fcr den dritten Kreisverkehrs in Wyk an der Heymannskreuzung. Die Ma\u00dfnahme soll bis Ende Juni 2026 abgeschlossen sein, sofern die Witterung keine Einschr\u00e4nkungen zul\u00e4sst.<\/p>\n<p>Seit Baubeginn sind somit folgende Umleitungen zu beachten:<\/p>\n<ul>\n<li>In Fahrtrichtung Hafen wird der Verkehr \u00fcber den Kreisel an der Containertankstelle durch das Gewerbegebiet bis zur Heymannskreuzung geleitet, wo ein Behelfsweg als vollwertige Fahrstrecke an der Baustelle vorbei in Richtung Hafen f\u00fchrt.<\/li>\n<li>Vom Hafen kommend wird der Verkehr \u00fcber die Stra\u00dfe Hafendeich umgeleitet.<\/li>\n<li>F\u00fcr Fu\u00dfg\u00e4nger wird der Weg auf dem Deich am Amtsgeb\u00e4ude gesperrt. Es wird gebeten, vom Hafen kommend in Richtung Stadt entweder die Hafenstra\u00dfe oder die Gro\u00dfe Stra\u00dfe zu benutzen. Am Heymannsweg, der als Parkplatz f\u00fcr Fahrzeuge von der Boldixumer Stra\u00dfe kommend weiterhin zug\u00e4ngig ist, wird ein Geh- und Radweg \u00fcber den Parkplatz bis zum \u00dcbergang an der Nationalparkhalle eingerichtet. Die dort befindlichen Lades\u00e4ulen werden nicht zur Verf\u00fcgung stehen.<\/li>\n<li>F\u00fcr einen besseren Verkehrsfluss in der Hafenstra\u00dfe wird ein dort befindlicher Behinderten-Parkplatz stillgelegt. Als Ersatz werden zwei entsprechende Parkm\u00f6glichkeiten gegen\u00fcber auf dem Sauermannparkplatz ausgewiesen.<\/li>\n<\/ul>\n<p>[\/et_pb_text][\/et_pb_column][\/et_pb_row][\/et_pb_section]<\/p>\n","protected":false},"excerpt":{"rendered":"<p>Am 2. M\u00e4rz war Baubeginn f\u00fcr den dritten Kreisverkehrs in Wyk an der Heymannskreuzung. Die Ma\u00dfnahme soll bis Ende Juni 2026 abgeschlossen sein, sofern die Witterung keine Einschr\u00e4nkungen zul\u00e4sst.<br \/>\nSeit Baubeginn sind somit folgende Umleitungen zu beachten:<\/p>\n","protected":false},"author":4,"featured_media":6368,"comment_status":"closed","ping_status":"open","sticky":false,"template":"","format":"standard","meta":{"_et_pb_use_builder":"on","_et_pb_old_content":"","_et_gb_content_width":"","footnotes":""},"categories":[16,5],"tags":[],"class_list":["post-6399","post","type-post","status-publish","format-standard","has-post-thumbnail","hentry","category-nachrichten","category-wyk"],"_links":{"self":[{"href":"https:\/\/wirinsulaner.de\/index.php?rest_route=\/wp\/v2\/posts\/6399","targetHints":{"allow":["GET"]}}],"collection":[{"href":"https:\/\/wirinsulaner.de\/index.php?rest_route=\/wp\/v2\/posts"}],"about":[{"href":"https:\/\/wirinsulaner.de\/index.php?rest_route=\/wp\/v2\/types\/post"}],"author":[{"embeddable":true,"href":"https:\/\/wirinsulaner.de\/index.php?rest_route=\/wp\/v2\/users\/4"}],"replies":[{"embeddable":true,"href":"https:\/\/wirinsulaner.de\/index.php?rest_route=%2Fwp%2Fv2%2Fcomments&post=6399"}],"version-history":[{"count":2,"href":"https:\/\/wirinsulaner.de\/index.php?rest_route=\/wp\/v2\/posts\/6399\/revisions"}],"predecessor-version":[{"id":6402,"href":"https:\/\/wirinsulaner.de\/index.php?rest_route=\/wp\/v2\/posts\/6399\/revisions\/6402"}],"wp:featuredmedia":[{"embeddable":true,"href":"https:\/\/wirinsulaner.de\/index.php?rest_route=\/wp\/v2\/media\/6368"}],"wp:attachment":[{"href":"https:\/\/wirinsulaner.de\/index.php?rest_route=%2Fwp%2Fv2%2Fmedia&parent=6399"}],"wp:term":[{"taxonomy":"category","embeddable":true,"href":"https:\/\/wirinsulaner.de\/index.php?rest_route=%2Fwp%2Fv2%2Fcategories&post=6399"},{"taxonomy":"post_tag","embeddable":true,"href":"https:\/\/wirinsulaner.de\/index.php?rest_route=%2Fwp%2Fv2%2Ftags&post=6399"}],"curies":[{"name":"wp","href":"https:\/\/api.w.org\/{rel}","templated":true}]}}