{"id":6404,"date":"2026-03-10T12:10:00","date_gmt":"2026-03-10T11:10:00","guid":{"rendered":"https:\/\/wirinsulaner.de\/?p=6404"},"modified":"2026-03-06T10:48:51","modified_gmt":"2026-03-06T09:48:51","slug":"dehoga-ortsverband-soll-neu-belebt-werden","status":"publish","type":"post","link":"https:\/\/wirinsulaner.de\/?p=6404","title":{"rendered":"DEHOGA-Ortsverband soll neu belebt werden"},"content":{"rendered":"<p>[et_pb_section fb_built=&#8220;1&#8243; theme_builder_area=&#8220;post_content&#8220; _builder_version=&#8220;4.27.6&#8243; _module_preset=&#8220;default&#8220;][et_pb_row _builder_version=&#8220;4.27.6&#8243; _module_preset=&#8220;default&#8220; theme_builder_area=&#8220;post_content&#8220;][et_pb_column _builder_version=&#8220;4.27.6&#8243; _module_preset=&#8220;default&#8220; type=&#8220;4_4&#8243; theme_builder_area=&#8220;post_content&#8220;][et_pb_text _builder_version=&#8220;4.27.6&#8243; _module_preset=&#8220;default&#8220; theme_builder_area=&#8220;post_content&#8220; hover_enabled=&#8220;0&#8243; sticky_enabled=&#8220;0&#8243;]<\/p>\n<p><em>Tim Hennig und Lars-Ole Buth (unten) sehen dringenden Handlungsbedarf, um die Verbandsarbeit des DEHOGA auf der Insel zu reaktivieren.<\/em><\/p>\n<p>Die Aktivit\u00e4ten im F\u00f6hrer Ortsverband des Deutschen Hotel- und Gastst\u00e4ttenverbands DEHOGA sind bereits vor Jahren komplett eingeschlafen. Wurden von den im Verband organisierten Gastronomen und Hoteliers fr\u00fcher sogar Events wie die Muschel-, Krabben- und Lammtage veranstaltet, gab es zuletzt mit Roluf Hennig als kommissarischem Vorsitzenden lediglich einen Ansprechpartner. Das wollen Tim Hennig vom Hotel Waastwinj und Restaurant Hennigs in Utersum sowie Lars-Ole Buth vom Partyservice Buth in Wyk nun \u00e4ndern. Am Mittwoch, 25. M\u00e4rz, 15 Uhr, laden sie nicht nur Verbandsmitglieder, sondern alle F\u00f6hrer Gastronomen und Hoteliers zu einer Informationsveranstaltung im Restaurant Hennigs ein \u2013 um die Verbandsarbeit auf F\u00f6hr neu zu beleben und \u00fcber die Vorteile einer Mitgliedschaft zu sprechen. Unterst\u00fctzt werden sie dabei von Axel Strehl, Pr\u00e4sident des DEHOGA-Landesverbands Schleswig-Holstein, und der Vorsitzenden des F\u00f6hr-Amrumer Bezirksverbands, Angelika Hesse von Amrum.<br \/>Als Tim Hennig den Betrieb letztes Jahr von seinem Vater \u00fcbernahm, ist er sofort in den DEHOGA-Ortsverband F\u00f6hr eingetreten und hat auf dem Festland mehrere Veranstaltungen besucht. Dabei stellte er fest, wie immens wichtig die Verbandsarbeit f\u00fcr den Zusammenhalt in der Gastronomie und Hotellerie ist, um sich beispielsweise gegen\u00fcber dem Gesetzgeber geschlossen darstellen und mit einer starken Stimme auftreten zu k\u00f6nnen. Die letztendlich durchgesetzte, reduzierte Mehrwertsteuer auf Speisen sei nur ein Beispiel daf\u00fcr, sagt er. Vorteile einer Verbandsmitgliedschaft seien au\u00dferdem Preisverg\u00fcnstigungen bei vielen DEHOGA-Partnern und der Rechtsschutz, der einem bei gerichtlichen Auseinandersetzungen geboten werde. <br \/>Nachdem sich Tim Hennig dar\u00fcber informiert hatte, um was es bei der Verbandsarbeit im DEHOGA im Detail geht, war f\u00fcr ihn v\u00f6llig klar: \u00bbHier auf der Insel muss etwas passieren\u00ab. Dieser Meinung war auch Lars-Ole Buth, weshalb die beiden den F\u00f6hrer Ortsverband wieder auf die Beine stellen m\u00f6chten. Die Informationsveranstaltung sei nur der erste Schritt, was folgen m\u00fcsse, sei eine ordentliche Jahreshauptversammlung mit Vorstandswahlen.<\/p>\n<p>[\/et_pb_text][et_pb_image src=&#8220;https:\/\/wirinsulaner.de\/wp-content\/uploads\/2026\/03\/Buth-1-.jpg&#8220; _builder_version=&#8220;4.27.6&#8243; _module_preset=&#8220;default&#8220; theme_builder_area=&#8220;post_content&#8220; title_text=&#8220;Buth 1&#8243; hover_enabled=&#8220;0&#8243; sticky_enabled=&#8220;0&#8243;][\/et_pb_image][\/et_pb_column][\/et_pb_row][\/et_pb_section]<\/p>\n","protected":false},"excerpt":{"rendered":"<p>Die Aktivit\u00e4ten im F\u00f6hrer Ortsverband des Deutschen Hotel- und Gastst\u00e4ttenverbands DEHOGA sind bereits vor Jahren komplett eingeschlafen. Wurden von den im Verband organisierten Gastronomen und Hoteliers fr\u00fcher sogar Events wie die Muschel-, Krabben- und Lammtage veranstaltet, gab es zuletzt mit Roluf Hennig als kommissarischem Vorsitzenden lediglich einen Ansprechpartner. Das wollen Tim Hennig vom Hotel Waastwinj und Restaurant Hennigs in Utersum sowie Lars-Ole Buth vom Partyservice Buth in Wyk nun \u00e4ndern.<\/p>\n","protected":false},"author":2,"featured_media":6378,"comment_status":"closed","ping_status":"open","sticky":false,"template":"","format":"standard","meta":{"_et_pb_use_builder":"on","_et_pb_old_content":"","_et_gb_content_width":"","footnotes":""},"categories":[16],"tags":[],"class_list":["post-6404","post","type-post","status-publish","format-standard","has-post-thumbnail","hentry","category-nachrichten"],"_links":{"self":[{"href":"https:\/\/wirinsulaner.de\/index.php?rest_route=\/wp\/v2\/posts\/6404","targetHints":{"allow":["GET"]}}],"collection":[{"href":"https:\/\/wirinsulaner.de\/index.php?rest_route=\/wp\/v2\/posts"}],"about":[{"href":"https:\/\/wirinsulaner.de\/index.php?rest_route=\/wp\/v2\/types\/post"}],"author":[{"embeddable":true,"href":"https:\/\/wirinsulaner.de\/index.php?rest_route=\/wp\/v2\/users\/2"}],"replies":[{"embeddable":true,"href":"https:\/\/wirinsulaner.de\/index.php?rest_route=%2Fwp%2Fv2%2Fcomments&post=6404"}],"version-history":[{"count":2,"href":"https:\/\/wirinsulaner.de\/index.php?rest_route=\/wp\/v2\/posts\/6404\/revisions"}],"predecessor-version":[{"id":6407,"href":"https:\/\/wirinsulaner.de\/index.php?rest_route=\/wp\/v2\/posts\/6404\/revisions\/6407"}],"wp:featuredmedia":[{"embeddable":true,"href":"https:\/\/wirinsulaner.de\/index.php?rest_route=\/wp\/v2\/media\/6378"}],"wp:attachment":[{"href":"https:\/\/wirinsulaner.de\/index.php?rest_route=%2Fwp%2Fv2%2Fmedia&parent=6404"}],"wp:term":[{"taxonomy":"category","embeddable":true,"href":"https:\/\/wirinsulaner.de\/index.php?rest_route=%2Fwp%2Fv2%2Fcategories&post=6404"},{"taxonomy":"post_tag","embeddable":true,"href":"https:\/\/wirinsulaner.de\/index.php?rest_route=%2Fwp%2Fv2%2Ftags&post=6404"}],"curies":[{"name":"wp","href":"https:\/\/api.w.org\/{rel}","templated":true}]}}