{"id":6409,"date":"2026-03-10T12:12:00","date_gmt":"2026-03-10T11:12:00","guid":{"rendered":"https:\/\/wirinsulaner.de\/?p=6409"},"modified":"2026-03-06T10:55:50","modified_gmt":"2026-03-06T09:55:50","slug":"zwei-neue-schiedsleute-fuer-den-amtsbezirk","status":"publish","type":"post","link":"https:\/\/wirinsulaner.de\/?p=6409","title":{"rendered":"Zwei neue Schiedsleute f\u00fcr den Amtsbezirk"},"content":{"rendered":"<p>[et_pb_section fb_built=&#8220;1&#8243; theme_builder_area=&#8220;post_content&#8220; _builder_version=&#8220;4.27.6&#8243; _module_preset=&#8220;default&#8220;][et_pb_row _builder_version=&#8220;4.27.6&#8243; _module_preset=&#8220;default&#8220; theme_builder_area=&#8220;post_content&#8220;][et_pb_column _builder_version=&#8220;4.27.6&#8243; _module_preset=&#8220;default&#8220; type=&#8220;4_4&#8243; theme_builder_area=&#8220;post_content&#8220;][et_pb_text _builder_version=&#8220;4.27.6&#8243; _module_preset=&#8220;default&#8220; theme_builder_area=&#8220;post_content&#8220; hover_enabled=&#8220;0&#8243; sticky_enabled=&#8220;0&#8243;]<\/p>\n<p><em>Dr. Dagmar Olivier und Carl W\u00f6gens (unten)\u00a0 \u00a0Fotos: AmtFA Andreas Hansen<\/em><\/p>\n<p>Der Schiedsamtsbezirk F\u00f6hr konnte bereits vor einigen Wochen zwei neue Schiedsleute begr\u00fc\u00dfen. Nachdem der Amtsausschuss Carl W\u00f6gens zum Schiedsmann und Dr. Dagmar Olivier zur stellvertretenden Schiedsfrau f\u00fcr den Bezirk F\u00f6hr gew\u00e4hlt hatte, wurde die Wahl durch den Direktor des Amtsgerichtes Nieb\u00fcll, der auch die Vereidigung der beiden neuen Schiedspersonen vorgenommen hat, inzwischen best\u00e4tigt. Das Ehrenamt ist somit f\u00fcr die Dauer von f\u00fcnf Jahren auf Carl W\u00f6gens und Dr. Dagmar Olivier \u00fcbergegangen.<br \/>Die Neuwahl war erforderlich geworden, nachdem die beiden bisherigen Schiedsleute Dieter Paape und Magnus Pedersen ihr Amt jeweils aus pers\u00f6nlichen Gr\u00fcnden niedergelegt hatten. Gemeinsam wollen die beiden neuen Ehren\u00e4mtler sich bem\u00fchen, Rechtsstreitigkeiten vor- und au\u00dfergerichtlich zu kl\u00e4ren. Dies betrifft sowohl zivil- als auch strafrechtliche Angelegenheiten. Das Schiedsverfahren hat f\u00fcr die streitenden Parteien eine zeit- und geldsparende Schlichtung zum Ziel und dient der Entlastung der Gerichte.<\/p>\n<p>Der Utersumer Carl W\u00f6gens ist vielen F\u00f6hrern als ehemaliger Schulleiter der Eilun Feer Skuul, die er 13 Jahre lang leitete, bekannt. Der Utersumer freut sich, wie er sagt, sich zuk\u00fcnftig f\u00fcr den \u00bbgesellschaftlichen Frieden n\u00fctzlich zu machen\u00ab. Dr. med. dent. Dagmar Olivier ist geb\u00fcrtige Berlinerin und seit Januar 2022 als Zahn\u00e4rztin in Wyk t\u00e4tig. Die in Nieblum lebende Mutter von zwei Kindern sieht das Schiedsamt als Chance, \u00bbfernab von Paragrafen zu Ergebnissen zu kommen, die vor Gericht vielleicht gar nicht m\u00f6glich w\u00e4ren und dabei auch noch Geld zu sparen.\u00ab<\/p>\n<p>Sprechstunden gibt es nach Vereinbarung. Der telefonische Kontakt besteht bei Carl W\u00f6gens unter Telefonnumer 0170-9297687 und bei Dr. Dagmar Olivier unter 0176-20356667.<\/p>\n<p>[\/et_pb_text][et_pb_image src=&#8220;https:\/\/wirinsulaner.de\/wp-content\/uploads\/2026\/03\/Schiedsmann-Carl-Woegens-Foto-Andreas-Hansen-Amt-Foehr-Amrum.jpg&#8220; _builder_version=&#8220;4.27.6&#8243; _module_preset=&#8220;default&#8220; theme_builder_area=&#8220;post_content&#8220; title_text=&#8220;Schiedsmann Carl W\u00f6gens Foto Andreas Hansen Amt F\u00f6hr Amrum&#8220; hover_enabled=&#8220;0&#8243; sticky_enabled=&#8220;0&#8243;][\/et_pb_image][\/et_pb_column][\/et_pb_row][\/et_pb_section]<\/p>\n","protected":false},"excerpt":{"rendered":"<p>Der Schiedsamtsbezirk F\u00f6hr konnte bereits vor einigen Wochen zwei neue Schiedsleute begr\u00fc\u00dfen. Nachdem der Amtsausschuss Carl W\u00f6gens zum Schiedsmann und Dr. Dagmar Olivier zur stellvertretenden Schiedsfrau f\u00fcr den Bezirk F\u00f6hr gew\u00e4hlt hatte, wurde die Wahl durch den Direktor des Amtsgerichtes Nieb\u00fcll, der auch die Vereidigung der beiden neuen Schiedspersonen vorgenommen hat, inzwischen best\u00e4tigt. Das Ehrenamt ist somit f\u00fcr die Dauer von f\u00fcnf Jahren auf Carl W\u00f6gens und Dr. Dagmar Olivier \u00fcbergegangen.<\/p>\n","protected":false},"author":4,"featured_media":6369,"comment_status":"closed","ping_status":"open","sticky":false,"template":"","format":"standard","meta":{"_et_pb_use_builder":"on","_et_pb_old_content":"","_et_gb_content_width":"","footnotes":""},"categories":[16],"tags":[],"class_list":["post-6409","post","type-post","status-publish","format-standard","has-post-thumbnail","hentry","category-nachrichten"],"_links":{"self":[{"href":"https:\/\/wirinsulaner.de\/index.php?rest_route=\/wp\/v2\/posts\/6409","targetHints":{"allow":["GET"]}}],"collection":[{"href":"https:\/\/wirinsulaner.de\/index.php?rest_route=\/wp\/v2\/posts"}],"about":[{"href":"https:\/\/wirinsulaner.de\/index.php?rest_route=\/wp\/v2\/types\/post"}],"author":[{"embeddable":true,"href":"https:\/\/wirinsulaner.de\/index.php?rest_route=\/wp\/v2\/users\/4"}],"replies":[{"embeddable":true,"href":"https:\/\/wirinsulaner.de\/index.php?rest_route=%2Fwp%2Fv2%2Fcomments&post=6409"}],"version-history":[{"count":2,"href":"https:\/\/wirinsulaner.de\/index.php?rest_route=\/wp\/v2\/posts\/6409\/revisions"}],"predecessor-version":[{"id":6412,"href":"https:\/\/wirinsulaner.de\/index.php?rest_route=\/wp\/v2\/posts\/6409\/revisions\/6412"}],"wp:featuredmedia":[{"embeddable":true,"href":"https:\/\/wirinsulaner.de\/index.php?rest_route=\/wp\/v2\/media\/6369"}],"wp:attachment":[{"href":"https:\/\/wirinsulaner.de\/index.php?rest_route=%2Fwp%2Fv2%2Fmedia&parent=6409"}],"wp:term":[{"taxonomy":"category","embeddable":true,"href":"https:\/\/wirinsulaner.de\/index.php?rest_route=%2Fwp%2Fv2%2Fcategories&post=6409"},{"taxonomy":"post_tag","embeddable":true,"href":"https:\/\/wirinsulaner.de\/index.php?rest_route=%2Fwp%2Fv2%2Ftags&post=6409"}],"curies":[{"name":"wp","href":"https:\/\/api.w.org\/{rel}","templated":true}]}}