{"id":6597,"date":"2026-04-28T13:40:29","date_gmt":"2026-04-28T11:40:29","guid":{"rendered":"https:\/\/wirinsulaner.de\/?p=6597"},"modified":"2026-04-23T13:43:44","modified_gmt":"2026-04-23T11:43:44","slug":"am-vatertag-rund-um-die-insel","status":"publish","type":"post","link":"https:\/\/wirinsulaner.de\/?p=6597","title":{"rendered":"Am Vatertag rund um die Insel"},"content":{"rendered":"<p>[et_pb_section fb_built=&#8220;1&#8243; theme_builder_area=&#8220;post_content&#8220; _builder_version=&#8220;4.27.6&#8243; _module_preset=&#8220;default&#8220;][et_pb_row _builder_version=&#8220;4.27.6&#8243; _module_preset=&#8220;default&#8220; theme_builder_area=&#8220;post_content&#8220;][et_pb_column _builder_version=&#8220;4.27.6&#8243; _module_preset=&#8220;default&#8220; type=&#8220;4_4&#8243; theme_builder_area=&#8220;post_content&#8220;][et_pb_text _builder_version=&#8220;4.27.6&#8243; _module_preset=&#8220;default&#8220; theme_builder_area=&#8220;post_content&#8220; hover_enabled=&#8220;0&#8243; sticky_enabled=&#8220;0&#8243;]<\/p>\n<p><em>Rund um F\u00f6hr sind es etwa 38 Kilometer.<\/em><\/p>\n<p>Es gibt eine ganze Reihe von Inseltraditionen, die bis heute bewahrt wurden und lebendig sind. Dazu geh\u00f6rt auch Rund-F\u00f6hr am Himmelfahrtstag: An diesem Tag gehen die Insulanerinnen und Insulaner \u2013 ausgestattet mit einer Thermoskanne Tee oder Kaffee sowie Broten \u2013 auf dem Deich und am Strand entlang rund um ihre Insel. Das sind immerhin 38 Kilometer. Dieser alten Tradition folgend, wurde Rund-F\u00f6hr vor drei Jahren von Christina Hertrich vom Hotel \u00bbUpstalsboom Wyk auf F\u00f6hr\u00ab sowie dem F\u00f6hrer Gesch\u00e4ftsmann Peter Boy Weber erstmals f\u00fcr einen guten Zweck organisiert. Und zwar zugunsten der Stiftung Deutsche Depressionshilfe, die unterst\u00fctzt wird von dem Moderator, Schauspieler, Entertainer, Kabarettisten und F\u00f6hr-Liebhaber Harald Schmidt. Auch an diesem Himmelfahrtstag geht es wieder los und wird ein St\u00fcck F\u00f6hrer Inselgeschichte erwandert.<br \/>Startpunkt ist um 7 Uhr an der \u00bbstattBar\u00ab von Peter Boy Weber, Westerstra\u00dfe 1a in der Wyker Innenstadt. Und das \u2013 unterst\u00fctzt von Sponsoren wie Edeka Knudtsen, dem Parit\u00e4tischen Haus Sch\u00f6neberg, B\u00e4cker Hansen, Getr\u00e4nke Tadsen, dem Museum Kunst der Westk\u00fcste und Thies Wieghorst (beSchriften) \u2013 ohne Anmeldung und Startgeb\u00fchr. Die Strecke f\u00fchrt am Hafen entlang in Richtung Utersum und am Strand wieder zur\u00fcck. Daf\u00fcr empfehlenswert sind Wasser, Proviant und ein geeignetes Schuhwerk, wobei es unterwegs auch einige Stationen mit Wegzehrung geben wird. Endstation ist das \u00bbUp\u00adstalsboom Wyk auf F\u00f6hr\u00ab, wo alle mit einem Kaltgetr\u00e4nk und einer Bratwurst empfangen werden. Und auch eine Urkunde erhalten. Letztes Jahr waren es \u00fcber 100 Teilnehmerinnen und Teilnehmer. Die Spendensumme betrug \u00fcber 1.500 Euro.<br \/>\u00bbEin bestimmtes Tempo muss nicht eingehalten werden. Jeder geht so, wie er kann\u00ab, so Christina Hertrich. Dabei sind auch Wattf\u00fchrer Matthias Hansen sowie Insulanerinnen und Insulaner, die das eine oder andere erkl\u00e4ren und kleine Geschichten erz\u00e4hlen. Mit der App des Museums Kunst der Westk\u00fcste k\u00f6nnen auf der Strecke die jeweiligen Kunstwerke digital entdeckt werden.<br \/>\u00bbZeit zusammen verbringen, einmal um die Insel wandern oder auch nur ein Teilst\u00fcck. Den Vatertag einfach mal anders begehen, mit F\u00f6hrern ins Gespr\u00e4ch kommen, die Natur der Insel intensiv erleben oder sich auf einem langen Spaziergang mit Ferieng\u00e4sten unterhalten \u2013 ganz egal ob als Familie, mit Freunden oder Kollegen\u00ab, sagt Christina Hertrich. Das sei der Sinn dieser gemeinsamen Entdeckungstour Rund-F\u00f6hr. Und nat\u00fcrlich die Spenden (Spendenkonto der Stiftung Deutsche Depressionshilfe: DE37 3702 0500 0003 4742 00, Verwendungszweck: rundf\u00f6hr).<\/p>\n<p>[\/et_pb_text][et_pb_image src=&#8220;https:\/\/wirinsulaner.de\/wp-content\/uploads\/2026\/04\/RundFoehr-25-18.jpg&#8220; _builder_version=&#8220;4.27.6&#8243; _module_preset=&#8220;default&#8220; theme_builder_area=&#8220;post_content&#8220; title_text=&#8220;RundF\u00f6hr 25 (18)&#8220; hover_enabled=&#8220;0&#8243; sticky_enabled=&#8220;0&#8243;][\/et_pb_image][et_pb_text _builder_version=&#8220;4.27.6&#8243; _module_preset=&#8220;default&#8220; theme_builder_area=&#8220;post_content&#8220; hover_enabled=&#8220;0&#8243; sticky_enabled=&#8220;0&#8243;]<\/p>\n<p><em>\u00dcber 100 Teilnehmer waren letztes Jahr dabei.<\/em><\/p>\n<p>[\/et_pb_text][\/et_pb_column][\/et_pb_row][\/et_pb_section]<\/p>\n","protected":false},"excerpt":{"rendered":"<p>Es gibt eine ganze Reihe von Inseltraditionen, die bis heute bewahrt wurden und lebendig sind. Dazu geh\u00f6rt auch Rund-F\u00f6hr am Himmelfahrtstag: An diesem Tag gehen die Insulanerinnen und Insulaner \u2013 ausgestattet mit einer Thermoskanne Tee oder Kaffee sowie Broten \u2013 auf dem Deich und am Strand entlang rund um ihre Insel. Das sind immerhin 38 Kilometer. Dieser alten Tradition folgend, wurde Rund-F\u00f6hr vor drei Jahren von Christina Hertrich vom Hotel \u00bbUpstalsboom Wyk auf F\u00f6hr\u00ab sowie dem F\u00f6hrer Gesch\u00e4ftsmann Peter Boy Weber erstmals f\u00fcr einen guten Zweck organisiert. Und zwar zugunsten der Stiftung Deutsche Depressionshilfe, die unterst\u00fctzt wird von dem Moderator, Schauspieler, Entertainer, Kabarettisten und F\u00f6hr-Liebhaber Harald Schmidt. Auch an diesem Himmelfahrtstag geht es wieder los und wird ein St\u00fcck F\u00f6hrer Inselgeschichte erwandert.<\/p>\n","protected":false},"author":4,"featured_media":6578,"comment_status":"closed","ping_status":"open","sticky":false,"template":"","format":"standard","meta":{"_et_pb_use_builder":"on","_et_pb_old_content":"","_et_gb_content_width":"","footnotes":""},"categories":[16],"tags":[],"class_list":["post-6597","post","type-post","status-publish","format-standard","has-post-thumbnail","hentry","category-nachrichten"],"_links":{"self":[{"href":"https:\/\/wirinsulaner.de\/index.php?rest_route=\/wp\/v2\/posts\/6597","targetHints":{"allow":["GET"]}}],"collection":[{"href":"https:\/\/wirinsulaner.de\/index.php?rest_route=\/wp\/v2\/posts"}],"about":[{"href":"https:\/\/wirinsulaner.de\/index.php?rest_route=\/wp\/v2\/types\/post"}],"author":[{"embeddable":true,"href":"https:\/\/wirinsulaner.de\/index.php?rest_route=\/wp\/v2\/users\/4"}],"replies":[{"embeddable":true,"href":"https:\/\/wirinsulaner.de\/index.php?rest_route=%2Fwp%2Fv2%2Fcomments&post=6597"}],"version-history":[{"count":2,"href":"https:\/\/wirinsulaner.de\/index.php?rest_route=\/wp\/v2\/posts\/6597\/revisions"}],"predecessor-version":[{"id":6600,"href":"https:\/\/wirinsulaner.de\/index.php?rest_route=\/wp\/v2\/posts\/6597\/revisions\/6600"}],"wp:featuredmedia":[{"embeddable":true,"href":"https:\/\/wirinsulaner.de\/index.php?rest_route=\/wp\/v2\/media\/6578"}],"wp:attachment":[{"href":"https:\/\/wirinsulaner.de\/index.php?rest_route=%2Fwp%2Fv2%2Fmedia&parent=6597"}],"wp:term":[{"taxonomy":"category","embeddable":true,"href":"https:\/\/wirinsulaner.de\/index.php?rest_route=%2Fwp%2Fv2%2Fcategories&post=6597"},{"taxonomy":"post_tag","embeddable":true,"href":"https:\/\/wirinsulaner.de\/index.php?rest_route=%2Fwp%2Fv2%2Ftags&post=6597"}],"curies":[{"name":"wp","href":"https:\/\/api.w.org\/{rel}","templated":true}]}}