{"id":6602,"date":"2026-04-28T13:44:42","date_gmt":"2026-04-28T11:44:42","guid":{"rendered":"https:\/\/wirinsulaner.de\/?p=6602"},"modified":"2026-04-23T13:49:27","modified_gmt":"2026-04-23T11:49:27","slug":"umstellung-der-steuerung-der-polleranlagen","status":"publish","type":"post","link":"https:\/\/wirinsulaner.de\/?p=6602","title":{"rendered":"Umstellung der Steuerung der Polleranlagen"},"content":{"rendered":"<p>[et_pb_section fb_built=&#8220;1&#8243; theme_builder_area=&#8220;post_content&#8220; _builder_version=&#8220;4.27.6&#8243; _module_preset=&#8220;default&#8220;][et_pb_row _builder_version=&#8220;4.27.6&#8243; _module_preset=&#8220;default&#8220; theme_builder_area=&#8220;post_content&#8220;][et_pb_column _builder_version=&#8220;4.27.6&#8243; _module_preset=&#8220;default&#8220; type=&#8220;4_4&#8243; theme_builder_area=&#8220;post_content&#8220;][et_pb_text _builder_version=&#8220;4.27.6&#8243; _module_preset=&#8220;default&#8220; theme_builder_area=&#8220;post_content&#8220; hover_enabled=&#8220;0&#8243; sticky_enabled=&#8220;0&#8243;]<\/p>\n<p><em>Stands\u00e4ule der Polleranlage in der K\u00f6nigstra\u00dfe\u00a0 \u00a0Foto: AmtFA Andreas Hansen<\/em><\/p>\n<p>Die deutschen Mobilfunknetzbetreiber haben damit begonnen, ihre Infrastruktur grundlegend zu modernisieren. In diesem Zusammenhang ergeben sich \u00c4nderungen, die auch Auswirkungen auf die Steuerung der Polleranlagen in Wyk haben, hei\u00dft es in einer Pressemitteilung.<\/p>\n<p>Zur Unterdr\u00fcckung von automatisiertem Spam setzen die Provider zunehmend Filter ein. Dabei werden insbesondere sehr kurze Anrufe ohne Gespr\u00e4chsaufbau \u2013 wie sie bislang zur Steuerung der Polleranlagen genutzt wurden \u2013 als potenzielles Sicherheitsrisiko oder als Fehlfunktion erkannt und entsprechend blockiert. <br \/>Zum 1. Mai wird somit das Absenken der Polleranlage per Anruf \u00fcber das Mobiltelefon nicht mehr funktionieren. Die Nutzung des Handsenders zur Ansteuerung der Anlage bleibt weiterhin uneingeschr\u00e4nkt m\u00f6glich. Als Alternative kann die Polleranlage \u00fcber die \u00bbMOBIPASS-Funktion\u00ab der \u00bbMy Intratone-App\u00ab von einem 4G-f\u00e4higen Handy weiterhin gesteuert werden. Hierf\u00fcr ist es erforderlich, die App zu installieren und die beim Ordnungsamt registrierte Rufnummer zu hinterlegen.<\/p>\n<p>[\/et_pb_text][\/et_pb_column][\/et_pb_row][\/et_pb_section]<\/p>\n","protected":false},"excerpt":{"rendered":"<p>Die deutschen Mobilfunknetzbetreiber haben damit begonnen, ihre Infrastruktur grundlegend zu modernisieren. In diesem Zusammenhang ergeben sich \u00c4nderungen, die auch Auswirkungen auf die Steuerung der Polleranlagen in Wyk haben, hei\u00dft es in einer Pressemitteilung.<\/p>\n","protected":false},"author":4,"featured_media":6577,"comment_status":"closed","ping_status":"open","sticky":false,"template":"","format":"standard","meta":{"_et_pb_use_builder":"on","_et_pb_old_content":"","_et_gb_content_width":"","footnotes":""},"categories":[16,5],"tags":[],"class_list":["post-6602","post","type-post","status-publish","format-standard","has-post-thumbnail","hentry","category-nachrichten","category-wyk"],"_links":{"self":[{"href":"https:\/\/wirinsulaner.de\/index.php?rest_route=\/wp\/v2\/posts\/6602","targetHints":{"allow":["GET"]}}],"collection":[{"href":"https:\/\/wirinsulaner.de\/index.php?rest_route=\/wp\/v2\/posts"}],"about":[{"href":"https:\/\/wirinsulaner.de\/index.php?rest_route=\/wp\/v2\/types\/post"}],"author":[{"embeddable":true,"href":"https:\/\/wirinsulaner.de\/index.php?rest_route=\/wp\/v2\/users\/4"}],"replies":[{"embeddable":true,"href":"https:\/\/wirinsulaner.de\/index.php?rest_route=%2Fwp%2Fv2%2Fcomments&post=6602"}],"version-history":[{"count":2,"href":"https:\/\/wirinsulaner.de\/index.php?rest_route=\/wp\/v2\/posts\/6602\/revisions"}],"predecessor-version":[{"id":6605,"href":"https:\/\/wirinsulaner.de\/index.php?rest_route=\/wp\/v2\/posts\/6602\/revisions\/6605"}],"wp:featuredmedia":[{"embeddable":true,"href":"https:\/\/wirinsulaner.de\/index.php?rest_route=\/wp\/v2\/media\/6577"}],"wp:attachment":[{"href":"https:\/\/wirinsulaner.de\/index.php?rest_route=%2Fwp%2Fv2%2Fmedia&parent=6602"}],"wp:term":[{"taxonomy":"category","embeddable":true,"href":"https:\/\/wirinsulaner.de\/index.php?rest_route=%2Fwp%2Fv2%2Fcategories&post=6602"},{"taxonomy":"post_tag","embeddable":true,"href":"https:\/\/wirinsulaner.de\/index.php?rest_route=%2Fwp%2Fv2%2Ftags&post=6602"}],"curies":[{"name":"wp","href":"https:\/\/api.w.org\/{rel}","templated":true}]}}