{"id":6606,"date":"2026-04-28T12:06:00","date_gmt":"2026-04-28T10:06:00","guid":{"rendered":"https:\/\/wirinsulaner.de\/?p=6606"},"modified":"2026-04-23T13:54:00","modified_gmt":"2026-04-23T11:54:00","slug":"der-44-foehr-cup-am-nieblumer-strand","status":"publish","type":"post","link":"https:\/\/wirinsulaner.de\/?p=6606","title":{"rendered":"Der 44. F\u00f6hr-Cup am Nieblumer Strand"},"content":{"rendered":"<p>[et_pb_section fb_built=&#8220;1&#8243; theme_builder_area=&#8220;post_content&#8220; _builder_version=&#8220;4.27.6&#8243; _module_preset=&#8220;default&#8220;][et_pb_row _builder_version=&#8220;4.27.6&#8243; _module_preset=&#8220;default&#8220; theme_builder_area=&#8220;post_content&#8220;][et_pb_column _builder_version=&#8220;4.27.6&#8243; _module_preset=&#8220;default&#8220; type=&#8220;4_4&#8243; theme_builder_area=&#8220;post_content&#8220;][et_pb_text _builder_version=&#8220;4.27.6&#8243; _module_preset=&#8220;default&#8220; theme_builder_area=&#8220;post_content&#8220; hover_enabled=&#8220;0&#8243; sticky_enabled=&#8220;0&#8243;]<\/p>\n<p><em>Dirk \u00bbH\u00fccki\u00ab H\u00fcckst\u00e4dt am Nieblumer Strand, wo der Abbau der 150 langen Buhne begonnen hat. \u00bbH\u00fccki\u00ab wei\u00df nun noch nicht, wie sich die Str\u00f6mungen in dem Wassersportrevier ohne die Buhne verhalten und steht dem eigentlich skeptisch gegen\u00fcber. \u00bbMal sehen, was passiert\u00ab, sagt er. Der Landesbetrieb f\u00fcr K\u00fcstenschutz, Nationalpark und Meeresschutz Schleswig-Holstein (LKN.SH) wird von Mitte Mai bis Ende August im Bereich Nieblum (Strand) und Goting-Kliff an der S\u00fcdk\u00fcste F\u00f6hrs auf einer L\u00e4nge von drei Kilometern rund 445.000 Kubikmeter Sand aufsp\u00fclen. Deshalb auch der R\u00fcckbau von zwei jeweils 150 Meter langen Buhnen, die f\u00fcr den K\u00fcstenschutz entbehrlich sind, wie es hei\u00dft. F\u00fcr den 13. Mai ist der erste Sp\u00fclsto\u00df geplant.<\/em><\/p>\n<p>Als Christa und Holger H\u00fcckst\u00e4dt 1977 am Strand von Nieblum eine Windsurfschule er\u00f6ffneten, war diese eine der ersten in ganz Deutschland. Und auch der F\u00f6hr-Cup \u2013 1981 zum ersten Mal veranstaltet \u2013 geh\u00f6rte damals zu den ersten Sportevents dieser Art. Vom Himmelfahrtstag bis Sonnabend, vom 14. bis zum 16. Mai, wird er nunmehr zum 44. Mal veranstaltet. Dies aber unter der Regie von Dirk H\u00fcckst\u00e4dt, der die Nieblumer Wassersportschule vor Jahren von seinen Eltern \u00fcbernahm und auch die Geschichte des F\u00f6hr-Cups kontinuierlich weiterschrieb. Nur in der Corona-Zeit ist er zwei Mal ausgefallen.<br \/>Der F\u00f6hr-Cup sei auf der Insel nicht nur ein einmaliges sportliches Highlight, sondern auch so eine Art Familientreffen, sagt Dirk H\u00fcckst\u00e4dt. Denn etliche Teilnehmer seien schon seit den 1980er Jahren dabei \u2013 neue nat\u00fcrlich immer wieder dazu- und dann wiedergekommen, wobei es sich anf\u00e4nglich vorwiegend um Einheimische gehandelt habe. Auf sie sei auch das Sportprogramm zugeschnitten und der F\u00f6hr-Cup am Himmelfahrtstag und am Sonnabend ausgefahren worden. \u00bbWar der Freitag auf der Insel doch ein ganz normaler Arbeitstag\u00ab, erkl\u00e4rt er.<br \/>Heute sind es nur noch eine Handvoll Insulaner, die meisten Teilnehmer kommen vom Festland und bleiben von Himmelfahrt bis zum Wochenende. Dennoch geht es freitags und sonnabends weiterhin um den F\u00f6hr-Cup im Slalom-Windsurfen: Am Donnerstag von 10.30 bis ungef\u00e4hr 13.30 Uhr und am Sonnabend von 12 bis etwa 15 Uhr. Den F\u00f6hr Cup erh\u00e4lt nicht der Sieger, sondern ist vorgesehen f\u00fcr den schnellsten Lauf. Wer den Wanderpokal drei Mal hintereinander gewinnt, kann ihn behalten. \u00bbDas hat aber noch keiner geschafft\u00ab, erz\u00e4hlt Dirk H\u00fcckst\u00e4dt. Am Freitag findet von 11.30 bis 14.30 Uhr das Stundenrennen statt. Hier gewinnt, wer in einer Stunde die meisten Runden geschafft hat.<br \/>Von Land aus ist das Sportgeschehen auf dem Wasser bestens zu beobachten. Weshalb auch die Zuschauer auf ihre Kosten kommen k\u00f6nnen. Es gibt einen Bierwagen, einen Grillstand und ein Zelt, in das man sich bei schlechterem Wetter zum Essen, Trinken und Kl\u00f6nen zur\u00fcckziehen kann.<\/p>\n<p>Anmelden zum F\u00f6hr-Cup kann man sich bis kurz vor Beginn der Sportveranstaltung bei Dirk H\u00fcckst\u00e4dt unter der Rufnummer 0171-8315546 oder unter huecki@nws-foehr.de per Mail.<\/p>\n<h2><strong>Save the dates<\/strong><\/h2>\n<p><strong>Am Sonnabend, 27. Juni, ab 18 Uhr,<\/strong><br \/>veranstaltet die Nieblumer Wassersportschule eine Schlagerparty mit Thomas Strelow, Dennis Berges und Kally Thomsen (in Anlehnung an die Schlagerpartys in der Nationalparkhalle).<\/p>\n<p><strong>Am Freitag, 24. Juli,<\/strong><br \/>tritt der F\u00f6hrer Singer-\/Songwriter Mattis Bodersen auf.<\/p>\n<p><strong>Am Freitag, 31. Juli,<\/strong><br \/>kommen zwei Mitglieder von \u00bbSnailshouse\u00ab aus der Pfalz. Viele k\u00f6nnen sich wahrscheinlich noch an die Auftritte der Gruppe in der ausverkauften Nieblumer Strandkorbhalle erinnern.<\/p>\n<p>Wir werden noch dar\u00fcber berichten.<\/p>\n<p>[\/et_pb_text][\/et_pb_column][\/et_pb_row][\/et_pb_section]<\/p>\n","protected":false},"excerpt":{"rendered":"<p>Als Christa und Holger H\u00fcckst\u00e4dt 1977 am Strand von Nieblum eine Windsurfschule er\u00f6ffneten, war diese eine der ersten in ganz Deutschland. Und auch der F\u00f6hr-Cup \u2013 1981 zum ersten Mal veranstaltet \u2013 geh\u00f6rte damals zu den ersten Sportevents dieser Art. Vom Himmelfahrtstag bis Sonnabend, vom 14. bis zum 16. Mai, wird er nunmehr zum 44. Mal veranstaltet. Dies aber unter der Regie von Dirk H\u00fcckst\u00e4dt, der die Nieblumer Wassersportschule vor Jahren von seinen Eltern \u00fcbernahm und auch die Geschichte des F\u00f6hr-Cups kontinuierlich weiterschrieb.<\/p>\n","protected":false},"author":2,"featured_media":6589,"comment_status":"closed","ping_status":"open","sticky":false,"template":"","format":"standard","meta":{"_et_pb_use_builder":"on","_et_pb_old_content":"","_et_gb_content_width":"","footnotes":""},"categories":[16,15],"tags":[],"class_list":["post-6606","post","type-post","status-publish","format-standard","has-post-thumbnail","hentry","category-nachrichten","category-nieblum"],"_links":{"self":[{"href":"https:\/\/wirinsulaner.de\/index.php?rest_route=\/wp\/v2\/posts\/6606","targetHints":{"allow":["GET"]}}],"collection":[{"href":"https:\/\/wirinsulaner.de\/index.php?rest_route=\/wp\/v2\/posts"}],"about":[{"href":"https:\/\/wirinsulaner.de\/index.php?rest_route=\/wp\/v2\/types\/post"}],"author":[{"embeddable":true,"href":"https:\/\/wirinsulaner.de\/index.php?rest_route=\/wp\/v2\/users\/2"}],"replies":[{"embeddable":true,"href":"https:\/\/wirinsulaner.de\/index.php?rest_route=%2Fwp%2Fv2%2Fcomments&post=6606"}],"version-history":[{"count":2,"href":"https:\/\/wirinsulaner.de\/index.php?rest_route=\/wp\/v2\/posts\/6606\/revisions"}],"predecessor-version":[{"id":6609,"href":"https:\/\/wirinsulaner.de\/index.php?rest_route=\/wp\/v2\/posts\/6606\/revisions\/6609"}],"wp:featuredmedia":[{"embeddable":true,"href":"https:\/\/wirinsulaner.de\/index.php?rest_route=\/wp\/v2\/media\/6589"}],"wp:attachment":[{"href":"https:\/\/wirinsulaner.de\/index.php?rest_route=%2Fwp%2Fv2%2Fmedia&parent=6606"}],"wp:term":[{"taxonomy":"category","embeddable":true,"href":"https:\/\/wirinsulaner.de\/index.php?rest_route=%2Fwp%2Fv2%2Fcategories&post=6606"},{"taxonomy":"post_tag","embeddable":true,"href":"https:\/\/wirinsulaner.de\/index.php?rest_route=%2Fwp%2Fv2%2Ftags&post=6606"}],"curies":[{"name":"wp","href":"https:\/\/api.w.org\/{rel}","templated":true}]}}