{"id":6611,"date":"2026-04-28T12:08:00","date_gmt":"2026-04-28T10:08:00","guid":{"rendered":"https:\/\/wirinsulaner.de\/?p=6611"},"modified":"2026-04-23T14:15:15","modified_gmt":"2026-04-23T12:15:15","slug":"veranstaltungen-in-der-stadtbuecherei","status":"publish","type":"post","link":"https:\/\/wirinsulaner.de\/?p=6611","title":{"rendered":"Veranstaltungen in der Stadtb\u00fccherei"},"content":{"rendered":"\n[et_pb_section fb_built=&#8220;1&#8243; theme_builder_area=&#8220;post_content&#8220; _builder_version=&#8220;4.27.6&#8243; _module_preset=&#8220;default&#8220;][et_pb_row _builder_version=&#8220;4.27.6&#8243; _module_preset=&#8220;default&#8220; theme_builder_area=&#8220;post_content&#8220;][et_pb_column _builder_version=&#8220;4.27.6&#8243; _module_preset=&#8220;default&#8220; type=&#8220;4_4&#8243; theme_builder_area=&#8220;post_content&#8220;][et_pb_text _builder_version=&#8220;4.27.6&#8243; _module_preset=&#8220;default&#8220; theme_builder_area=&#8220;post_content&#8220; hover_enabled=&#8220;0&#8243; sticky_enabled=&#8220;0&#8243;]<p><strong>Sonnabend, 9. Mai:<\/strong> <br \/>Gratis-Comic-Tag in der Stadtb\u00fccherei in Wyk, Mittelstra\u00dfe 33 (genauso wie bei \u00bbB\u00fccher &amp; Meehr\u00ab)<br \/><strong><br \/>Dienstag, 12. Mai,<\/strong> <br \/>18 bis 20 Uhr: <br \/>\u00bbStille Lesezeit\u00ab in der B\u00fccherei<br \/>Die \u00bbStille Lesezeit\u00ab l\u00e4dt dazu ein, den Alltag hinter sich zu lassen und in entspannter Atmosph\u00e4re gemeinsam zu lesen. Nach einer kurzen Einf\u00fchrung wird eine Zeit lang still gelesen \u2013 mit eigener oder ausgeliehener Lekt\u00fcre. Im Anschluss gibt es Raum f\u00fcr Austausch \u00fcber B\u00fccher, Genres und Leseeindr\u00fccke \u2013 ganz ungezwungen, wer mag. Bei Tee und Kaffee, in ruhiger Umgebung und ohne Verpflichtungen. Gemeinsam wird die \u00bbStille Lesezeit\u00ab organisiert von Stadtb\u00fccherei und VHS F\u00f6hr (weil Lesen verbindet). Die Teilnahme ist kostenfrei \u2013 eine kleine Spende f\u00fcr die Kaffeekasse ist willkommen. Eine Anmeldung ist nicht n\u00f6tig.<br \/><strong><br \/>Freitag, 15. Mai,<\/strong> <br \/>18.30 Uhr: <br \/>\u00bbStille Lesezeit\u00ab in der <br \/>B\u00fccherei<\/p>[\/et_pb_text][\/et_pb_column][\/et_pb_row][\/et_pb_section]\n","protected":false},"excerpt":{"rendered":"<p>Sonnabend, 9. Mai:<br \/>\nGratis-Comic-Tag in der Stadtb\u00fccherei in Wyk, Mittelstra\u00dfe 33 (genauso wie bei \u00bbB\u00fccher &#038; Meehr\u00ab)<\/p>\n","protected":false},"author":1,"featured_media":0,"comment_status":"closed","ping_status":"open","sticky":false,"template":"","format":"standard","meta":{"_et_pb_use_builder":"on","_et_pb_old_content":"","_et_gb_content_width":"","footnotes":""},"categories":[16,5],"tags":[],"class_list":["post-6611","post","type-post","status-publish","format-standard","hentry","category-nachrichten","category-wyk"],"_links":{"self":[{"href":"https:\/\/wirinsulaner.de\/index.php?rest_route=\/wp\/v2\/posts\/6611","targetHints":{"allow":["GET"]}}],"collection":[{"href":"https:\/\/wirinsulaner.de\/index.php?rest_route=\/wp\/v2\/posts"}],"about":[{"href":"https:\/\/wirinsulaner.de\/index.php?rest_route=\/wp\/v2\/types\/post"}],"author":[{"embeddable":true,"href":"https:\/\/wirinsulaner.de\/index.php?rest_route=\/wp\/v2\/users\/1"}],"replies":[{"embeddable":true,"href":"https:\/\/wirinsulaner.de\/index.php?rest_route=%2Fwp%2Fv2%2Fcomments&post=6611"}],"version-history":[{"count":3,"href":"https:\/\/wirinsulaner.de\/index.php?rest_route=\/wp\/v2\/posts\/6611\/revisions"}],"predecessor-version":[{"id":6640,"href":"https:\/\/wirinsulaner.de\/index.php?rest_route=\/wp\/v2\/posts\/6611\/revisions\/6640"}],"wp:attachment":[{"href":"https:\/\/wirinsulaner.de\/index.php?rest_route=%2Fwp%2Fv2%2Fmedia&parent=6611"}],"wp:term":[{"taxonomy":"category","embeddable":true,"href":"https:\/\/wirinsulaner.de\/index.php?rest_route=%2Fwp%2Fv2%2Fcategories&post=6611"},{"taxonomy":"post_tag","embeddable":true,"href":"https:\/\/wirinsulaner.de\/index.php?rest_route=%2Fwp%2Fv2%2Ftags&post=6611"}],"curies":[{"name":"wp","href":"https:\/\/api.w.org\/{rel}","templated":true}]}}