{"id":6615,"date":"2026-04-28T12:06:00","date_gmt":"2026-04-28T10:06:00","guid":{"rendered":"https:\/\/wirinsulaner.de\/?p=6615"},"modified":"2026-04-23T13:58:41","modified_gmt":"2026-04-23T11:58:41","slug":"schatten-ueber-foehr-von-cornelia-haertl","status":"publish","type":"post","link":"https:\/\/wirinsulaner.de\/?p=6615","title":{"rendered":"\u00bbSchatten \u00fcber F\u00f6hr\u00ab von Cornelia H\u00e4rtl"},"content":{"rendered":"<p>[et_pb_section fb_built=&#8220;1&#8243; _builder_version=&#8220;4.27.6&#8243; _module_preset=&#8220;default&#8220; global_colors_info=&#8220;{}&#8220;][et_pb_row _builder_version=&#8220;4.27.6&#8243; _module_preset=&#8220;default&#8220; global_colors_info=&#8220;{}&#8220;][et_pb_column type=&#8220;4_4&#8243; _builder_version=&#8220;4.27.6&#8243; _module_preset=&#8220;default&#8220; global_colors_info=&#8220;{}&#8220;][et_pb_text _builder_version=&#8220;4.27.6&#8243; _module_preset=&#8220;default&#8220; global_colors_info=&#8220;{}&#8220;]<\/p>\n<p>\u00bbSchatten \u00fcber F\u00f6hr\u00ab ist das vierte Buch in der F\u00f6hrkrimi-Reihe von Cornelia H\u00e4rtl. Im Zentrum auch dieser Geschichte steht Kari L\u00fcrsen, eine Ermittlerin, die ihre Wurzeln auf F\u00f6hr hat und die rational und ergebnisorientiert arbeitet, dabei stets menschlich nahbar und gef\u00fchlvoll bleibt. Am Freitag, 8. Mai, 19 Uhr, wird die Autorin in der Wyker Stadtb\u00fccherei aus ihrem neuen Buch lesen. Am n\u00e4chsten Tag, am Sonnabend, 9. Mai, 11 bis 12 Uhr, gibt es eine Signierstunde in der \u00bbWyker Buchhandlung\u00ab in der Mittelstra\u00dfe in Wyk.<\/p>\n<p>Mit ihren atmosph\u00e4risch dichten K\u00fcstenkrimis entf\u00fchrt Cornelia H\u00e4rtl ihre Leserinnen und Leser nach F\u00f6hr \u2013 dorthin, wie sie sagt, eine idyllische Landschaft und die sozialen Strukturen einer \u00fcberschaubaren Gemeinschaft die B\u00fchne f\u00fcr die spannende Ermittlungen ihrer fiktiven F\u00e4lle bieten w\u00fcrden. Um das m\u00f6glichst authentisch zu beschreiben, reist die Autorin immer wieder selbst gern auf die Insel. Im j\u00fcngst erschienenen Band \u00bbSchatten \u00fcber F\u00f6hr\u00ab bekommt Kari L\u00fcrsen nicht nur einen schwierigen Fall \u00fcbertragen: Ein kleines M\u00e4dchen wurde in einem Waldst\u00fcck get\u00f6tet. An ihrer Seite ermittelt auch zum ersten Mal ein neuer Kollege. Sebastian Kuhl ist ein begabter Polizist, aber nicht gerade als perfekter Teamplayer bekannt. Der f\u00fcnfte Krimi um Kari L\u00fcrsen wird im Sommer dieses Jahres ver\u00f6ffentlicht. Ein weiterer Band ist f\u00fcr den Jahreswechsel geplant.<\/p>\n<p>Cornelia H\u00e4rtl ist in S\u00fcddeutschland aufgewachsen und hat zun\u00e4chst eine Ausbildung zur Hotelkauffrau und sp\u00e4ter ein Studium der Betriebswirtschaft absolviert. Sie war viele Jahre in der First-Class-Hotellerie in Leitungsfunktionen im Marketing sowie bei der Entwicklung und Durchf\u00fchrung gro\u00dfer sozialer Projekte und als Autorin von Fachartikeln t\u00e4tig. Seit 2010 widmet sie sich ganz dem Schreiben und ver\u00f6ffentlicht Romane und Kurzgeschichten. Mit ihrem Mann, dem Schriftsteller Wolf-Ingo H\u00e4rtl, lebt sie im hessischen Langen.<\/p>\n<p>[\/et_pb_text][et_pb_image src=&#8220;https:\/\/wirinsulaner.de\/wp-content\/uploads\/2026\/04\/Cornelia-Haertl-Schatten-ueber-Foehr-Cover.jpg&#8220; _builder_version=&#8220;4.27.6&#8243; _module_preset=&#8220;default&#8220; title_text=&#8220;Cornelia H\u00e4rtl &#8211; Schatten \u00fcber F\u00f6hr &#8211; Cover&#8220; hover_enabled=&#8220;0&#8243; sticky_enabled=&#8220;0&#8243;][\/et_pb_image][\/et_pb_column][\/et_pb_row][\/et_pb_section]<\/p>\n","protected":false},"excerpt":{"rendered":"<p>\u00bbSchatten \u00fcber F\u00f6hr\u00ab ist das vierte Buch in der F\u00f6hrkrimi-Reihe von Cornelia H\u00e4rtl. Im Zentrum auch dieser Geschichte steht Kari L\u00fcrsen, eine Ermittlerin, die ihre Wurzeln auf F\u00f6hr hat und die rational und ergebnisorientiert arbeitet, dabei stets menschlich nahbar und gef\u00fchlvoll bleibt. Am Freitag, 8. Mai, 19 Uhr, wird die Autorin in der Wyker Stadtb\u00fccherei [&hellip;]<\/p>\n","protected":false},"author":4,"featured_media":0,"comment_status":"closed","ping_status":"open","sticky":false,"template":"","format":"standard","meta":{"_et_pb_use_builder":"on","_et_pb_old_content":"","_et_gb_content_width":"","footnotes":""},"categories":[16,5],"tags":[],"class_list":["post-6615","post","type-post","status-publish","format-standard","hentry","category-nachrichten","category-wyk"],"_links":{"self":[{"href":"https:\/\/wirinsulaner.de\/index.php?rest_route=\/wp\/v2\/posts\/6615","targetHints":{"allow":["GET"]}}],"collection":[{"href":"https:\/\/wirinsulaner.de\/index.php?rest_route=\/wp\/v2\/posts"}],"about":[{"href":"https:\/\/wirinsulaner.de\/index.php?rest_route=\/wp\/v2\/types\/post"}],"author":[{"embeddable":true,"href":"https:\/\/wirinsulaner.de\/index.php?rest_route=\/wp\/v2\/users\/4"}],"replies":[{"embeddable":true,"href":"https:\/\/wirinsulaner.de\/index.php?rest_route=%2Fwp%2Fv2%2Fcomments&post=6615"}],"version-history":[{"count":4,"href":"https:\/\/wirinsulaner.de\/index.php?rest_route=\/wp\/v2\/posts\/6615\/revisions"}],"predecessor-version":[{"id":6619,"href":"https:\/\/wirinsulaner.de\/index.php?rest_route=\/wp\/v2\/posts\/6615\/revisions\/6619"}],"wp:attachment":[{"href":"https:\/\/wirinsulaner.de\/index.php?rest_route=%2Fwp%2Fv2%2Fmedia&parent=6615"}],"wp:term":[{"taxonomy":"category","embeddable":true,"href":"https:\/\/wirinsulaner.de\/index.php?rest_route=%2Fwp%2Fv2%2Fcategories&post=6615"},{"taxonomy":"post_tag","embeddable":true,"href":"https:\/\/wirinsulaner.de\/index.php?rest_route=%2Fwp%2Fv2%2Ftags&post=6615"}],"curies":[{"name":"wp","href":"https:\/\/api.w.org\/{rel}","templated":true}]}}