{"id":6620,"date":"2026-04-28T12:08:00","date_gmt":"2026-04-28T10:08:00","guid":{"rendered":"https:\/\/wirinsulaner.de\/?p=6620"},"modified":"2026-04-23T14:02:12","modified_gmt":"2026-04-23T12:02:12","slug":"1-000-euro-fuer-die-inseljugendfeuerwehr","status":"publish","type":"post","link":"https:\/\/wirinsulaner.de\/?p=6620","title":{"rendered":"1.000 Euro f\u00fcr die Inseljugendfeuerwehr"},"content":{"rendered":"<p>[et_pb_section fb_built=&#8220;1&#8243; theme_builder_area=&#8220;post_content&#8220; _builder_version=&#8220;4.27.6&#8243; _module_preset=&#8220;default&#8220;][et_pb_row _builder_version=&#8220;4.27.6&#8243; _module_preset=&#8220;default&#8220; theme_builder_area=&#8220;post_content&#8220;][et_pb_column _builder_version=&#8220;4.27.6&#8243; _module_preset=&#8220;default&#8220; type=&#8220;4_4&#8243; theme_builder_area=&#8220;post_content&#8220;][et_pb_text _builder_version=&#8220;4.27.6&#8243; _module_preset=&#8220;default&#8220; theme_builder_area=&#8220;post_content&#8220; hover_enabled=&#8220;0&#8243; sticky_enabled=&#8220;0&#8243;]<\/p>\n<p><em>\u00dcbergabe des symbolischen Schecks. Das Foto zeigt von links: Thorsten Tramm vom \u00bbGreenpark\u00ab, Nadja Rudolph und Maskottchen vom \u00bbInselm\u00f6belhaus\u00ab, Berit Jachmich von \u00bbhoch im norden\u00ab, Bjarne Hinrichsen, Fiete Martens und Frode Stemmer von der Borgsumer Jugendfeuerwehr, dahinter Wyks Jugendwart Markus Lindemann und Inseljugendfeuerwehrwart Stefan Hinrichsen.<\/em><\/p>\n<p>Nach dem gro\u00dfen Premieren-Erfolg wurde im Dezember vergangenen Jahres im \u00bbGreenpark F\u00f6hr\u00ab das zweite Winterevent unter dem Motto \u00bbGreenpark ahoi\u00ab erfolgreich veranstaltet. Der Weihnachtsmann war da, die Musikfreunde F\u00f6hr-West spielten auf und Bratwurst, Punsch und F\u00f6hrer Popcorn fanden rei\u00dfenden Absatz. Auch die Insel-Jugendfeuerwehr stellte sich vor.<\/p>\n<p>Wie angek\u00fcndigt, sollte der Gewinn aus Essen und Trinken wieder einem guten Zweck zugutekommen. Von dem \u00dcberschuss in H\u00f6he von insgesamt 2.500 Euro gingen jetzt 1.000 Euro an die Inseljugendfeuerwehr. Wie Inseljugendfeuerwehrwart Stefan Hinrichsen bei der \u00dcbergabe des Geldes sagte, flie\u00dft diese Summe nun in die allgemeine Jugendarbeit der Jugendfeuerwehr ein. Was mit den restlichen 1.500 Euro geschieht, war bei Redaktionsschluss noch nicht v\u00f6llig spruchreif. Auf jeden Fall sind sie ebenfalls f\u00fcr die Allgemeinheit gedacht.<\/p>\n<p>[\/et_pb_text][\/et_pb_column][\/et_pb_row][\/et_pb_section]<\/p>\n","protected":false},"excerpt":{"rendered":"<p>Nach dem gro\u00dfen Premieren-Erfolg wurde im Dezember vergangenen Jahres im \u00bbGreenpark F\u00f6hr\u00ab das zweite Winterevent unter dem Motto \u00bbGreenpark ahoi\u00ab erfolgreich veranstaltet. Der Weihnachtsmann war da, die Musikfreunde F\u00f6hr-West spielten auf und Bratwurst, Punsch und F\u00f6hrer Popcorn fanden rei\u00dfenden Absatz. Auch die Insel-Jugendfeuerwehr stellte sich vor.<\/p>\n","protected":false},"author":2,"featured_media":6588,"comment_status":"closed","ping_status":"open","sticky":false,"template":"","format":"standard","meta":{"_et_pb_use_builder":"on","_et_pb_old_content":"","_et_gb_content_width":"","footnotes":""},"categories":[16,5],"tags":[],"class_list":["post-6620","post","type-post","status-publish","format-standard","has-post-thumbnail","hentry","category-nachrichten","category-wyk"],"_links":{"self":[{"href":"https:\/\/wirinsulaner.de\/index.php?rest_route=\/wp\/v2\/posts\/6620","targetHints":{"allow":["GET"]}}],"collection":[{"href":"https:\/\/wirinsulaner.de\/index.php?rest_route=\/wp\/v2\/posts"}],"about":[{"href":"https:\/\/wirinsulaner.de\/index.php?rest_route=\/wp\/v2\/types\/post"}],"author":[{"embeddable":true,"href":"https:\/\/wirinsulaner.de\/index.php?rest_route=\/wp\/v2\/users\/2"}],"replies":[{"embeddable":true,"href":"https:\/\/wirinsulaner.de\/index.php?rest_route=%2Fwp%2Fv2%2Fcomments&post=6620"}],"version-history":[{"count":2,"href":"https:\/\/wirinsulaner.de\/index.php?rest_route=\/wp\/v2\/posts\/6620\/revisions"}],"predecessor-version":[{"id":6623,"href":"https:\/\/wirinsulaner.de\/index.php?rest_route=\/wp\/v2\/posts\/6620\/revisions\/6623"}],"wp:featuredmedia":[{"embeddable":true,"href":"https:\/\/wirinsulaner.de\/index.php?rest_route=\/wp\/v2\/media\/6588"}],"wp:attachment":[{"href":"https:\/\/wirinsulaner.de\/index.php?rest_route=%2Fwp%2Fv2%2Fmedia&parent=6620"}],"wp:term":[{"taxonomy":"category","embeddable":true,"href":"https:\/\/wirinsulaner.de\/index.php?rest_route=%2Fwp%2Fv2%2Fcategories&post=6620"},{"taxonomy":"post_tag","embeddable":true,"href":"https:\/\/wirinsulaner.de\/index.php?rest_route=%2Fwp%2Fv2%2Ftags&post=6620"}],"curies":[{"name":"wp","href":"https:\/\/api.w.org\/{rel}","templated":true}]}}