{"id":6624,"date":"2026-04-28T12:10:00","date_gmt":"2026-04-28T10:10:00","guid":{"rendered":"https:\/\/wirinsulaner.de\/?p=6624"},"modified":"2026-04-23T14:06:27","modified_gmt":"2026-04-23T12:06:27","slug":"eine-gewaltige-resonanz-auf-den-gartentag","status":"publish","type":"post","link":"https:\/\/wirinsulaner.de\/?p=6624","title":{"rendered":"Eine gewaltige Resonanz auf den Gartentag"},"content":{"rendered":"<p>[et_pb_section fb_built=&#8220;1&#8243; theme_builder_area=&#8220;post_content&#8220; _builder_version=&#8220;4.27.6&#8243; _module_preset=&#8220;default&#8220;][et_pb_row _builder_version=&#8220;4.27.6&#8243; _module_preset=&#8220;default&#8220; theme_builder_area=&#8220;post_content&#8220;][et_pb_column _builder_version=&#8220;4.27.6&#8243; _module_preset=&#8220;default&#8220; type=&#8220;4_4&#8243; theme_builder_area=&#8220;post_content&#8220;][et_pb_text _builder_version=&#8220;4.27.6&#8243; _module_preset=&#8220;default&#8220; theme_builder_area=&#8220;post_content&#8220; hover_enabled=&#8220;0&#8243; sticky_enabled=&#8220;0&#8243;]<\/p>\n<p><em>Ausgelassenes Toben auf der H\u00fcpfburg<\/em><\/p>\n<p>2010 zum allerersten Mal veranstaltet, erfreute sich der Gartentag von \u00bbC.G. Christiansen\u00ab im Wyker Gewerbegebiet Jahr f\u00fcr Jahr einer gro\u00dfen Beliebtheit. Nach einer durch die Bauma\u00dfnahmen zwangsbedingten Pause, wurde er im Holz- und Baustoffzentrum sowie dem neuen Baumarkt \u00bbhagebau kompakt F\u00f6hr\u00ab nun wieder zu neuem Leben erweckt. \u00bbBesonders in der Zeit von 11 bis 12 Uhr gab es einen Zulauf, der fast so gewaltig war wie zur Neuer\u00f6ffnung des Baumarkts im Oktober\u00ab, freute sich Baumarktleiter Thies Kr\u00fcger. Sehr viele Kunden seien den ganzen Tag \u00fcber aber nicht nur wegen des Rabattangebots gekommen, sondern auch um Leute zu treffen und nette Gespr\u00e4che zu f\u00fchren. <br \/>F\u00fcr das leibliche Wohl hatte wie immer ein Verein mit k\u00fchlen Getr\u00e4nken und Grillwurst zugunsten der Vereinskasse gesorgt. Diese Mal war es der Kleing\u00e4rtnerverein, der ebenfalls begeistert war von dem gro\u00dfen Zuspruch. Auf einer gro\u00dfen H\u00fcpfburg konnten sich die Kinder austoben. F\u00fcr sie gab es au\u00dferdem Waffeln und eine Schminkecke. Die Tombola des Vereins Borigsem Oterbaankin war erneut mit vielen attraktiven Gewinnen best\u00fcckt.<\/p>\n<p>Mit Primeln, Hyazinthen und Narzissen konnte der Fr\u00fchling in den Garten gebracht werden. Auch das Neueste im Gartenm\u00f6belbereich wurde pr\u00e4sentiert \u2013 wie in der neuen Innenausstellung von \u00bbC.G. Christiansen\u00ab Fliesen, Parkett und sonstige Boden- und Wandbel\u00e4ge. \u00bbDer neueste Trend sind Wandfliesen, die immer gr\u00f6\u00dfer werden \u2013 von 60 x 120 bis hin zu 120 x 280 Zentimetern\u00ab, so C.G.-Mitarbeiter Jens Petersen. Also wandhoch! Diese Fliesen fanden das Interesse der Kundinnen und Kunden ebenso wie die Materialien f\u00fcr den Au\u00dfenbereich, wie die Terrassendielen in verschiedenen Holzarten und auch die Keramik- und Natursteinplatten. Nach einem sch\u00f6nen Einkaufstag wurden also auch dieses Mal wieder viele Anregungen und Informationen mit nach Hause genommen.<\/p>\n<p>[\/et_pb_text][et_pb_gallery _builder_version=&#8220;4.27.6&#8243; _module_preset=&#8220;default&#8220; theme_builder_area=&#8220;post_content&#8220; gallery_ids=&#8220;6582,6586,6581,6585,6584,6587,6580&#8243; posts_number=&#8220;7&#8243; show_title_and_caption=&#8220;off&#8220; show_pagination=&#8220;off&#8220; hover_enabled=&#8220;0&#8243; sticky_enabled=&#8220;0&#8243;][\/et_pb_gallery][\/et_pb_column][\/et_pb_row][\/et_pb_section]<\/p>\n","protected":false},"excerpt":{"rendered":"<p>2010 zum allerersten Mal veranstaltet, erfreute sich der Gartentag von \u00bbC.G. Christiansen\u00ab im Wyker Gewerbegebiet Jahr f\u00fcr Jahr einer gro\u00dfen Beliebtheit. Nach einer durch die Bauma\u00dfnahmen zwangsbedingten Pause, wurde er im Holz- und Baustoffzentrum sowie dem neuen Baumarkt \u00bbhagebau kompakt F\u00f6hr\u00ab nun wieder zu neuem Leben erweckt. <\/p>\n","protected":false},"author":2,"featured_media":6583,"comment_status":"closed","ping_status":"open","sticky":false,"template":"","format":"standard","meta":{"_et_pb_use_builder":"on","_et_pb_old_content":"","_et_gb_content_width":"","footnotes":""},"categories":[16,5],"tags":[],"class_list":["post-6624","post","type-post","status-publish","format-standard","has-post-thumbnail","hentry","category-nachrichten","category-wyk"],"_links":{"self":[{"href":"https:\/\/wirinsulaner.de\/index.php?rest_route=\/wp\/v2\/posts\/6624","targetHints":{"allow":["GET"]}}],"collection":[{"href":"https:\/\/wirinsulaner.de\/index.php?rest_route=\/wp\/v2\/posts"}],"about":[{"href":"https:\/\/wirinsulaner.de\/index.php?rest_route=\/wp\/v2\/types\/post"}],"author":[{"embeddable":true,"href":"https:\/\/wirinsulaner.de\/index.php?rest_route=\/wp\/v2\/users\/2"}],"replies":[{"embeddable":true,"href":"https:\/\/wirinsulaner.de\/index.php?rest_route=%2Fwp%2Fv2%2Fcomments&post=6624"}],"version-history":[{"count":2,"href":"https:\/\/wirinsulaner.de\/index.php?rest_route=\/wp\/v2\/posts\/6624\/revisions"}],"predecessor-version":[{"id":6627,"href":"https:\/\/wirinsulaner.de\/index.php?rest_route=\/wp\/v2\/posts\/6624\/revisions\/6627"}],"wp:featuredmedia":[{"embeddable":true,"href":"https:\/\/wirinsulaner.de\/index.php?rest_route=\/wp\/v2\/media\/6583"}],"wp:attachment":[{"href":"https:\/\/wirinsulaner.de\/index.php?rest_route=%2Fwp%2Fv2%2Fmedia&parent=6624"}],"wp:term":[{"taxonomy":"category","embeddable":true,"href":"https:\/\/wirinsulaner.de\/index.php?rest_route=%2Fwp%2Fv2%2Fcategories&post=6624"},{"taxonomy":"post_tag","embeddable":true,"href":"https:\/\/wirinsulaner.de\/index.php?rest_route=%2Fwp%2Fv2%2Ftags&post=6624"}],"curies":[{"name":"wp","href":"https:\/\/api.w.org\/{rel}","templated":true}]}}